{"id":13556,"date":"2025-01-20T16:54:49","date_gmt":"2025-01-20T16:54:49","guid":{"rendered":"https:\/\/entrenotasyacordes.com\/?p=13556"},"modified":"2025-01-20T16:54:50","modified_gmt":"2025-01-20T16:54:50","slug":"fito-paez-conquista-el-zocalo-de-ciudad-de-mexico-con-historica-presentacion","status":"publish","type":"post","link":"https:\/\/entrenotasyacordes.com\/?p=13556","title":{"rendered":"FITO PAEZ CONQUISTA EL Z\u00d3CALO DE CIUDAD DE M\u00c9XICO CON HIST\u00d3RICA PRESENTACI\u00d3N"},"content":{"rendered":"\n<!--more-->\n\n\n<div class=\"wp-block-image\">\n<figure class=\"aligncenter size-full is-resized\"><img loading=\"lazy\" decoding=\"async\" width=\"1440\" height=\"963\" src=\"https:\/\/entrenotasyacordes.com\/wp-content\/uploads\/2025\/01\/11bb.jpg\" alt=\"\" class=\"wp-image-13558\" style=\"width:799px;height:auto\" srcset=\"https:\/\/entrenotasyacordes.com\/wp-content\/uploads\/2025\/01\/11bb.jpg 1440w, https:\/\/entrenotasyacordes.com\/wp-content\/uploads\/2025\/01\/11bb-300x200.jpg 300w, https:\/\/entrenotasyacordes.com\/wp-content\/uploads\/2025\/01\/11bb-1024x685.jpg 1024w, https:\/\/entrenotasyacordes.com\/wp-content\/uploads\/2025\/01\/11bb-768x514.jpg 768w\" sizes=\"auto, (max-width: 1440px) 100vw, 1440px\" \/><figcaption class=\"wp-element-caption\">ph @tragaluzav @chuchotragaluz<\/figcaption><\/figure>\n<\/div>\n\n\n<p><strong>Fito Paez<\/strong>,\u00a0 uno de los \u00edconos del rock en espa\u00f1ol, se reencuentra con la Ciudad de M\u00e9xico en una hist\u00f3rica presentaci\u00f3n desde la plancha del Z\u00f3calo capitalino, ante decenas de miles de espectadores.<\/p>\n\n\n\n<p>El astro argentino tom\u00f3 el escenario sobre las 8 de la noche, hora local, y fue recibido con euforia por los m\u00e1s de 80.000 asistentes apostados en el lugar desde tempranas horas del s\u00e1bado.\u00a0<\/p>\n\n\n\n<p><em>\u201cQu\u00e9 hermosura estar esta noche aqu\u00ed. \u00a1Qu\u00e9 gran honor, M\u00e9xico! Por favor, ahorren energ\u00edas, que las van a necesitar\u201d<\/em>, con estas palabras Fito Paez dio inicio a la esperada velada.\u00a0<\/p>\n\n\n\n<p>La multitudinaria audiencia celebr\u00f3 al cantante en lo que es el primer concierto gratuito del a\u00f1o en el Z\u00f3calo, coreando cada uno de los 17 temas interpretados por el cantautor, y agradeciendo\u00a0al int\u00e9rprete con una emotiva ovaci\u00f3n de dos minutos de duraci\u00f3n.\u00a0<\/p>\n\n\n\n<p>Fito Paez abri\u00f3 la noche con un himno del rock argentino: \u201cEl amor despu\u00e9s del amor\u201d e hizo un recorrido musical a lo largo de su extenso repertorio, interpretando \u00e9xitos como \u201c11 y 6\u201d, \u201cDar es dar\u201d, \u201cMariposa tecknicolor\u201d y \u201cVengo a ofrecer mi coraz\u00f3n\u201d, entre otros.<\/p>\n\n\n\n<p>Las bandas El Juguete Rabioso y Rey Pila fueron los teloneros oficiales del evento, deleitando a la audiencia con algunos de los temas de sus exitosas carreras.<\/p>\n\n\n\n<p>Una banda de nueve m\u00fasicos acompa\u00f1\u00f3 al argentino en la monumental tarima: Diego Olivero (bajo, teclado y coros), Gast\u00f3n Baremberg (bater\u00eda), Juan Absatz (voz, teclados y coros), Juani Ag\u00fcero (guitarra y coros), Vandera (voz, guitarra, teclados y coros), Emme (voz y coros), y la secci\u00f3n de vientos Sudestada Horns conformada por Ervin Stutz (trompeta y flugelhorn), Alejo von der Pahlen (saxo alto y saxo tenor) y Santiago Ben\u00edtez (tromb\u00f3n).<\/p>\n\n\n\n<p>La serie de conciertos, que se realiza desde hace m\u00e1s de 25 a\u00f1os, destaca como uno de los momentos culturales m\u00e1s comentados en M\u00e9xico y a nivel internacional anualmente.<\/p>\n\n\n\n<p>La plancha del Z\u00f3calo ha recibido a estrellas de la talla de Caf\u00e9 Tacvba, Paul McCartney, Justin Bieber, Rosal\u00eda, Interpol, Julieta Venegas, Banda MS, Vicente Fern\u00e1ndez, Grupo Firme y Los Fabulosos Cadillacs, entre otros, congregando a cientos de miles de asistentes.<\/p>\n\n\n\n<p>Fito Paez continuar\u00e1 su gira \u201cEl amor despu\u00e9s del amor\u201d con dos presentaciones en el m\u00edtico Auditorio Nacional de M\u00e9xico: el 20 de enero (agotado) y el 21 de enero. Posteriormente, el astro argentino se presentar\u00e1 en el Auditorio Telmex de Guadalajara el domingo 26 de enero.<\/p>\n\n\n\n<p>A finales de enero, Fito Paez dar\u00e1 a conocer el primer sencillo de su esperado pr\u00f3ximo disco, Novela, cuyo lanzamiento est\u00e1 previsto para marzo.<\/p>\n\n\n\n<p class=\"has-text-align-center\"><strong>Setlist:\u00a0<\/strong><br>1- EL AMOR DESPU\u00c9S DEL AMOR<br>2- DOS D\u00cdAS EN LA VIDA<br>3- TR\u00c1FICO POR KATMAND\u00da<br>4- 11 Y 6<br>5- YO VENGO A OFRECER MI CORAZ\u00d3N<br>6- CADAVER EXQUISITO<br>7- UN VESTIDO Y UN AMOR<br>8- TUMBAS DE LA GLORIA<br>9- NATURALEZA SANGRE<br>10- A LADO DEL CAMINO<br>11- CIRCO BEAT<br>12- BRILLANTE SOBRE EL MIC<br>13- CIUDAD DE POBRES CORAZONES<br>14- A RODAR<br>15- DAR ES DAR<br>16- MARIPOSA TECKNICOLOR<br>17- Y DALE ALEGRIA<\/p>\n\n\n<div class=\"wp-block-image\">\n<figure class=\"aligncenter size-full\"><img loading=\"lazy\" decoding=\"async\" width=\"1440\" height=\"963\" src=\"https:\/\/entrenotasyacordes.com\/wp-content\/uploads\/2025\/01\/11bbb.jpg\" alt=\"\" class=\"wp-image-13559\" srcset=\"https:\/\/entrenotasyacordes.com\/wp-content\/uploads\/2025\/01\/11bbb.jpg 1440w, https:\/\/entrenotasyacordes.com\/wp-content\/uploads\/2025\/01\/11bbb-300x200.jpg 300w, https:\/\/entrenotasyacordes.com\/wp-content\/uploads\/2025\/01\/11bbb-1024x685.jpg 1024w, https:\/\/entrenotasyacordes.com\/wp-content\/uploads\/2025\/01\/11bbb-768x514.jpg 768w\" sizes=\"auto, (max-width: 1440px) 100vw, 1440px\" \/><figcaption class=\"wp-element-caption\">ph @@tragaluzav @chuchotragaluz<\/figcaption><\/figure>\n<\/div>\n\n\n<p class=\"has-text-align-left\"><\/p>\n\n\n\n<p><\/p>\n","protected":false},"excerpt":{"rendered":"","protected":false},"author":5,"featured_media":13557,"comment_status":"open","ping_status":"open","sticky":false,"template":"","format":"standard","meta":{"om_disable_all_campaigns":false,"_uf_show_specific_survey":0,"_uf_disable_surveys":false,"footnotes":""},"categories":[34],"tags":[],"class_list":["post-13556","post","type-post","status-publish","format-standard","has-post-thumbnail","hentry","category-ultimas-noticias"],"_links":{"self":[{"href":"https:\/\/entrenotasyacordes.com\/index.php?rest_route=\/wp\/v2\/posts\/13556","targetHints":{"allow":["GET"]}}],"collection":[{"href":"https:\/\/entrenotasyacordes.com\/index.php?rest_route=\/wp\/v2\/posts"}],"about":[{"href":"https:\/\/entrenotasyacordes.com\/index.php?rest_route=\/wp\/v2\/types\/post"}],"author":[{"embeddable":true,"href":"https:\/\/entrenotasyacordes.com\/index.php?rest_route=\/wp\/v2\/users\/5"}],"replies":[{"embeddable":true,"href":"https:\/\/entrenotasyacordes.com\/index.php?rest_route=%2Fwp%2Fv2%2Fcomments&post=13556"}],"version-history":[{"count":1,"href":"https:\/\/entrenotasyacordes.com\/index.php?rest_route=\/wp\/v2\/posts\/13556\/revisions"}],"predecessor-version":[{"id":13560,"href":"https:\/\/entrenotasyacordes.com\/index.php?rest_route=\/wp\/v2\/posts\/13556\/revisions\/13560"}],"wp:featuredmedia":[{"embeddable":true,"href":"https:\/\/entrenotasyacordes.com\/index.php?rest_route=\/wp\/v2\/media\/13557"}],"wp:attachment":[{"href":"https:\/\/entrenotasyacordes.com\/index.php?rest_route=%2Fwp%2Fv2%2Fmedia&parent=13556"}],"wp:term":[{"taxonomy":"category","embeddable":true,"href":"https:\/\/entrenotasyacordes.com\/index.php?rest_route=%2Fwp%2Fv2%2Fcategories&post=13556"},{"taxonomy":"post_tag","embeddable":true,"href":"https:\/\/entrenotasyacordes.com\/index.php?rest_route=%2Fwp%2Fv2%2Ftags&post=13556"}],"curies":[{"name":"wp","href":"https:\/\/api.w.org\/{rel}","templated":true}]}}