{"id":13561,"date":"2025-01-20T17:16:42","date_gmt":"2025-01-20T17:16:42","guid":{"rendered":"https:\/\/entrenotasyacordes.com\/?p=13561"},"modified":"2025-01-20T17:16:43","modified_gmt":"2025-01-20T17:16:43","slug":"llega-mardelpop-2025-el-festival-mas-esperado-del-verano-marplatense-7-y-8-de-febrero-en-brewhouse-puerto","status":"publish","type":"post","link":"https:\/\/entrenotasyacordes.com\/?p=13561","title":{"rendered":"\u00a1Llega MARDELPOP 2025! El festival m\u00e1s esperado del verano marplatense &#8211; 7 y 8 de FEBRERO en BREWHOUSE PUERTO"},"content":{"rendered":"\n<!--more-->\n\n\n\n<p class=\"has-text-align-center\">\u00a1Un cl\u00e1sico de los veranos marplatenses para disfrutar de la mejor m\u00fasica entre artistas consagrados y nuevos talentos de la escena musical!<\/p>\n\n\n\n<p class=\"has-text-align-center\"><strong>VIERNES 7 Y S\u00c1BADO 8 DE FEBRERO<\/strong><br><strong>DESDE LAS 17HS EN BREWHOUSE PUERTO<\/strong><\/p>\n\n\n\n<p class=\"has-text-align-center\"><a href=\"https:\/\/delivery.hipermailer.com.ar\/do\/trkln.php?index=1024083402AZD&amp;id=wotuseqoosepuywsree&amp;url=aHR0cHM6Ly9hcnRpY2tldC5jb20uYXIvTUFSREVMUE9QLTI1LUFCT05PLw%3D%3D\">Entradas a la venta en ArTicket<\/a><\/p>\n\n\n<div class=\"wp-block-image\">\n<figure class=\"aligncenter size-full is-resized\"><img loading=\"lazy\" decoding=\"async\" width=\"1100\" height=\"1100\" src=\"https:\/\/entrenotasyacordes.com\/wp-content\/uploads\/2025\/01\/11c.jpg\" alt=\"\" class=\"wp-image-13562\" style=\"width:599px;height:auto\" srcset=\"https:\/\/entrenotasyacordes.com\/wp-content\/uploads\/2025\/01\/11c.jpg 1100w, https:\/\/entrenotasyacordes.com\/wp-content\/uploads\/2025\/01\/11c-300x300.jpg 300w, https:\/\/entrenotasyacordes.com\/wp-content\/uploads\/2025\/01\/11c-1024x1024.jpg 1024w, https:\/\/entrenotasyacordes.com\/wp-content\/uploads\/2025\/01\/11c-150x150.jpg 150w, https:\/\/entrenotasyacordes.com\/wp-content\/uploads\/2025\/01\/11c-768x768.jpg 768w, https:\/\/entrenotasyacordes.com\/wp-content\/uploads\/2025\/01\/11c-50x50.jpg 50w\" sizes=\"auto, (max-width: 1100px) 100vw, 1100px\" \/><\/figure>\n<\/div>\n\n\n<p class=\"has-text-align-left\"><strong>LINE UP:<\/strong><br>BUENOS VAMPIROS &#8211; MELINGO &#8211; DANIEL MELERO &#8211; MI AMIGO INVENCIBLE &#8211; MUJER CEBRA &#8211; FIN DEL MUNDO &#8211; LAS TUSSI &#8211; LUZPARIS &#8211; EL NOTA &#8211; NENAGENIX &#8211; TOMATES EN VERANO &#8211; EL CLUB AUDIOVISUAL &#8211; MARCHITORIAL &#8211; MANIOBRAS &#8211; ESTE VERANO NO FUI A LA PLAYA &#8211; BAJA KILLA &#8211; FICCIONES -PLACERES &#8211; CARTAS A MI &#8211; TR\u00c1GICO ROMANCE<\/p>\n\n\n\n<p class=\"has-text-align-left\"><strong>MARDEL POP 2025<\/strong><\/p>\n\n\n\n<p><strong>Mardelpop es el festival que se caracteriza por cruzar bandas emergentes con artistas de gran trayectoria de la escena alternativa.<\/strong><\/p>\n\n\n\n<p>En esta ocasi\u00f3n, el ya tradicional encuentro tendr\u00e1 lugar el viernes 7 y s\u00e1bado 8 de febrero desde las 17:00 en BrewHouse Puerto, Diagonal Garibaldi 4830, Mar del Plata.<\/p>\n\n\n\n<p><strong>MAR DEL POP,&nbsp;<\/strong>fue declarado de inter\u00e9s tur\u00edstico y cultural por la ciudad de Mar del Plata en el a\u00f1o 2010.<\/p>\n\n\n\n<p class=\"has-text-align-left\"><strong>Con el apoyo de: Indie Hoy<\/strong><\/p>\n\n\n\n<p class=\"has-text-align-left\"><\/p>\n","protected":false},"excerpt":{"rendered":"","protected":false},"author":5,"featured_media":13562,"comment_status":"open","ping_status":"open","sticky":false,"template":"","format":"standard","meta":{"om_disable_all_campaigns":false,"_uf_show_specific_survey":0,"_uf_disable_surveys":false,"footnotes":""},"categories":[36],"tags":[],"class_list":["post-13561","post","type-post","status-publish","format-standard","has-post-thumbnail","hentry","category-conciertos"],"_links":{"self":[{"href":"https:\/\/entrenotasyacordes.com\/index.php?rest_route=\/wp\/v2\/posts\/13561","targetHints":{"allow":["GET"]}}],"collection":[{"href":"https:\/\/entrenotasyacordes.com\/index.php?rest_route=\/wp\/v2\/posts"}],"about":[{"href":"https:\/\/entrenotasyacordes.com\/index.php?rest_route=\/wp\/v2\/types\/post"}],"author":[{"embeddable":true,"href":"https:\/\/entrenotasyacordes.com\/index.php?rest_route=\/wp\/v2\/users\/5"}],"replies":[{"embeddable":true,"href":"https:\/\/entrenotasyacordes.com\/index.php?rest_route=%2Fwp%2Fv2%2Fcomments&post=13561"}],"version-history":[{"count":1,"href":"https:\/\/entrenotasyacordes.com\/index.php?rest_route=\/wp\/v2\/posts\/13561\/revisions"}],"predecessor-version":[{"id":13563,"href":"https:\/\/entrenotasyacordes.com\/index.php?rest_route=\/wp\/v2\/posts\/13561\/revisions\/13563"}],"wp:featuredmedia":[{"embeddable":true,"href":"https:\/\/entrenotasyacordes.com\/index.php?rest_route=\/wp\/v2\/media\/13562"}],"wp:attachment":[{"href":"https:\/\/entrenotasyacordes.com\/index.php?rest_route=%2Fwp%2Fv2%2Fmedia&parent=13561"}],"wp:term":[{"taxonomy":"category","embeddable":true,"href":"https:\/\/entrenotasyacordes.com\/index.php?rest_route=%2Fwp%2Fv2%2Fcategories&post=13561"},{"taxonomy":"post_tag","embeddable":true,"href":"https:\/\/entrenotasyacordes.com\/index.php?rest_route=%2Fwp%2Fv2%2Ftags&post=13561"}],"curies":[{"name":"wp","href":"https:\/\/api.w.org\/{rel}","templated":true}]}}