{"id":13564,"date":"2025-01-20T17:22:07","date_gmt":"2025-01-20T17:22:07","guid":{"rendered":"https:\/\/entrenotasyacordes.com\/?p=13564"},"modified":"2025-01-20T17:22:09","modified_gmt":"2025-01-20T17:22:09","slug":"james-blunt-anuncia-su-gira-en-sudamerica-20th-anniversary-de-back-to-bedlam","status":"publish","type":"post","link":"https:\/\/entrenotasyacordes.com\/?p=13564","title":{"rendered":"JAMES BLUNT ANUNCIA SU GIRA EN SUDAM\u00c9RICA 20th Anniversary de Back to Bedlam"},"content":{"rendered":"\n<!--more-->\n\n\n\n<p class=\"has-text-align-center\"><strong><s>9 DE JULIO AGOTADO<\/s>!<\/strong><br><strong>10 DE JULIO\u00a0NUEVA FUNCI\u00d3N!\u00a0<\/strong><\/p>\n\n\n\n<p class=\"has-text-align-center\">TEATRO GRAN RIVADAVIA DE BUENOS AIRES.\u00a0<\/p>\n\n\n\n<p class=\"has-text-align-center\">Venta de entradas oficiales en\u00a0<a href=\"https:\/\/vickyroapress.tr.pemsv20.net\/c\/eyJhIjoidmlja3lyb2FwcmVzcyIsIm0iOiJtYWlsX2NtNjE1ZnZrNTJreGMwOTU3ZW9mejU4MXkiLCJsIjoibGlua185ZWVmNGJmMGUyMThlODU4MzE5ZGM5ODNlY2M5MWJiYzQ4ZTVjYjdlXzEzNzYzNCIsImkiOltdLCJ1IjoiaHR0cHM6Ly9mdWxsdGlja2V0LmNvbT91dG1fc291cmNlPXBlcmZpdCZ1dG1fbWVkaXVtPWVtYWlsJnV0bV9jYW1wYWlnbj1zZWd1bmRhJTIwZmVjaGElMjBKQU1FUyUyMEJMVU5UIiwiYyI6IiIsImgiOiIxZTc2ZjMifQ\">https:\/\/fullticket.com<\/a><\/p>\n\n\n<div class=\"wp-block-image\">\n<figure class=\"aligncenter size-full is-resized\"><img loading=\"lazy\" decoding=\"async\" width=\"2560\" height=\"2560\" src=\"https:\/\/entrenotasyacordes.com\/wp-content\/uploads\/2025\/01\/11d-scaled.jpg\" alt=\"\" class=\"wp-image-13565\" style=\"width:599px;height:auto\" srcset=\"https:\/\/entrenotasyacordes.com\/wp-content\/uploads\/2025\/01\/11d-scaled.jpg 2560w, https:\/\/entrenotasyacordes.com\/wp-content\/uploads\/2025\/01\/11d-300x300.jpg 300w, https:\/\/entrenotasyacordes.com\/wp-content\/uploads\/2025\/01\/11d-1024x1024.jpg 1024w, https:\/\/entrenotasyacordes.com\/wp-content\/uploads\/2025\/01\/11d-150x150.jpg 150w, https:\/\/entrenotasyacordes.com\/wp-content\/uploads\/2025\/01\/11d-768x768.jpg 768w, https:\/\/entrenotasyacordes.com\/wp-content\/uploads\/2025\/01\/11d-1536x1536.jpg 1536w, https:\/\/entrenotasyacordes.com\/wp-content\/uploads\/2025\/01\/11d-2048x2048.jpg 2048w, https:\/\/entrenotasyacordes.com\/wp-content\/uploads\/2025\/01\/11d-50x50.jpg 50w\" sizes=\"auto, (max-width: 2560px) 100vw, 2560px\" \/><\/figure>\n<\/div>\n\n\n<p class=\"has-text-align-left\">Blunt el creador del mega &nbsp;hit&nbsp;<strong>\u201c You\u2019re Beautiful\u201d,<\/strong>&nbsp;celebrar\u00e1 el aniversario de Back To Bedlam con una versi\u00f3n remasterizada del \u00e1lbum que lanzo el pasado mes de octubre, veinte a\u00f1os exactos despu\u00e9s de su lanzamiento original.<\/p>\n\n\n\n<p class=\"has-text-align-left\">Esta edici\u00f3n especial del vig\u00e9simo aniversario incluye una versi\u00f3n del \u00e1lbum original remasterizada en 2024 por Stuart Hawkes en Metropolis, adem\u00e1s de demos in\u00e9ditos de las canciones principales del disco, y temas previamente no lanzados de la era Bedlam.<\/p>\n\n\n\n<p>Fiel al estilo de\u00a0<strong>James Blunt,<\/strong>\u00a0\u00e9l explica:\u00a0<em>\u201cHe lanzado siete \u00e1lbumes de estudio, pero Back To Bedlam fue el \u00fanico que la gente realmente compr\u00f3. As\u00ed que, en su vig\u00e9simo aniversario, la discogr\u00e1fica y yo pensamos que deber\u00edamos reeditarlo con algunos demos y exprimirlo al m\u00e1ximo acompa\u00f1ado de un tour. Fue uno de los \u00e1lbumes m\u00e1s vendidos de los a\u00f1os 2000, as\u00ed que espero que tenga impacto 20 a\u00f1os despu\u00e9s.\u201d<\/em><\/p>\n\n\n\n<p>Back To Bedlam incluy\u00f3 el \u00e9xito global \u201cYou\u2019re Beautiful\u201d, y es uno de los diez \u00e1lbumes m\u00e1s vendidos de los a\u00f1os 2000. James ha ganado dos Brit Awards, dos Ivor Novello Awards y ha recibido cinco nominaciones al GRAMMY.<\/p>\n\n\n\n<p>Mientras James se acerca humildemente al estatus de tesoro nacional en su natal Reino Unido, es ampliamente reconocido por su honestidad, ingenio y encanto, como se demuestra en sus discos, en el escenario y en su siempre entretenida presencia en las redes sociales.<\/p>\n\n\n\n<p><em>\u201cHe estado de gira durante veinte a\u00f1os y realmente, es s\u00f3lo Back To Bedlam lo que la gente quiere escuchar&#8230; as\u00ed que, en el vig\u00e9simo aniversario de ese \u00e1lbum, \u00bfqu\u00e9 mejor manera de celebrarlo que con la gira Back To Bedlam 20th Anniversary Tour?\u201d,&nbsp;explica James.&nbsp;<\/em><\/p>\n\n\n\n<p><em>\u201cInterpretar\u00e9 todas las canciones del disco de principio a fin y luego incluir\u00e9 las canciones m\u00e1s conocidas de mis otros \u00e1lbumes para finalizar. Va a ser, bueno, me duele decirlo\u2026 hermoso.\u201d<\/em><\/p>\n","protected":false},"excerpt":{"rendered":"","protected":false},"author":5,"featured_media":13565,"comment_status":"open","ping_status":"open","sticky":false,"template":"","format":"standard","meta":{"om_disable_all_campaigns":false,"_uf_show_specific_survey":0,"_uf_disable_surveys":false,"footnotes":""},"categories":[36],"tags":[],"class_list":["post-13564","post","type-post","status-publish","format-standard","has-post-thumbnail","hentry","category-conciertos"],"_links":{"self":[{"href":"https:\/\/entrenotasyacordes.com\/index.php?rest_route=\/wp\/v2\/posts\/13564","targetHints":{"allow":["GET"]}}],"collection":[{"href":"https:\/\/entrenotasyacordes.com\/index.php?rest_route=\/wp\/v2\/posts"}],"about":[{"href":"https:\/\/entrenotasyacordes.com\/index.php?rest_route=\/wp\/v2\/types\/post"}],"author":[{"embeddable":true,"href":"https:\/\/entrenotasyacordes.com\/index.php?rest_route=\/wp\/v2\/users\/5"}],"replies":[{"embeddable":true,"href":"https:\/\/entrenotasyacordes.com\/index.php?rest_route=%2Fwp%2Fv2%2Fcomments&post=13564"}],"version-history":[{"count":1,"href":"https:\/\/entrenotasyacordes.com\/index.php?rest_route=\/wp\/v2\/posts\/13564\/revisions"}],"predecessor-version":[{"id":13566,"href":"https:\/\/entrenotasyacordes.com\/index.php?rest_route=\/wp\/v2\/posts\/13564\/revisions\/13566"}],"wp:featuredmedia":[{"embeddable":true,"href":"https:\/\/entrenotasyacordes.com\/index.php?rest_route=\/wp\/v2\/media\/13565"}],"wp:attachment":[{"href":"https:\/\/entrenotasyacordes.com\/index.php?rest_route=%2Fwp%2Fv2%2Fmedia&parent=13564"}],"wp:term":[{"taxonomy":"category","embeddable":true,"href":"https:\/\/entrenotasyacordes.com\/index.php?rest_route=%2Fwp%2Fv2%2Fcategories&post=13564"},{"taxonomy":"post_tag","embeddable":true,"href":"https:\/\/entrenotasyacordes.com\/index.php?rest_route=%2Fwp%2Fv2%2Ftags&post=13564"}],"curies":[{"name":"wp","href":"https:\/\/api.w.org\/{rel}","templated":true}]}}