{"id":13567,"date":"2025-01-20T17:26:57","date_gmt":"2025-01-20T17:26:57","guid":{"rendered":"https:\/\/entrenotasyacordes.com\/?p=13567"},"modified":"2025-01-27T16:51:30","modified_gmt":"2025-01-27T16:51:30","slug":"triada-comparte-su-nuevo-single-sale-la-luna","status":"publish","type":"post","link":"https:\/\/entrenotasyacordes.com\/?p=13567","title":{"rendered":"TR\u00cdADA COMPARTE SU NUEVO SINGLE \u201cSALE LA LUNA\u201d"},"content":{"rendered":"\n<!--more-->\n\n\n\n<p class=\"has-text-align-center\">ANUNCIA SU PRIMER EP\u00a0<em>DE VERSIONES Y ALMA\u00a0<\/em>QUE SALDRA EL 21 DE MARZO<\/p>\n\n\n<div class=\"wp-block-image\">\n<figure class=\"aligncenter size-full is-resized\"><img loading=\"lazy\" decoding=\"async\" width=\"2048\" height=\"2048\" src=\"https:\/\/entrenotasyacordes.com\/wp-content\/uploads\/2025\/01\/11e.jpg\" alt=\"\" class=\"wp-image-13568\" style=\"width:599px;height:auto\" srcset=\"https:\/\/entrenotasyacordes.com\/wp-content\/uploads\/2025\/01\/11e.jpg 2048w, https:\/\/entrenotasyacordes.com\/wp-content\/uploads\/2025\/01\/11e-300x300.jpg 300w, https:\/\/entrenotasyacordes.com\/wp-content\/uploads\/2025\/01\/11e-1024x1024.jpg 1024w, https:\/\/entrenotasyacordes.com\/wp-content\/uploads\/2025\/01\/11e-150x150.jpg 150w, https:\/\/entrenotasyacordes.com\/wp-content\/uploads\/2025\/01\/11e-768x768.jpg 768w, https:\/\/entrenotasyacordes.com\/wp-content\/uploads\/2025\/01\/11e-1536x1536.jpg 1536w, https:\/\/entrenotasyacordes.com\/wp-content\/uploads\/2025\/01\/11e-50x50.jpg 50w\" sizes=\"auto, (max-width: 2048px) 100vw, 2048px\" \/><\/figure>\n<\/div>\n\n\n<p class=\"has-text-align-left\">La banda argentina de bossa-pop TR\u00cdADA, compuesta por Diamela Spina (percusi\u00f3n, voz), Aylen Reynoso (guitarra) y Julia Percowicz (voz), comparte \u201cSale La Luna\u201d, una brillante interpretaci\u00f3n de \u201crises the moon\u201d de Liana Flores, y la primera vez que la canci\u00f3n se graba en espa\u00f1ol. Junto con el nuevo sencillo, TR\u00cdADA anuncia su EP debut De Versiones y Alma, que saldr\u00e1 el 21 de marzo a trav\u00e9s de Verve Records \/ Mercury Records.<\/p>\n\n\n\n<p class=\"has-text-align-left\">El tr\u00edo con sede en Buenos Aires, que comenz\u00f3 a hacer m\u00fasica juntos mientras estudiaban en la escuela de artes esc\u00e9nicas, ha acumulado millones de vistas y una audiencia global desde que comenzaron a grabar m\u00fasica ellos mismos en 2023. A medida que ganaron impulso, decidieron llamarse TR\u00cdADA, una referencia al lenguaje musical de tres notas que forman un acorde y la hermandad de tres individuos.<\/p>\n\n\n\n<p>A sus 19 a\u00f1os, Diamela, Aylen y Julia entonan cl\u00e1sicos con una experiencia vivida y una facilidad que superan con creces sus a\u00f1os. Su interpretaci\u00f3n de \u201cO Pato\u201d de Jo\u00e3o Gilberto, por ejemplo, fue recibida con muchos elogios y deleite en Instagram, donde obtuvo 2 millones de vistas y se convirti\u00f3 en&nbsp;<a href=\"https:\/\/www.youtube.com\/watch?v=dyvTKQbOevM\">su primer lanzamiento oficia<\/a>l. Como es el caso con la mayor\u00eda de sus versiones, las tres mujeres agregan su energ\u00eda juvenil e inspiraci\u00f3n de su hogar en Buenos Aires a la canci\u00f3n.<\/p>\n\n\n\n<p>Para presentarse adecuadamente, ofrecen De Versiones y Alma, un EP rico y breve que captura su esencia a trav\u00e9s de versiones de canciones transformadas con un toque argentino fresco. A trav\u00e9s de cada nota, esperan darle la bienvenida a la alegr\u00eda e intimidad que comparten y hacer que sea parte del v\u00ednculo.<\/p>\n\n\n\n<p>Inicialmente, los tres amigos se adentraron en el rock progresivo y experimentaron con un estilo post-punk, pero luego se adentraron libremente en los sonidos que los formaron: folclore, jazz, bossanova y m\u00fasica ac\u00fastica de cantautores como Jorge Drexler, Los Panchos, Gustavo Pe\u00f1a, Zoe Gotusso y m\u00e1s. Ahora, el tr\u00edo est\u00e1 llevando su amor a trav\u00e9s de las fronteras y las barreras del idioma con un EP que atrae a artistas de Uruguay, Brasil, el Reino Unido y, por supuesto, Argentina. Al explorar y expandir su arte al revisar y remodelar canciones sonoramente impresionantes del pasado, cercano y lejano, el tr\u00edo est\u00e1 abriendo camino hacia el autodescubrimiento y no ve l\u00edmites para su crecimiento. \u00abNo sabemos qu\u00e9 nos depara el futuro; a\u00fan no hemos producido nuestro \u00e1lbum\u00bb, eval\u00faan, \u00abpero tenemos muy claro que nuestras ra\u00edces argentinas, y m\u00e1s ampliamente nuestras ra\u00edces latinas, estar\u00e1n all\u00ed\u00bb.<\/p>\n\n\n<div class=\"wp-block-image\">\n<figure class=\"aligncenter size-full is-resized\"><img loading=\"lazy\" decoding=\"async\" width=\"1638\" height=\"2048\" src=\"https:\/\/entrenotasyacordes.com\/wp-content\/uploads\/2025\/01\/11ee.jpg\" alt=\"\" class=\"wp-image-13569\" style=\"width:617px;height:auto\" srcset=\"https:\/\/entrenotasyacordes.com\/wp-content\/uploads\/2025\/01\/11ee.jpg 1638w, https:\/\/entrenotasyacordes.com\/wp-content\/uploads\/2025\/01\/11ee-240x300.jpg 240w, https:\/\/entrenotasyacordes.com\/wp-content\/uploads\/2025\/01\/11ee-819x1024.jpg 819w, https:\/\/entrenotasyacordes.com\/wp-content\/uploads\/2025\/01\/11ee-768x960.jpg 768w, https:\/\/entrenotasyacordes.com\/wp-content\/uploads\/2025\/01\/11ee-1229x1536.jpg 1229w, https:\/\/entrenotasyacordes.com\/wp-content\/uploads\/2025\/01\/11ee-1024x1280.jpg 1024w\" sizes=\"auto, (max-width: 1638px) 100vw, 1638px\" \/><figcaption class=\"wp-element-caption\">Photo credit: Andrew Angel<\/figcaption><\/figure>\n<\/div>\n\n\n<p class=\"has-text-align-left\"><\/p>\n","protected":false},"excerpt":{"rendered":"","protected":false},"author":5,"featured_media":13568,"comment_status":"open","ping_status":"open","sticky":false,"template":"","format":"standard","meta":{"om_disable_all_campaigns":false,"_uf_show_specific_survey":0,"_uf_disable_surveys":false,"footnotes":""},"categories":[4],"tags":[],"class_list":["post-13567","post","type-post","status-publish","format-standard","has-post-thumbnail","hentry","category-musica"],"_links":{"self":[{"href":"https:\/\/entrenotasyacordes.com\/index.php?rest_route=\/wp\/v2\/posts\/13567","targetHints":{"allow":["GET"]}}],"collection":[{"href":"https:\/\/entrenotasyacordes.com\/index.php?rest_route=\/wp\/v2\/posts"}],"about":[{"href":"https:\/\/entrenotasyacordes.com\/index.php?rest_route=\/wp\/v2\/types\/post"}],"author":[{"embeddable":true,"href":"https:\/\/entrenotasyacordes.com\/index.php?rest_route=\/wp\/v2\/users\/5"}],"replies":[{"embeddable":true,"href":"https:\/\/entrenotasyacordes.com\/index.php?rest_route=%2Fwp%2Fv2%2Fcomments&post=13567"}],"version-history":[{"count":1,"href":"https:\/\/entrenotasyacordes.com\/index.php?rest_route=\/wp\/v2\/posts\/13567\/revisions"}],"predecessor-version":[{"id":13570,"href":"https:\/\/entrenotasyacordes.com\/index.php?rest_route=\/wp\/v2\/posts\/13567\/revisions\/13570"}],"wp:featuredmedia":[{"embeddable":true,"href":"https:\/\/entrenotasyacordes.com\/index.php?rest_route=\/wp\/v2\/media\/13568"}],"wp:attachment":[{"href":"https:\/\/entrenotasyacordes.com\/index.php?rest_route=%2Fwp%2Fv2%2Fmedia&parent=13567"}],"wp:term":[{"taxonomy":"category","embeddable":true,"href":"https:\/\/entrenotasyacordes.com\/index.php?rest_route=%2Fwp%2Fv2%2Fcategories&post=13567"},{"taxonomy":"post_tag","embeddable":true,"href":"https:\/\/entrenotasyacordes.com\/index.php?rest_route=%2Fwp%2Fv2%2Ftags&post=13567"}],"curies":[{"name":"wp","href":"https:\/\/api.w.org\/{rel}","templated":true}]}}