{"id":13585,"date":"2025-01-27T17:05:26","date_gmt":"2025-01-27T17:05:26","guid":{"rendered":"https:\/\/entrenotasyacordes.com\/?p=13585"},"modified":"2025-01-27T17:05:27","modified_gmt":"2025-01-27T17:05:27","slug":"ulises-trae-el-cuarteto-a-buenos-aires","status":"publish","type":"post","link":"https:\/\/entrenotasyacordes.com\/?p=13585","title":{"rendered":"ULISES TRAE EL CUARTETO A BUENOS AIRES"},"content":{"rendered":"\n<!--more-->\n\n\n\n<p class=\"has-text-align-center\"><strong><em>\u201cTOUR PISANDO FIRME\u201d<\/em><\/strong><\/p>\n\n\n\n<p class=\"has-text-align-center\"><strong>30 DE ABRIL | MOVISTAR ARENA<\/strong><\/p>\n\n\n<div class=\"wp-block-image\">\n<figure class=\"aligncenter size-full is-resized\"><img loading=\"lazy\" decoding=\"async\" width=\"1080\" height=\"1080\" src=\"https:\/\/entrenotasyacordes.com\/wp-content\/uploads\/2025\/01\/12a.jpg\" alt=\"\" class=\"wp-image-13586\" style=\"width:599px;height:auto\" srcset=\"https:\/\/entrenotasyacordes.com\/wp-content\/uploads\/2025\/01\/12a.jpg 1080w, https:\/\/entrenotasyacordes.com\/wp-content\/uploads\/2025\/01\/12a-300x300.jpg 300w, https:\/\/entrenotasyacordes.com\/wp-content\/uploads\/2025\/01\/12a-1024x1024.jpg 1024w, https:\/\/entrenotasyacordes.com\/wp-content\/uploads\/2025\/01\/12a-150x150.jpg 150w, https:\/\/entrenotasyacordes.com\/wp-content\/uploads\/2025\/01\/12a-768x768.jpg 768w, https:\/\/entrenotasyacordes.com\/wp-content\/uploads\/2025\/01\/12a-50x50.jpg 50w\" sizes=\"auto, (max-width: 1080px) 100vw, 1080px\" \/><\/figure>\n<\/div>\n\n\n<p class=\"has-text-align-center\"><strong>PREVENTA EXCLUSIVA GALICIA Y GALICIA M\u00c1S &#8211; JUEVES 30 DE ENERO 13hs<\/strong><br><strong>VENTA GENERAL &#8211; VIERNES 31 DE ENERO 13hs <\/strong><a href=\"http:\/\/movistararena.com.ar\/\"><strong>MOVISTARARENA.COM.AR<\/strong><\/a><\/p>\n\n\n\n<p class=\"has-text-align-left\"><strong><em>Con su nuevo \u00e1lbum \u201cPisando Firme\u201d recientemente lanzado, el artista cordob\u00e9s anuncia uno de los shows m\u00e1s importantes de su carrera.<\/em><\/strong><\/p>\n\n\n\n<p class=\"has-text-align-left\">Con m\u00e1s de 20 a\u00f1os de trayectoria como solista, <strong>Ulises Bueno <\/strong>se posiciona como uno de los cantantes de cuarteto m\u00e1s escuchados. De este modo, y con miles de motivos para celebrar, llega por primera vez al <strong>Movistar Arena <\/strong>y promete una noche de cuarteto del bueno. La cita ser\u00e1 este <strong>30 de Abril. <\/strong>El jueves 30 de enero se abre la preventa exclusiva para clientes Galicia y Galicia M\u00e1s, y la venta general estar\u00e1 disponible a partir del viernes 31 a trav\u00e9s de<a href=\"http:\/\/movistararena.com.ar\/\"> Movistararena.com.ar<\/a><\/p>\n\n\n\n<p class=\"has-text-align-left\">En un show que lo tendr\u00e1 todo, <strong>Ulises <\/strong>repasar\u00e1 los hits que lo llevaron a convertirse en uno de los cantantes cordobeses de mayor trascendencia, como as\u00ed sus m\u00e1s recientes lanzamientos que d\u00eda a d\u00eda siguen sumando miles de reproducciones en plataformas.<\/p>\n\n\n\n<p class=\"has-text-align-left\"><strong>Ulises <\/strong>viene de lanzar su \u00e1lbum n\u00famero 24 <strong>\u201cPisando Firme\u201d, <\/strong><em>con el que cierra un a\u00f1o marcado por diversas colaboraciones que aportaron al ritmo del cuarteto como La K\u2019onga, Desakta2, The La Planta, Magui Olave, G Sony, Cristian Castro y Los Palmeras.<\/em><\/p>\n\n\n\n<figure class=\"wp-block-embed is-type-rich is-provider-spotify wp-block-embed-spotify wp-embed-aspect-21-9 wp-has-aspect-ratio\"><div class=\"wp-block-embed__wrapper\">\n<iframe title=\"Spotify Embed: Pisando Firme\" style=\"border-radius: 12px\" width=\"100%\" height=\"352\" frameborder=\"0\" allowfullscreen allow=\"autoplay; clipboard-write; encrypted-media; fullscreen; picture-in-picture\" loading=\"lazy\" src=\"https:\/\/open.spotify.com\/embed\/album\/62PDHzb1xLuA55WELo8ZQS?si=TDLeIiIIR6SRutqEwWU0Wg&#038;utm_source=oembed\"><\/iframe>\n<\/div><\/figure>\n\n\n\n<p class=\"has-text-align-left\">A lo largo de estos 20 a\u00f1os en la m\u00fasica, ha recibiendo no solo el reconocimiento de sus millones de fans en todo el pa\u00eds, sino tambi\u00e9n de sus colegas consagr\u00e1ndose en 7 oportunidades ganador de los Premios Gardel como <em>\u201cMejor \u00c1lbum de Artista de Cuarteto\u201d.<\/em><\/p>\n\n\n\n<p>A lo largo de su carrera, hizo 12 presentaciones en el Luna Park, y en prestigiosos escenarios como el Teatro Gran Rex, Orfeo Superdomo y Tecn\u00f3polis, entre otros. Tambi\u00e9n, particip\u00f3 en grandes festivales como el Festival de Pe\u00f1as de Villa Mar\u00eda, Festival de Cosqu\u00edn, y en los eventos musicales m\u00e1s importantes del pa\u00eds.<\/p>\n\n\n\n<p class=\"has-text-align-left\">En 2023 realiz\u00f3 su \u00faltimo Luna Park, y grab\u00f3 los sencillos \u201cMentiras\u201d y \u201cAtorrante\u201d que lo posicionaron como uno de los artistas m\u00e1s escuchados del pa\u00eds.<\/p>\n\n\n\n<p>En el corriente a\u00f1o, trascendi\u00f3 fronteras, llevando el cuarteto por primera vez a Chile y Uruguay, y realiz\u00f3 su segunda gira por Espa\u00f1a, visitando 7 ciudades con una excelente convocatoria.<\/p>\n\n\n\n<p>Posicionado como uno de los artistas cordobeses m\u00e1s escuchados a nivel mundial, <strong>Ulises <\/strong>supera los 1.2M de seguidores en Instagram, 539K en Youtube y m\u00e1s de 3.4M de oyentes mensuales en Spotify.<\/p>\n\n\n<div class=\"wp-block-image\">\n<figure class=\"aligncenter size-full is-resized\"><img loading=\"lazy\" decoding=\"async\" width=\"991\" height=\"660\" src=\"https:\/\/entrenotasyacordes.com\/wp-content\/uploads\/2025\/01\/12aa.jpg\" alt=\"\" class=\"wp-image-13587\" style=\"width:599px;height:auto\" srcset=\"https:\/\/entrenotasyacordes.com\/wp-content\/uploads\/2025\/01\/12aa.jpg 991w, https:\/\/entrenotasyacordes.com\/wp-content\/uploads\/2025\/01\/12aa-300x200.jpg 300w, https:\/\/entrenotasyacordes.com\/wp-content\/uploads\/2025\/01\/12aa-768x511.jpg 768w\" sizes=\"auto, (max-width: 991px) 100vw, 991px\" \/><\/figure>\n<\/div>\n\n\n<p>Ulises Mauro Bueno (C\u00f3rdoba, 26 de junio de 1985) es un cantante y compositor argentino de cuarteto. Lleva editado un total de 23 \u00e1lbumes de estudio. Entre sus canciones m\u00e1s destacadas, se encuentran: \u00abIntento\u00bb, \u00abDale vieja dale\u00bb, \u00abGabriela\u00bb, \u00abSoy\u00bb, \u00abAmante t\u00fa, amante \u00e9l\u00bb, \u00abSin miedo a nada\u00bb, \u00abOjal\u00e1\u00bb, \u00abAhora m\u00edrame\u00bb, \u00abQue ser\u00e1\u00bb, \u00abLas alas de mi amante\u00bb, \u00abComo te atreves a volver\u00bb, \u00abCuando quieras quiero\u00bb, \u00abInfiel\u00bb, \u00abDesordenada\u00bb, \u00abDe esperar\u00bb, entre otras.<\/p>\n\n\n\n<p>A lo largo de su carrera art\u00edstica, Bueno se consagr\u00f3 como cantante del g\u00e9nero del cuarteto, siendo nominado en varias ocasiones a los Premios Gardel y participado en conciertos multitudinarios como el Festival de Cosqu\u00edn o el Festival de Villa Mar\u00eda; entre otros eventos musicales importantes de Argentina.<\/p>\n\n\n\n<p>Cumpliendo ya dos d\u00e9cadas de carrera musical, Ulises viene de realizar grandes colaboraciones como \u201cAnti Amor\u201d junto a Migrantes y el ic\u00f3nico <a href=\"https:\/\/www.youtube.com\/watch?v=pUgSdI0uXFQ\">Crossover #3<\/a> &nbsp;\u201cMentiras\u201d de Big One junto a Rusherking, que luego de meses de su lanzamiento se sigue manteniendo entre las canciones m\u00e1s escuchadas de Argentina.<\/p>\n","protected":false},"excerpt":{"rendered":"","protected":false},"author":5,"featured_media":13586,"comment_status":"open","ping_status":"open","sticky":false,"template":"","format":"standard","meta":{"om_disable_all_campaigns":false,"_uf_show_specific_survey":0,"_uf_disable_surveys":false,"footnotes":""},"categories":[36],"tags":[],"class_list":["post-13585","post","type-post","status-publish","format-standard","has-post-thumbnail","hentry","category-conciertos"],"_links":{"self":[{"href":"https:\/\/entrenotasyacordes.com\/index.php?rest_route=\/wp\/v2\/posts\/13585","targetHints":{"allow":["GET"]}}],"collection":[{"href":"https:\/\/entrenotasyacordes.com\/index.php?rest_route=\/wp\/v2\/posts"}],"about":[{"href":"https:\/\/entrenotasyacordes.com\/index.php?rest_route=\/wp\/v2\/types\/post"}],"author":[{"embeddable":true,"href":"https:\/\/entrenotasyacordes.com\/index.php?rest_route=\/wp\/v2\/users\/5"}],"replies":[{"embeddable":true,"href":"https:\/\/entrenotasyacordes.com\/index.php?rest_route=%2Fwp%2Fv2%2Fcomments&post=13585"}],"version-history":[{"count":1,"href":"https:\/\/entrenotasyacordes.com\/index.php?rest_route=\/wp\/v2\/posts\/13585\/revisions"}],"predecessor-version":[{"id":13588,"href":"https:\/\/entrenotasyacordes.com\/index.php?rest_route=\/wp\/v2\/posts\/13585\/revisions\/13588"}],"wp:featuredmedia":[{"embeddable":true,"href":"https:\/\/entrenotasyacordes.com\/index.php?rest_route=\/wp\/v2\/media\/13586"}],"wp:attachment":[{"href":"https:\/\/entrenotasyacordes.com\/index.php?rest_route=%2Fwp%2Fv2%2Fmedia&parent=13585"}],"wp:term":[{"taxonomy":"category","embeddable":true,"href":"https:\/\/entrenotasyacordes.com\/index.php?rest_route=%2Fwp%2Fv2%2Fcategories&post=13585"},{"taxonomy":"post_tag","embeddable":true,"href":"https:\/\/entrenotasyacordes.com\/index.php?rest_route=%2Fwp%2Fv2%2Ftags&post=13585"}],"curies":[{"name":"wp","href":"https:\/\/api.w.org\/{rel}","templated":true}]}}