{"id":13597,"date":"2025-01-27T17:33:46","date_gmt":"2025-01-27T17:33:46","guid":{"rendered":"https:\/\/entrenotasyacordes.com\/?p=13597"},"modified":"2025-01-27T17:33:47","modified_gmt":"2025-01-27T17:33:47","slug":"parcels-y-benson-boone-se-suman-a-la-cartelera-de-sideshows-de-lollapalooza-2025","status":"publish","type":"post","link":"https:\/\/entrenotasyacordes.com\/?p=13597","title":{"rendered":"PARCELS Y BENSON BOONE SE SUMAN A LA CARTELERA DE SIDESHOWS DE LOLLAPALOOZA 2025"},"content":{"rendered":"\n<!--more-->\n\n\n\n<p>#LollaAR cumple 10 a\u00f1os en Argentina y pretende celebrarlo fiel a su estilo: con una fiesta que honre a la m\u00fasica en todo sentido. Por eso, esta edici\u00f3n tiene un lineup impresionante \u2014con Olivia Rodrigo, Justin Timberlake, Shawn Mendes, Alanis Morissette, TOOL, R\u00fcf\u00fcs du Sol y Tan Bionica a la cabeza\u2014 y las novedades no paran.<\/p>\n\n\n\n<p class=\"has-text-align-left\">Los australianos que dominan el g\u00e9nero de indietronica y el cantante estadounidense que es un fen\u00f3meno viral se suman a los shows en formato \u00edntimo de la edici\u00f3n aniversario de Lollapalooza 2025 junto a Foster the People, Nathy Peluso, Girl in Red, Fontaines D.C., The Mar\u00edas, JPEGMAFIA y Marina Reche<\/p>\n\n\n\n<p class=\"has-text-align-center\"><strong>PARCELS | 19 DE MARZO &#8211; C ART MEDIA<\/strong><br><strong>BENSON BOONE | 24 DE MARZO &#8211; TEATRO VORTERIX<\/strong><\/p>\n\n\n<div class=\"wp-block-image\">\n<figure class=\"aligncenter size-full is-resized\"><img loading=\"lazy\" decoding=\"async\" width=\"1080\" height=\"1350\" src=\"https:\/\/entrenotasyacordes.com\/wp-content\/uploads\/2025\/01\/12d.jpg\" alt=\"\" class=\"wp-image-13598\" style=\"width:599px;height:auto\" srcset=\"https:\/\/entrenotasyacordes.com\/wp-content\/uploads\/2025\/01\/12d.jpg 1080w, https:\/\/entrenotasyacordes.com\/wp-content\/uploads\/2025\/01\/12d-240x300.jpg 240w, https:\/\/entrenotasyacordes.com\/wp-content\/uploads\/2025\/01\/12d-819x1024.jpg 819w, https:\/\/entrenotasyacordes.com\/wp-content\/uploads\/2025\/01\/12d-768x960.jpg 768w, https:\/\/entrenotasyacordes.com\/wp-content\/uploads\/2025\/01\/12d-1024x1280.jpg 1024w\" sizes=\"auto, (max-width: 1080px) 100vw, 1080px\" \/><\/figure>\n<\/div>\n\n\n<p class=\"has-text-align-left\"><strong>PREVENTA PARA CLIENTES SANTANDER AMERICAN EXPRESS EN 6 CUOTAS SIN INTER\u00c9S DESDE EL 22 DE ENERO A LAS 10:00 AM.<\/strong><\/p>\n\n\n\n<p class=\"has-text-align-left\"><strong>VENTA GENERAL DESDE EL 23 DE ENERO A LAS 10:00 HORAS. TODOS LOS TICKETS A LA VENTA DESDE\u00a0<a href=\"https:\/\/instagramc.tr.pemsv30.net\/c\/eyJhIjoiaW5zdGFncmFtYyIsIm0iOiJtYWlsX2NtNjZtMGdka2RweWQwODE4OHg1ZzdlNDMiLCJsIjoibGlua19iNTRjMGQ2MzUyYmMwOTljNzI5MDk5M2IxZWY2N2E4YTIwZDE4ODk4X2E1OGI5ZSIsImkiOltdLCJ1IjoiaHR0cDovL0FMTEFDQ0VTUy5DT00uQVI_dXRtX3NvdXJjZT1wZXJmaXQmdXRtX21lZGl1bT1lbWFpbCZ1dG1fY2FtcGFpZ249TE9MTEFQQUxPT1pBJTIwMjAyNSUyMCU3QyUyMFNJREVTSE9XUyUyMCU3QyIsImMiOiIiLCJoIjoiYjA1M2QzIn0\" target=\"_blank\" rel=\"noreferrer noopener\">ALLACCESS.COM.AR<\/a>.<\/strong><\/p>\n\n\n\n<p class=\"has-text-align-left\">Mientras tachamos los d\u00edas que faltan para vivir\u00a0<strong>Lollapalooza Argentina<\/strong>\u00a0\u2014exactamente 59, para ser m\u00e1s precisos\u2014, el festival sigue prepar\u00e1ndose con todo. Es que este a\u00f1o el #LollaAR, producido por\u00a0<strong>DF Enterainment<\/strong>, celebra sus 10 a\u00f1os en Argentina y ser\u00e1 a lo grande, elevando la experiencia al m\u00e1ximo durante todo el fin de semana del 21 al 23 de marzo\u2026\u00a1y los d\u00edas previos y posteriores tambi\u00e9n! Con\u00a0<strong>Olivia Rodrigo, Justin Timberlake, Shawn Mendes, Alanis Morissette, TOOL, R\u00dcF\u00dcS DU SOL y Tan Bionica<\/strong>\u00a0al frente de una grilla impecable y variada, y una cartelera de sideshows incre\u00edble con\u00a0<strong>Foster the People, Nathy Peluso, Girl in Red, Fontaines D.C., The Mar\u00edas, JPEGMAFIA y Marina Reche<\/strong>, #LollaAR no puede parar.\u00a0<strong>Ahora el festival suma dos shows imperdibles<\/strong>\u00a0para completar una semana \u00e9pica llena de m\u00fasica:\u00a0<strong>el mi\u00e9rcoles 19 de marzo se presentar\u00e1 Parcels en C Art Media y el 24 de marzo Benson Boone brillar\u00e1 en el escenario de Teatro Vorterix.<\/strong><\/p>\n\n\n\n<p class=\"has-text-align-left\"><strong>Las entradas para estos shows<\/strong>\u00a0se podr\u00e1n adquirir en la preventa exclusiva para clientes Santander American Express a partir del 22 de enero. o en la venta general a partir del 23 de enero, en ambos casos a partir de las 10 a.m. y\u00a0<strong>s\u00f3lo a trav\u00e9s de All Access<\/strong>.<\/p>\n\n\n\n<p class=\"has-text-align-left\"><strong>Parcels es sin\u00f3nimo de indietronica<\/strong>, un mix perfecto entre los sonidos catalogados como \u201cindie\u201d y los beats de la electr\u00f3nica, bailable, fresco, de vocals irresisitibles y un vivo reconocido por la cr\u00edtica como simplemente electrizante. Luego de su \u00e1lbum debut&nbsp;<em>Parcels&nbsp;<\/em>en 2018, que NME describi\u00f3 como \u201c<strong>atemporal y peligrosamente pegadizo<\/strong>\u201d, la banda se instal\u00f3 en el centro de la escena y nunca dej\u00f3 de sorprender desde entonces.<\/p>\n\n\n\n<p class=\"has-text-align-left\">Por otro lado\u00a0<strong>Benson Boone<\/strong>, la revelaci\u00f3n pop estadounidense de 21 a\u00f1os, estar\u00e1 estrenando en solitario todo el material de\u00a0<em>Fireworks &amp; Rollerblades<\/em>, su primer \u00e1lbum, que incluye \u00e9xitos como \u201c<strong>Beautiful Things<\/strong>\u201d, certificado triple platino.\u00a0<\/p>\n\n\n\n<p class=\"has-text-align-left\">La cartelera de los\u00a0<strong>sideshows\u00a0<\/strong>luce as\u00ed: en la\u00a0<strong>previa<\/strong>, adem\u00e1s de\u00a0<strong>Parcels<\/strong>, estar\u00e1n\u00a0<strong>Foster The People<\/strong>\u00a0(20 de marzo &#8211; C Art Media), y\u00a0<strong>The Mar\u00edas<\/strong>\u00a0(20 de marzo &#8211; Teatro Vorterix).\u00a0<strong>Los d\u00edas posteriores<\/strong>\u00a0al festival tendr\u00e1n una propuesta de sideshows para despedir el #LollaAR haciendo lo que m\u00e1s nos gusta: compartiendo m\u00fasica en vivo. Los fan adem\u00e1s de disfrutar de shows de\u00a0<strong>Fontaines D.C.<\/strong>\u00a0(24 de marzo &#8211; Niceto Club), podr\u00e1n entonar los \u00e9xitos virales de Benson Boone (24 de marzo &#8211; Teatro Vorterix) y bailar con Girl in Red (25 de Marzo &#8211; C Art Media). Por \u00faltimo, Lollapalooza Argentina tendr\u00e1 a\u00a0<strong>JPEGMAFIA\u00a0<\/strong>en Niceto Club el 25 de marzo, se mudar\u00e1 de provincia a C\u00f3rdoba el 27 de marzo con la visita de\u00a0<strong>Nathy Peluso<\/strong>\u00a0en la Plaza de la M\u00fasica y cerrar\u00e1 una semana llena de m\u00fasica con\u00a0<strong>Marina Reche<\/strong>\u00a0en Teatro Vorterix el 28 de marzo.<\/p>\n\n\n\n<p class=\"has-text-align-left\"><strong>SIDESHOWS<\/strong><\/p>\n\n\n\n<p>PRE LOLLA:<br><strong>Mi\u00e9rcoles 19 de marzo<\/strong><br>Parcels &#8211; C Art Media\u00a0<strong>\u00a1SHOW NUEVO!<\/strong><\/p>\n\n\n\n<p class=\"has-text-align-left\"><strong>Jueves 20 de marzo<\/strong><br>Foster the People &#8211; C Art Media\u00a0<strong>\u00a1\u00daLTIMOS TICKETS!<\/strong><br>The Mar\u00edas &#8211; Teatro Vorterix\u00a0<strong>\u00a1\u00daLTIMOS TICKETS!<\/strong><\/p>\n\n\n\n<p class=\"has-text-align-left\">POST LOLLA:\u00a0<br><strong>Lunes 24 de marzo\u00a0<\/strong><br>Fontaines D.C. &#8211; Niceto Club\u00a0<strong>\u00a1SOLD-OUT!<\/strong><br>Girl in Red &#8211; C Art Media<\/p>\n\n\n\n<p><strong>Martes 25 de marzo<\/strong><br>JPEGMAFIA &#8211; Niceto Club\u00a0<strong>\u00a1SOLD-OUT!<\/strong><\/p>\n\n\n\n<p><strong>Jueves 27 de marzo<\/strong><br>Nathy Peluso &#8211; Plaza de la M\u00fasica<\/p>\n\n\n\n<p class=\"has-text-align-left\"><strong>Viernes 28 de marzo<\/strong><br>Marina Reche &#8211; Teatro Vorterix<\/p>\n\n\n\n<p><strong>Lollapalooza sigue con las buenas noticias a medida que se acerca el esperado mes de marzo\u2026<\/strong>\u00a0y a esta altura, no habr\u00eda que descartar a\u00fan m\u00e1s sorpresas para hacer de su cumplea\u00f1os n\u00famero 10 en Argentina una fiesta sin precedentes.<\/p>\n\n\n\n<p class=\"has-text-align-center\"><strong>EL \u00daNICO SITIO OFICIAL DE VENTA DE ENTRADAS ES\u00a0<\/strong><a href=\"https:\/\/allaccess.com.ar\/\">ALLACCESS.COM.AR<\/a><strong>.<\/strong><br><strong>NO COMPRAR TICKETS EN SITIOS NO OFICIALES.\u00a0<\/strong><\/p>\n","protected":false},"excerpt":{"rendered":"","protected":false},"author":5,"featured_media":13598,"comment_status":"open","ping_status":"open","sticky":false,"template":"","format":"standard","meta":{"om_disable_all_campaigns":false,"_uf_show_specific_survey":0,"_uf_disable_surveys":false,"footnotes":""},"categories":[36],"tags":[],"class_list":["post-13597","post","type-post","status-publish","format-standard","has-post-thumbnail","hentry","category-conciertos"],"_links":{"self":[{"href":"https:\/\/entrenotasyacordes.com\/index.php?rest_route=\/wp\/v2\/posts\/13597","targetHints":{"allow":["GET"]}}],"collection":[{"href":"https:\/\/entrenotasyacordes.com\/index.php?rest_route=\/wp\/v2\/posts"}],"about":[{"href":"https:\/\/entrenotasyacordes.com\/index.php?rest_route=\/wp\/v2\/types\/post"}],"author":[{"embeddable":true,"href":"https:\/\/entrenotasyacordes.com\/index.php?rest_route=\/wp\/v2\/users\/5"}],"replies":[{"embeddable":true,"href":"https:\/\/entrenotasyacordes.com\/index.php?rest_route=%2Fwp%2Fv2%2Fcomments&post=13597"}],"version-history":[{"count":1,"href":"https:\/\/entrenotasyacordes.com\/index.php?rest_route=\/wp\/v2\/posts\/13597\/revisions"}],"predecessor-version":[{"id":13599,"href":"https:\/\/entrenotasyacordes.com\/index.php?rest_route=\/wp\/v2\/posts\/13597\/revisions\/13599"}],"wp:featuredmedia":[{"embeddable":true,"href":"https:\/\/entrenotasyacordes.com\/index.php?rest_route=\/wp\/v2\/media\/13598"}],"wp:attachment":[{"href":"https:\/\/entrenotasyacordes.com\/index.php?rest_route=%2Fwp%2Fv2%2Fmedia&parent=13597"}],"wp:term":[{"taxonomy":"category","embeddable":true,"href":"https:\/\/entrenotasyacordes.com\/index.php?rest_route=%2Fwp%2Fv2%2Fcategories&post=13597"},{"taxonomy":"post_tag","embeddable":true,"href":"https:\/\/entrenotasyacordes.com\/index.php?rest_route=%2Fwp%2Fv2%2Ftags&post=13597"}],"curies":[{"name":"wp","href":"https:\/\/api.w.org\/{rel}","templated":true}]}}