{"id":13602,"date":"2025-01-29T00:43:15","date_gmt":"2025-01-29T00:43:15","guid":{"rendered":"https:\/\/entrenotasyacordes.com\/?p=13602"},"modified":"2025-01-29T00:43:16","modified_gmt":"2025-01-29T00:43:16","slug":"tattoo-show-buenos-aires-2025","status":"publish","type":"post","link":"https:\/\/entrenotasyacordes.com\/?p=13602","title":{"rendered":"TATTOO SHOW BUENOS AIRES 2025"},"content":{"rendered":"\n<!--more-->\n\n\n\n<p class=\"has-text-align-center\"><strong>\u00a1EL ARTE Y LA CULTURA URBANA SE TATUAR\u00c1N EN TU PIEL!<\/strong><br>LOS D\u00cdAS 28 DE FEBRERO, 1 Y 2 DE MARZO DE 2025, LA RURAL<\/p>\n\n\n<div class=\"wp-block-image\">\n<figure class=\"aligncenter size-full\"><img loading=\"lazy\" decoding=\"async\" width=\"1110\" height=\"1600\" src=\"https:\/\/entrenotasyacordes.com\/wp-content\/uploads\/2025\/01\/12e.jpg\" alt=\"\" class=\"wp-image-13603\" srcset=\"https:\/\/entrenotasyacordes.com\/wp-content\/uploads\/2025\/01\/12e.jpg 1110w, https:\/\/entrenotasyacordes.com\/wp-content\/uploads\/2025\/01\/12e-208x300.jpg 208w, https:\/\/entrenotasyacordes.com\/wp-content\/uploads\/2025\/01\/12e-710x1024.jpg 710w, https:\/\/entrenotasyacordes.com\/wp-content\/uploads\/2025\/01\/12e-768x1107.jpg 768w, https:\/\/entrenotasyacordes.com\/wp-content\/uploads\/2025\/01\/12e-1066x1536.jpg 1066w, https:\/\/entrenotasyacordes.com\/wp-content\/uploads\/2025\/01\/12e-1024x1476.jpg 1024w\" sizes=\"auto, (max-width: 1110px) 100vw, 1110px\" \/><\/figure>\n<\/div>\n\n\n<p class=\"has-text-align-center\"><strong>Entradas a la venta en: <\/strong><a href=\"https:\/\/www.laruralticket.com.ar\/event\/tattoo-show\"><strong>https:\/\/www.laruralticket.com.ar\/event\/tattoo-show<\/strong><\/a><\/p>\n\n\n\n<p>Tattoo Show Buenos Aires, la exposici\u00f3n de tatuajes m\u00e1s importante de Argentina y una de las mayores de Am\u00e9rica Latina, regresa al emblem\u00e1tico Predio Ferial de Palermo &#8211; La Rural. Durante tres d\u00edas, este evento ic\u00f3nico ser\u00e1 el epicentro del arte corporal y la cultura urbana, convocando a miles de entusiastas para vivir una experiencia inolvidable.<\/p>\n\n\n\n<p><strong>Un Festival \u00danico e Inolvidable<\/strong><\/p>\n\n\n\n<p>Tattoo Show Buenos Aires 2025 ofrecer\u00e1 una amplia variedad de actividades y espect\u00e1culos para todos los gustos:<\/p>\n\n\n\n<ul class=\"wp-block-list\">\n<li>Tatuajes en vivo: Creaciones \u00fanicas de los mejores artistas nacionales e internacionales.<\/li>\n\n\n\n<li>Shows musicales imperdibles:<ul><li>Viernes: Luciana Segovia &amp; Vikingos, Kiss Alive.<\/li><\/ul><ul><li>S\u00e1bado: Gulp! y Rodrigo Romero (tributo a Rodrigo).<\/li><\/ul>\n<ul class=\"wp-block-list\">\n<li>Domingo: Bryathan y Kapanga como gran cierre en el escenario principal.<\/li>\n<\/ul>\n<\/li>\n\n\n\n<li>Exhibici\u00f3n de motos y autos cl\u00e1sicos: Fusi\u00f3n perfecta entre la pasi\u00f3n por los motores y el arte del tatuaje.<\/li>\n\n\n\n<li>Galer\u00edas de arte: Obras de destacados artistas como Remigio Iriundo.<\/li>\n\n\n\n<li>Concursos din\u00e1micos:<ul><li>Cosplay con premios incre\u00edbles.<\/li><\/ul><ul><li>Concurso de barbas liderado por Villanos Barbudos.<\/li><\/ul>\n<ul class=\"wp-block-list\">\n<li>Miss y Mister Tattoo, una emocionante novedad este a\u00f1o.<\/li>\n<\/ul>\n<\/li>\n\n\n\n<li>Batalla de Gallos y demostraciones de skate en una rampa especialmente dise\u00f1ada.<\/li>\n\n\n\n<li>Zona para ni\u00f1os: Juegos y actividades dise\u00f1adas para los m\u00e1s peque\u00f1os.<\/li>\n\n\n\n<li>Delicias gastron\u00f3micas: Food trucks y stands con opciones para todos los gustos.<\/li>\n<\/ul>\n\n\n\n<p><strong>Informaci\u00f3n General<\/strong><br>Fechas: 28 de febrero, 1 y 2 de marzo de 2025 <br>Lugar: Predio Ferial de Palermo &#8211; La Rural <br>Horario: De 12:00 a 22:00 h<br>Streaming en vivo: Sigue el evento a trav\u00e9s de nuestro canal de YouTube y otras plataformas.<\/p>\n\n\n\n<p><strong>Concursos y Categor\u00edas<\/strong><\/p>\n\n\n\n<p>Pr\u00f3ximamente se anunciar\u00e1n los detalles finales de las categor\u00edas y los reglamentos. \u00a1Participa y sorprende a nuestro jurado de primer nivel!<\/p>\n\n\n\n<ul class=\"wp-block-list\">\n<li>Preselecciones privadas para artistas y lienzos.<\/li>\n\n\n\n<li>Finales en el escenario principal.<\/li>\n\n\n\n<li>Categor\u00edas para tatuajes realizados en el evento y obras previamente curadas.<\/li>\n<\/ul>\n","protected":false},"excerpt":{"rendered":"","protected":false},"author":5,"featured_media":13603,"comment_status":"open","ping_status":"open","sticky":false,"template":"","format":"standard","meta":{"om_disable_all_campaigns":false,"_uf_show_specific_survey":0,"_uf_disable_surveys":false,"footnotes":""},"categories":[34],"tags":[],"class_list":["post-13602","post","type-post","status-publish","format-standard","has-post-thumbnail","hentry","category-ultimas-noticias"],"_links":{"self":[{"href":"https:\/\/entrenotasyacordes.com\/index.php?rest_route=\/wp\/v2\/posts\/13602","targetHints":{"allow":["GET"]}}],"collection":[{"href":"https:\/\/entrenotasyacordes.com\/index.php?rest_route=\/wp\/v2\/posts"}],"about":[{"href":"https:\/\/entrenotasyacordes.com\/index.php?rest_route=\/wp\/v2\/types\/post"}],"author":[{"embeddable":true,"href":"https:\/\/entrenotasyacordes.com\/index.php?rest_route=\/wp\/v2\/users\/5"}],"replies":[{"embeddable":true,"href":"https:\/\/entrenotasyacordes.com\/index.php?rest_route=%2Fwp%2Fv2%2Fcomments&post=13602"}],"version-history":[{"count":1,"href":"https:\/\/entrenotasyacordes.com\/index.php?rest_route=\/wp\/v2\/posts\/13602\/revisions"}],"predecessor-version":[{"id":13604,"href":"https:\/\/entrenotasyacordes.com\/index.php?rest_route=\/wp\/v2\/posts\/13602\/revisions\/13604"}],"wp:featuredmedia":[{"embeddable":true,"href":"https:\/\/entrenotasyacordes.com\/index.php?rest_route=\/wp\/v2\/media\/13603"}],"wp:attachment":[{"href":"https:\/\/entrenotasyacordes.com\/index.php?rest_route=%2Fwp%2Fv2%2Fmedia&parent=13602"}],"wp:term":[{"taxonomy":"category","embeddable":true,"href":"https:\/\/entrenotasyacordes.com\/index.php?rest_route=%2Fwp%2Fv2%2Fcategories&post=13602"},{"taxonomy":"post_tag","embeddable":true,"href":"https:\/\/entrenotasyacordes.com\/index.php?rest_route=%2Fwp%2Fv2%2Ftags&post=13602"}],"curies":[{"name":"wp","href":"https:\/\/api.w.org\/{rel}","templated":true}]}}