{"id":13668,"date":"2025-01-30T23:03:36","date_gmt":"2025-01-30T23:03:36","guid":{"rendered":"https:\/\/entrenotasyacordes.com\/?p=13668"},"modified":"2025-01-30T23:03:37","modified_gmt":"2025-01-30T23:03:37","slug":"lisa-anuncia-su-nuevo-single-born-again-ft-doja-cat-y-raye-que-se-lanzara-el-6-de-febrero","status":"publish","type":"post","link":"https:\/\/entrenotasyacordes.com\/?p=13668","title":{"rendered":"LISA anuncia su nuevo single \u201cBORN AGAIN\u201d\u00a0FT.\u00a0DOJA CAT\u00a0y\u00a0RAYE que se lanzar\u00e1 el 6 de febrero"},"content":{"rendered":"\n<!--more-->\n\n\n<div class=\"wp-block-image\">\n<figure class=\"aligncenter size-full is-resized\"><img loading=\"lazy\" decoding=\"async\" width=\"637\" height=\"958\" src=\"https:\/\/entrenotasyacordes.com\/wp-content\/uploads\/2025\/01\/12gggggggggg.jpg\" alt=\"\" class=\"wp-image-13669\" style=\"width:765px;height:auto\" srcset=\"https:\/\/entrenotasyacordes.com\/wp-content\/uploads\/2025\/01\/12gggggggggg.jpg 637w, https:\/\/entrenotasyacordes.com\/wp-content\/uploads\/2025\/01\/12gggggggggg-199x300.jpg 199w\" sizes=\"auto, (max-width: 637px) 100vw, 637px\" \/><\/figure>\n<\/div>\n\n\n<p class=\"has-text-align-center\"><strong>\u00c1LBUM SOLISTA DEBUT\u00a0<em>ALTER EGO<\/em><br>\u00a0DISPONIBLE EL 28 DE FEBRERO<\/strong><\/p>\n\n\n\n<p class=\"has-text-align-left\">La rapera, cantante, bailarina e \u00edcono de estilo de renombre mundial,\u00a0<strong>LISA\u00a0<\/strong>anuncia su nuevo single\u00a0<strong>\u00abBorn Again\u00bb<\/strong>\u00a0con\u00a0<strong>Doja Cat\u00a0<\/strong>y\u00a0<strong>Raye<\/strong>. El esperado track se lanzar\u00e1 el 6 de febrero de 2025 &#8211; pre guarda\u00a0<strong><a href=\"https:\/\/click.emails.sonymusicfans.com\/?qs=f9007e43ae86c3061a6588646e3d918379ed09078fa9dfbf4f30fba723e7e92d6c28e8021bb34cad98b4d46deaf74d2558c0f9aa886d2348\">AQU\u00cd\u00a0<\/a><\/strong>y mir\u00e1 el anuncio\u00a0<a href=\"https:\/\/click.emails.sonymusicfans.com\/?qs=f9007e43ae86c306007a1e07e31248fcbe4a77bbb95711005a2ef477eb3f154fdc077c0340d7a6c30443d4b9648f0960f961361d5b391683\"><strong>AQU\u00cd.<\/strong><\/a><\/p>\n\n\n\n<p class=\"has-text-align-left\"><strong>\u00abBorn Again\u00bb ft. Doja Cat\u00a0<\/strong>y\u00a0<strong>Raye<\/strong>\u00a0aparecer\u00e1 en el muy esperado \u00e1lbum debut en solitario de\u00a0<strong>LISA<\/strong>,\u00a0<strong><em>Alter Ego<\/em><\/strong><em>,\u00a0<\/em>que se lanzar\u00e1 el 28 de febrero.\u00a0<\/p>\n\n\n\n<p class=\"has-text-align-left\">2025 ya se perfila como un a\u00f1o emocionante para LISA. Adem\u00e1s de lanzar su nuevo \u00e1lbum, har\u00e1 su debut como actriz en la tercera temporada de\u00a0<em>The White Lotus\u00a0<\/em>de HBO,que se estrena el 16 de febrero<em>.<\/em>\u00a0Y en abril, LISA regresar\u00e1 al desierto, esta vez para hacer su debut en solitario en Coachella.<\/p>\n","protected":false},"excerpt":{"rendered":"","protected":false},"author":5,"featured_media":13669,"comment_status":"open","ping_status":"open","sticky":false,"template":"","format":"standard","meta":{"om_disable_all_campaigns":false,"_uf_show_specific_survey":0,"_uf_disable_surveys":false,"footnotes":""},"categories":[4],"tags":[],"class_list":["post-13668","post","type-post","status-publish","format-standard","has-post-thumbnail","hentry","category-musica"],"_links":{"self":[{"href":"https:\/\/entrenotasyacordes.com\/index.php?rest_route=\/wp\/v2\/posts\/13668","targetHints":{"allow":["GET"]}}],"collection":[{"href":"https:\/\/entrenotasyacordes.com\/index.php?rest_route=\/wp\/v2\/posts"}],"about":[{"href":"https:\/\/entrenotasyacordes.com\/index.php?rest_route=\/wp\/v2\/types\/post"}],"author":[{"embeddable":true,"href":"https:\/\/entrenotasyacordes.com\/index.php?rest_route=\/wp\/v2\/users\/5"}],"replies":[{"embeddable":true,"href":"https:\/\/entrenotasyacordes.com\/index.php?rest_route=%2Fwp%2Fv2%2Fcomments&post=13668"}],"version-history":[{"count":1,"href":"https:\/\/entrenotasyacordes.com\/index.php?rest_route=\/wp\/v2\/posts\/13668\/revisions"}],"predecessor-version":[{"id":13670,"href":"https:\/\/entrenotasyacordes.com\/index.php?rest_route=\/wp\/v2\/posts\/13668\/revisions\/13670"}],"wp:featuredmedia":[{"embeddable":true,"href":"https:\/\/entrenotasyacordes.com\/index.php?rest_route=\/wp\/v2\/media\/13669"}],"wp:attachment":[{"href":"https:\/\/entrenotasyacordes.com\/index.php?rest_route=%2Fwp%2Fv2%2Fmedia&parent=13668"}],"wp:term":[{"taxonomy":"category","embeddable":true,"href":"https:\/\/entrenotasyacordes.com\/index.php?rest_route=%2Fwp%2Fv2%2Fcategories&post=13668"},{"taxonomy":"post_tag","embeddable":true,"href":"https:\/\/entrenotasyacordes.com\/index.php?rest_route=%2Fwp%2Fv2%2Ftags&post=13668"}],"curies":[{"name":"wp","href":"https:\/\/api.w.org\/{rel}","templated":true}]}}