{"id":13671,"date":"2025-01-30T23:09:12","date_gmt":"2025-01-30T23:09:12","guid":{"rendered":"https:\/\/entrenotasyacordes.com\/?p=13671"},"modified":"2025-01-30T23:09:13","modified_gmt":"2025-01-30T23:09:13","slug":"robi-y-sebastian-yatra-transforman-emociones-en-musica-con-lienzo-su-nuevo-single","status":"publish","type":"post","link":"https:\/\/entrenotasyacordes.com\/?p=13671","title":{"rendered":"ROBI Y SEBASTI\u00c1N YATRA TRANSFORMAN EMOCIONES EN M\u00daSICA CON \u201cLIENZO\u201d, SU NUEVO SINGLE"},"content":{"rendered":"\n<!--more-->\n\n\n\n<p class=\"has-text-align-left\">A trav\u00e9s de esta nueva -y primera- colaboraci\u00f3n con el artista colombiano, el joven artista ROBI contin\u00faa redefiniendo el pop latino con un mensaje de amor y esperanza.<\/p>\n\n\n<div class=\"wp-block-image\">\n<figure class=\"aligncenter size-full is-resized\"><img loading=\"lazy\" decoding=\"async\" width=\"726\" height=\"722\" src=\"https:\/\/entrenotasyacordes.com\/wp-content\/uploads\/2025\/01\/12h.jpeg\" alt=\"\" class=\"wp-image-13672\" style=\"width:765px;height:auto\" srcset=\"https:\/\/entrenotasyacordes.com\/wp-content\/uploads\/2025\/01\/12h.jpeg 726w, https:\/\/entrenotasyacordes.com\/wp-content\/uploads\/2025\/01\/12h-300x298.jpeg 300w, https:\/\/entrenotasyacordes.com\/wp-content\/uploads\/2025\/01\/12h-150x150.jpeg 150w, https:\/\/entrenotasyacordes.com\/wp-content\/uploads\/2025\/01\/12h-50x50.jpeg 50w\" sizes=\"auto, (max-width: 726px) 100vw, 726px\" \/><\/figure>\n<\/div>\n\n\n<p>Robi y Sebasti\u00e1n Yatra unen fuerzas para presentar \u201c<a href=\"https:\/\/instagramc.tr.pemsv30.net\/c\/eyJhIjoiaW5zdGFncmFtYyIsIm0iOiJtYWlsX2NtNmk2NXRhZXd4NXUwODE4bjl1N3c1MDIiLCJsIjoibGlua181MjNlNDg1MjMwYTMwMGJiZjk1YWYwMTcyMDVhYzAzYTlhOTU5ODhlX2RkYjA3MyIsImkiOltdLCJ1IjoiaHR0cHM6Ly9sbmsudG8vbGllbnpvLXJvYmktc2ViYXN0aWFueWF0cmE_dXRtX3NvdXJjZT1wZXJmaXQmdXRtX21lZGl1bT1lbWFpbCZ1dG1fY2FtcGFpZ249Uk9CSSUyMCU3QyUyMExJRU5aTyUyMEZUJTIwWUFUUkEiLCJjIjoiIiwiaCI6IjEzNTg4NCJ9\" target=\"_blank\" rel=\"noreferrer noopener\"><strong>Lienzo<\/strong><\/a>\u201d, un sencillo que promete tocar el coraz\u00f3n del p\u00fablico y convertirse en un himno cargado de amor, esperanza y buena energ\u00eda. Disponible a partir de hoy, 23 de enero, en todas las plataformas digitales, esta colaboraci\u00f3n surge de una conexi\u00f3n genuina y una admiraci\u00f3n mutua entre ambos artistas, destac\u00e1ndose por su autenticidad y frescura.<\/p>\n\n\n\n<p>La magia de &#8216;Lienzo&#8217; naci\u00f3 en Los \u00c1ngeles, durante una sesi\u00f3n creativa en el estudio donde\u00a0<strong>Robi\u00a0<\/strong>y\u00a0<strong>Yatra\u00a0<\/strong>conversaban sobre ese sentimiento \u00fanico de emoci\u00f3n y nervios, como las mariposas en el est\u00f3mago, que surge en momentos especiales. Fue en ese momento de inspiraci\u00f3n y conexi\u00f3n que la canci\u00f3n comenz\u00f3 a tomar forma, capturando esa emoci\u00f3n \u00fanica y universal que todos hemos sentido alguna vez.<\/p>\n\n\n\n<p>\u201c<em>Me gusta mucho la forma en la que Robi crea m\u00fasica. Desde el primer momento que nos juntamos supe que compartimos una visi\u00f3n similar sobre lo que quer\u00edamos transmitir, y sab\u00eda que pod\u00edamos crear algo realmente especial<\/em>\u201d, comenta Yatra. En esta colaboraci\u00f3n, los artistas lograron dar forma a una canci\u00f3n que combina melod\u00edas cautivadoras con una letra que invita a ver la vida como una obra de arte en constante construcci\u00f3n.<\/p>\n\n\n\n<p><em>\u201c<strong>Lienzo<\/strong>\u201d es mucho m\u00e1s que una canci\u00f3n\u2014es un lienzo donde Sebasti\u00e1n Yatra y yo dejamos el alma en cada letra y cada melod\u00eda. Adem\u00e1s filmar el video en Nueva York le dio una energ\u00eda \u00fanica, llena de vida, que complementa perfectamente la historia que queremos contar. Es un proyecto hecho con tanto amor y dedicaci\u00f3n que no puedo esperar a que el mundo lo sienta como nosotros lo vivimos.\u00bb<\/em>&nbsp;\u2013 Robi<\/p>\n\n\n<div class=\"wp-block-image\">\n<figure class=\"aligncenter size-full is-resized\"><img loading=\"lazy\" decoding=\"async\" width=\"1279\" height=\"765\" src=\"https:\/\/entrenotasyacordes.com\/wp-content\/uploads\/2025\/01\/12hh.jpeg\" alt=\"\" class=\"wp-image-13673\" style=\"width:765px;height:auto\" srcset=\"https:\/\/entrenotasyacordes.com\/wp-content\/uploads\/2025\/01\/12hh.jpeg 1279w, https:\/\/entrenotasyacordes.com\/wp-content\/uploads\/2025\/01\/12hh-300x179.jpeg 300w, https:\/\/entrenotasyacordes.com\/wp-content\/uploads\/2025\/01\/12hh-1024x612.jpeg 1024w, https:\/\/entrenotasyacordes.com\/wp-content\/uploads\/2025\/01\/12hh-768x459.jpeg 768w\" sizes=\"auto, (max-width: 1279px) 100vw, 1279px\" \/><\/figure>\n<\/div>\n\n\n<p>\u201cLienzo\u201d no solo destaca el talento vocal y compositivo de Robi y Yatra, sino tambi\u00e9n su pasi\u00f3n por transmitir mensajes positivos a trav\u00e9s de la m\u00fasica. Con una producci\u00f3n que fusiona el pop y ritmos contempor\u00e1neos, el sencillo transporta al oyente a un universo lleno de creatividad, emociones y posibilidades infinitas.<\/p>\n\n\n\n<p>Con este lanzamiento, Robi y Yatra invitan a sus fans a pintar su propia historia en el lienzo de la vida, record\u00e1ndonos que cada momento es una oportunidad para crear algo extraordinario. Esta colaboraci\u00f3n promete ser uno de los grandes temas del a\u00f1o, conectando con el p\u00fablico a un nivel profundamente personal y emocional.<\/p>\n","protected":false},"excerpt":{"rendered":"","protected":false},"author":5,"featured_media":13672,"comment_status":"open","ping_status":"open","sticky":false,"template":"","format":"standard","meta":{"om_disable_all_campaigns":false,"_uf_show_specific_survey":0,"_uf_disable_surveys":false,"footnotes":""},"categories":[4],"tags":[],"class_list":["post-13671","post","type-post","status-publish","format-standard","has-post-thumbnail","hentry","category-musica"],"_links":{"self":[{"href":"https:\/\/entrenotasyacordes.com\/index.php?rest_route=\/wp\/v2\/posts\/13671","targetHints":{"allow":["GET"]}}],"collection":[{"href":"https:\/\/entrenotasyacordes.com\/index.php?rest_route=\/wp\/v2\/posts"}],"about":[{"href":"https:\/\/entrenotasyacordes.com\/index.php?rest_route=\/wp\/v2\/types\/post"}],"author":[{"embeddable":true,"href":"https:\/\/entrenotasyacordes.com\/index.php?rest_route=\/wp\/v2\/users\/5"}],"replies":[{"embeddable":true,"href":"https:\/\/entrenotasyacordes.com\/index.php?rest_route=%2Fwp%2Fv2%2Fcomments&post=13671"}],"version-history":[{"count":1,"href":"https:\/\/entrenotasyacordes.com\/index.php?rest_route=\/wp\/v2\/posts\/13671\/revisions"}],"predecessor-version":[{"id":13674,"href":"https:\/\/entrenotasyacordes.com\/index.php?rest_route=\/wp\/v2\/posts\/13671\/revisions\/13674"}],"wp:featuredmedia":[{"embeddable":true,"href":"https:\/\/entrenotasyacordes.com\/index.php?rest_route=\/wp\/v2\/media\/13672"}],"wp:attachment":[{"href":"https:\/\/entrenotasyacordes.com\/index.php?rest_route=%2Fwp%2Fv2%2Fmedia&parent=13671"}],"wp:term":[{"taxonomy":"category","embeddable":true,"href":"https:\/\/entrenotasyacordes.com\/index.php?rest_route=%2Fwp%2Fv2%2Fcategories&post=13671"},{"taxonomy":"post_tag","embeddable":true,"href":"https:\/\/entrenotasyacordes.com\/index.php?rest_route=%2Fwp%2Fv2%2Ftags&post=13671"}],"curies":[{"name":"wp","href":"https:\/\/api.w.org\/{rel}","templated":true}]}}