{"id":13675,"date":"2025-01-30T23:15:06","date_gmt":"2025-01-30T23:15:06","guid":{"rendered":"https:\/\/entrenotasyacordes.com\/?p=13675"},"modified":"2025-01-30T23:15:07","modified_gmt":"2025-01-30T23:15:07","slug":"ca7riel-paco-amoroso-deslumbran-en-la-semana-de-la-moda-en-paris","status":"publish","type":"post","link":"https:\/\/entrenotasyacordes.com\/?p=13675","title":{"rendered":"CA7RIEL &amp; PACO AMOROSO DESLUMBRAN EN LA SEMANA DE LA MODA EN PAR\u00cdS"},"content":{"rendered":"\n<!--more-->\n\n\n\n<p>Con crossovers inesperados con\u00a0<strong>Hunter Schafer<\/strong>,\u00a0<strong>Robert Pattinson<\/strong>,\u00a0<strong>Lee Jung-jae<\/strong>, entre otros, la dupla argentina revelaci\u00f3n irrumpi\u00f3 en la Semana de la Moda m\u00e1s importante de Par\u00eds.<\/p>\n\n\n<div class=\"wp-block-image\">\n<figure class=\"aligncenter size-full is-resized\"><img loading=\"lazy\" decoding=\"async\" width=\"1600\" height=\"1200\" src=\"https:\/\/entrenotasyacordes.com\/wp-content\/uploads\/2025\/01\/12hhh.jpg\" alt=\"\" class=\"wp-image-13676\" style=\"width:709px;height:auto\" srcset=\"https:\/\/entrenotasyacordes.com\/wp-content\/uploads\/2025\/01\/12hhh.jpg 1600w, https:\/\/entrenotasyacordes.com\/wp-content\/uploads\/2025\/01\/12hhh-300x225.jpg 300w, https:\/\/entrenotasyacordes.com\/wp-content\/uploads\/2025\/01\/12hhh-1024x768.jpg 1024w, https:\/\/entrenotasyacordes.com\/wp-content\/uploads\/2025\/01\/12hhh-768x576.jpg 768w, https:\/\/entrenotasyacordes.com\/wp-content\/uploads\/2025\/01\/12hhh-1536x1152.jpg 1536w\" sizes=\"auto, (max-width: 1600px) 100vw, 1600px\" \/><\/figure>\n<\/div>\n\n\n<p><strong>CA7RIEL &amp; Paco Amoroso<\/strong>&nbsp;sorprendieron en la Semana de la Moda en Par\u00eds, donde asistieron al desfile de alta costura de&nbsp;<strong>Ludovic de Saint Sernin<\/strong>&nbsp;para&nbsp;<strong>Jean Paul Gaultier<\/strong>. All\u00ed se encontraron con la actriz estadounidense&nbsp;<strong>Hunter Schafer<\/strong>, reconocida por su papel en \u00abEuphoria\u00bb en un crossover &nbsp;\u201ccon estilazo criminal\u201d, como bien lo dice Lali en \u201cSupers\u00f3nico\u201d, la colaboraci\u00f3n que hizo para BA\u00d1O MAR\u00cdA el disco debut de Cato y Paco lanzado en 2024 y que revolucion\u00f3 la escena internacional en un abrir y cerrar de ojos.<\/p>\n\n\n\n<p>Adem\u00e1s, Cato y Paco fueron invitados a una exclusiva gala de Dior en el restaurante Caviar Kaspia, organizada en el marco del estreno de la pel\u00edcula \u00ab<em>Mickey 17<\/em>\u00ab. En el evento, compartieron un momento con el protagonista del film,&nbsp;<strong>Robert Pattinson<\/strong>, junto a la cantante&nbsp;<strong>Tokischa<\/strong>, en una imagen capturada por la fot\u00f3grafa argentina&nbsp;<strong>Sof\u00eda Malamute<\/strong>.<\/p>\n\n\n<div class=\"wp-block-image\">\n<figure class=\"aligncenter size-full is-resized\"><img loading=\"lazy\" decoding=\"async\" width=\"1023\" height=\"573\" src=\"https:\/\/entrenotasyacordes.com\/wp-content\/uploads\/2025\/01\/12hhhh.jpg\" alt=\"\" class=\"wp-image-13677\" style=\"width:705px;height:auto\" srcset=\"https:\/\/entrenotasyacordes.com\/wp-content\/uploads\/2025\/01\/12hhhh.jpg 1023w, https:\/\/entrenotasyacordes.com\/wp-content\/uploads\/2025\/01\/12hhhh-300x168.jpg 300w, https:\/\/entrenotasyacordes.com\/wp-content\/uploads\/2025\/01\/12hhhh-768x430.jpg 768w\" sizes=\"auto, (max-width: 1023px) 100vw, 1023px\" \/><\/figure>\n<\/div>\n\n\n<p class=\"has-text-align-left\">Otro encuentro para la historia fue con\u00a0<strong>Lee Jung-jae<\/strong>, el actor surcoreano conocido por \u00ab<em>El Juego del Calamar<\/em>\u00ab. Las fotos de estas reuniones no tardaron en viralizarse, consolidando a CA7RIEL &amp; Paco Amoroso como la dupla argentina for export del momento.<\/p>\n\n\n<div class=\"wp-block-image\">\n<figure class=\"aligncenter size-full is-resized\"><img loading=\"lazy\" decoding=\"async\" width=\"360\" height=\"240\" src=\"https:\/\/entrenotasyacordes.com\/wp-content\/uploads\/2025\/01\/12hhhhh.jpg\" alt=\"\" class=\"wp-image-13678\" style=\"width:701px;height:auto\" srcset=\"https:\/\/entrenotasyacordes.com\/wp-content\/uploads\/2025\/01\/12hhhhh.jpg 360w, https:\/\/entrenotasyacordes.com\/wp-content\/uploads\/2025\/01\/12hhhhh-300x200.jpg 300w\" sizes=\"auto, (max-width: 360px) 100vw, 360px\" \/><\/figure>\n<\/div>","protected":false},"excerpt":{"rendered":"","protected":false},"author":5,"featured_media":13676,"comment_status":"open","ping_status":"open","sticky":false,"template":"","format":"standard","meta":{"om_disable_all_campaigns":false,"_uf_show_specific_survey":0,"_uf_disable_surveys":false,"footnotes":""},"categories":[34],"tags":[],"class_list":["post-13675","post","type-post","status-publish","format-standard","has-post-thumbnail","hentry","category-ultimas-noticias"],"_links":{"self":[{"href":"https:\/\/entrenotasyacordes.com\/index.php?rest_route=\/wp\/v2\/posts\/13675","targetHints":{"allow":["GET"]}}],"collection":[{"href":"https:\/\/entrenotasyacordes.com\/index.php?rest_route=\/wp\/v2\/posts"}],"about":[{"href":"https:\/\/entrenotasyacordes.com\/index.php?rest_route=\/wp\/v2\/types\/post"}],"author":[{"embeddable":true,"href":"https:\/\/entrenotasyacordes.com\/index.php?rest_route=\/wp\/v2\/users\/5"}],"replies":[{"embeddable":true,"href":"https:\/\/entrenotasyacordes.com\/index.php?rest_route=%2Fwp%2Fv2%2Fcomments&post=13675"}],"version-history":[{"count":1,"href":"https:\/\/entrenotasyacordes.com\/index.php?rest_route=\/wp\/v2\/posts\/13675\/revisions"}],"predecessor-version":[{"id":13679,"href":"https:\/\/entrenotasyacordes.com\/index.php?rest_route=\/wp\/v2\/posts\/13675\/revisions\/13679"}],"wp:featuredmedia":[{"embeddable":true,"href":"https:\/\/entrenotasyacordes.com\/index.php?rest_route=\/wp\/v2\/media\/13676"}],"wp:attachment":[{"href":"https:\/\/entrenotasyacordes.com\/index.php?rest_route=%2Fwp%2Fv2%2Fmedia&parent=13675"}],"wp:term":[{"taxonomy":"category","embeddable":true,"href":"https:\/\/entrenotasyacordes.com\/index.php?rest_route=%2Fwp%2Fv2%2Fcategories&post=13675"},{"taxonomy":"post_tag","embeddable":true,"href":"https:\/\/entrenotasyacordes.com\/index.php?rest_route=%2Fwp%2Fv2%2Ftags&post=13675"}],"curies":[{"name":"wp","href":"https:\/\/api.w.org\/{rel}","templated":true}]}}