{"id":13680,"date":"2025-01-30T23:21:48","date_gmt":"2025-01-30T23:21:48","guid":{"rendered":"https:\/\/entrenotasyacordes.com\/?p=13680"},"modified":"2025-01-30T23:21:49","modified_gmt":"2025-01-30T23:21:49","slug":"el-festival-madrileno-rio-babel-desvela-nuevos-artistas-del-cartel-2025","status":"publish","type":"post","link":"https:\/\/entrenotasyacordes.com\/?p=13680","title":{"rendered":"El festival madrile\u00f1o R\u00edo Babel desvela nuevos artistas del cartel 2025"},"content":{"rendered":"\n<!--more-->\n\n\n\n<p class=\"has-text-align-left\"><strong>Madness, Caravan Palace, Bebe,\u00a0 Yerai Cort\u00e9s y Rawayana entre los nuevos nombres de R\u00edo Babel 2025<\/strong><\/p>\n\n\n<div class=\"wp-block-image\">\n<figure class=\"aligncenter size-full is-resized\"><img loading=\"lazy\" decoding=\"async\" width=\"1920\" height=\"2400\" src=\"https:\/\/entrenotasyacordes.com\/wp-content\/uploads\/2025\/01\/12hhhhhh.jpg\" alt=\"\" class=\"wp-image-13681\" style=\"width:599px;height:auto\" srcset=\"https:\/\/entrenotasyacordes.com\/wp-content\/uploads\/2025\/01\/12hhhhhh.jpg 1920w, https:\/\/entrenotasyacordes.com\/wp-content\/uploads\/2025\/01\/12hhhhhh-240x300.jpg 240w, https:\/\/entrenotasyacordes.com\/wp-content\/uploads\/2025\/01\/12hhhhhh-819x1024.jpg 819w, https:\/\/entrenotasyacordes.com\/wp-content\/uploads\/2025\/01\/12hhhhhh-768x960.jpg 768w, https:\/\/entrenotasyacordes.com\/wp-content\/uploads\/2025\/01\/12hhhhhh-1229x1536.jpg 1229w, https:\/\/entrenotasyacordes.com\/wp-content\/uploads\/2025\/01\/12hhhhhh-1638x2048.jpg 1638w, https:\/\/entrenotasyacordes.com\/wp-content\/uploads\/2025\/01\/12hhhhhh-1024x1280.jpg 1024w\" sizes=\"auto, (max-width: 1920px) 100vw, 1920px\" \/><\/figure>\n<\/div>\n\n\n<p>Tras haber presentado importantes figuras para sus dos jornadas como Estopa, Kase.O y Cypress Hill, R\u00edo Babel presenta una nueva tanda de confirmaciones para esta nueva edici\u00f3n y anuncia el escenario Babel Comedy con un inmejorable elenco de humoristas.<\/p>\n\n\n\n<p>Desde su\u00a0<strong>primera edici\u00f3n en 2017<\/strong>, el\u00a0<strong>Festival R\u00edo Babel\u00a0<\/strong>se ha establecido como un evento original e ineludible en\u00a0<strong>Madrid<\/strong>. Con una\u00a0<strong>propuesta variada,<\/strong>\u00a0naci\u00f3 con el objetivo de cohesionar la escena musical espa\u00f1ola con la latina principalmente, a trav\u00e9s de sus exponentes m\u00e1s interesantes.\u00a0 <strong>R\u00edo Babe<\/strong>l se ha convertido en un<strong>\u00a0referente cultural<\/strong>, congregando en sus escenarios tanto a grandes nombres como a nuevos talentos, con la misi\u00f3n de\u00a0<strong>conectar culturas<\/strong>,\u00a0<strong>g\u00e9neros y generaciones.<\/strong><\/p>\n\n\n\n<p>Despu\u00e9s de dar a conocer a\u00a0<strong>Kase.O<\/strong>\u00a0y<strong>\u00a0Cypress Hill<\/strong>\u00a0como cabezas de cartel del\u00a0<strong>viernes 4 de julio<\/strong>, R\u00edo Babel desvela las nuevas bandas que conformar\u00e1n la primera jornada.<\/p>\n\n\n\n<p>El festival para esta ocasi\u00f3n contar\u00e1 con la agrupaci\u00f3n francesa\u00a0<strong>Caravan Palace<\/strong>, pioneros del electro swing, especialistas en mezclar m\u00fasica jazz y swing de los a\u00f1os 20 con elementos electr\u00f3nicos contempor\u00e1neos, interpretar\u00e1n sus bailables \u00e9xitos, adem\u00e1s de su \u00faltimo trabajo discogr\u00e1fico. Tambi\u00e9n se presentar\u00e1n los venezolanos\u00a0<strong>Rawayana<\/strong>, conocidos por su en\u00e9rgico show y combinaci\u00f3n de ritmos caribe\u00f1os con funk, reggae, soul y rock.\u00a0<strong>Los Amigos Invisibles<\/strong>, con su estilo \u00fanico de<strong>\u00a0<\/strong>funk, disco, acid jazz y ritmos latinos, cautivar\u00e1n al p\u00fablico con su vibrante directo llegados tambi\u00e9n desde Venezuela. El madrile\u00f1o\u00a0<strong>Mr. Kilombo<\/strong>, experto en elaborar<strong>\u00a0<\/strong>canciones que conectan de manera inmediata con el p\u00fablico, ofrecer\u00e1 un renovado concierto donde presentar\u00e1 su m\u00e1s reciente disco.\u00a0<strong>Reyna Tropical,<\/strong>\u00a0la mexicana afincada en Los \u00c1ngeles,<strong>\u00a0<\/strong>combinar\u00e1 ritmos afrocaribe\u00f1os, cumbia<strong>\u00a0<\/strong>y beats modernos, mientras que\u00a0<strong>\u00c1cido Pantera<\/strong>\u00a0trasladar\u00e1 a los asistentes a un viaje musical con su fusi\u00f3n de ritmos colombianos y electr\u00f3nica vanguardista.<\/p>\n\n\n\n<p>En el escenario de\u00a0<strong>Babel Comedy<\/strong>, tras los \u00e9xitos cosechados durante las ediciones pasadas, el c\u00f3mico de referencia encargado de abrir el escenario del humor ser\u00e1 el guionista y locutor de radio espa\u00f1ol\u00a0<strong>Iggy Rub\u00edn<\/strong>. Por su parte,\u00a0<strong>Laura M\u00e1rquez<\/strong>, una de las voces m\u00e1s interesantes del panorama del humor y la televisi\u00f3n, presentar\u00e1 las propuestas humor\u00edsticas de esta\u00a0<strong>primera jornada.<\/strong><\/p>\n\n\n\n<p>La c\u00f3mica y actriz\u00a0<strong>Bianca Kovacs<\/strong>, conocida por decir en voz alta lo que todos estaban pensando, regresa por tercer a\u00f1o. Tambi\u00e9n participar\u00e1 la madrile\u00f1a\u00a0<strong>Carmen Romero<\/strong>, quien har\u00e1 gala de su humor negro e ingenioso, as\u00ed como el c\u00e9lebre y admirado conquense\u00a0<strong>Joaqu\u00edn Reyes<\/strong>, que no ha dudado en embarcarse en esta c\u00f3mica aventura.\u00a0<strong>Gersanc<\/strong>, con sus mini-mon\u00f3logos y reflexiones ir\u00f3nicas, desatar\u00e1 las risas de los asistentes.<\/p>\n\n\n\n<p>En el espect\u00e1culo del argentino\u00a0<strong>Fede Cyrulnik<\/strong>, los asistentes disfrutar\u00e1n de una comedia \u00e1gil y envolvente, donde los signos del zodiaco son el centro de divertidas parodias. Finalmente,\u00a0<strong>Ra\u00fal Massana<\/strong>\u00a0no escatimar\u00e1 en diversi\u00f3n, sensibilidad y sorpresas, elementos caracter\u00edsticos de su espect\u00e1culo.<\/p>\n","protected":false},"excerpt":{"rendered":"","protected":false},"author":5,"featured_media":13682,"comment_status":"open","ping_status":"open","sticky":false,"template":"","format":"standard","meta":{"om_disable_all_campaigns":false,"_uf_show_specific_survey":0,"_uf_disable_surveys":false,"footnotes":""},"categories":[36],"tags":[],"class_list":["post-13680","post","type-post","status-publish","format-standard","has-post-thumbnail","hentry","category-conciertos"],"_links":{"self":[{"href":"https:\/\/entrenotasyacordes.com\/index.php?rest_route=\/wp\/v2\/posts\/13680","targetHints":{"allow":["GET"]}}],"collection":[{"href":"https:\/\/entrenotasyacordes.com\/index.php?rest_route=\/wp\/v2\/posts"}],"about":[{"href":"https:\/\/entrenotasyacordes.com\/index.php?rest_route=\/wp\/v2\/types\/post"}],"author":[{"embeddable":true,"href":"https:\/\/entrenotasyacordes.com\/index.php?rest_route=\/wp\/v2\/users\/5"}],"replies":[{"embeddable":true,"href":"https:\/\/entrenotasyacordes.com\/index.php?rest_route=%2Fwp%2Fv2%2Fcomments&post=13680"}],"version-history":[{"count":1,"href":"https:\/\/entrenotasyacordes.com\/index.php?rest_route=\/wp\/v2\/posts\/13680\/revisions"}],"predecessor-version":[{"id":13683,"href":"https:\/\/entrenotasyacordes.com\/index.php?rest_route=\/wp\/v2\/posts\/13680\/revisions\/13683"}],"wp:featuredmedia":[{"embeddable":true,"href":"https:\/\/entrenotasyacordes.com\/index.php?rest_route=\/wp\/v2\/media\/13682"}],"wp:attachment":[{"href":"https:\/\/entrenotasyacordes.com\/index.php?rest_route=%2Fwp%2Fv2%2Fmedia&parent=13680"}],"wp:term":[{"taxonomy":"category","embeddable":true,"href":"https:\/\/entrenotasyacordes.com\/index.php?rest_route=%2Fwp%2Fv2%2Fcategories&post=13680"},{"taxonomy":"post_tag","embeddable":true,"href":"https:\/\/entrenotasyacordes.com\/index.php?rest_route=%2Fwp%2Fv2%2Ftags&post=13680"}],"curies":[{"name":"wp","href":"https:\/\/api.w.org\/{rel}","templated":true}]}}