{"id":13691,"date":"2025-01-31T22:20:41","date_gmt":"2025-01-31T22:20:41","guid":{"rendered":"https:\/\/entrenotasyacordes.com\/?p=13691"},"modified":"2025-01-31T22:20:42","modified_gmt":"2025-01-31T22:20:42","slug":"soge-culebra-y-abraham-mateo-se-unen-en-rayo-de-luz","status":"publish","type":"post","link":"https:\/\/entrenotasyacordes.com\/?p=13691","title":{"rendered":"Soge Culebra y Abraham Mateo se unen en \u201cRayo de luz\u201d"},"content":{"rendered":"\n<!--more-->\n\n\n\n<p class=\"has-text-align-left\"><\/p>\n\n\n<div class=\"wp-block-image\">\n<figure class=\"aligncenter size-full is-resized\"><img loading=\"lazy\" decoding=\"async\" width=\"394\" height=\"263\" src=\"https:\/\/entrenotasyacordes.com\/wp-content\/uploads\/2025\/01\/WhatsApp-Image-2025-01-31-at-19.14.20.jpeg\" alt=\"\" class=\"wp-image-13692\" style=\"width:599px;height:auto\" srcset=\"https:\/\/entrenotasyacordes.com\/wp-content\/uploads\/2025\/01\/WhatsApp-Image-2025-01-31-at-19.14.20.jpeg 394w, https:\/\/entrenotasyacordes.com\/wp-content\/uploads\/2025\/01\/WhatsApp-Image-2025-01-31-at-19.14.20-300x200.jpeg 300w\" sizes=\"auto, (max-width: 394px) 100vw, 394px\" \/><\/figure>\n<\/div>\n\n\n<p>La colaboraci\u00f3n marca el inicio de un gran a\u00f1o para Soge tras su \u00faltimo proyecto \u201cENERG\u00cdA\u201d.<\/p>\n\n\n\n<p><\/p>\n\n\n\n<p>Esta canci\u00f3n no solo marca el inicio de un a\u00f1o prometedor para Soge, sino que tambi\u00e9n destaca como uno de los lanzamientos m\u00e1s vibrantes de la escena urbana. El tema promete convertirse en un hit, consolidando el talento y la versatilidad del artista murciano.<\/p>\n\n\n\n<p>\u00abRAYO DE LUZ\u00bb es mucho m\u00e1s que una colaboraci\u00f3n, es el encuentro de dos de las voces m\u00e1s carism\u00e1ticas del panorama musical nacional. Soge Culebra llega a este 2025 consolidado como una de las figuras m\u00e1s relevantes y prometedoras de la m\u00fasica urbana en Espa\u00f1a, tras el \u00e9xito de su EP \u00abENERG\u00cdA\u00bb y una trayectoria que lo ha posicionado como referente de autenticidad y conexi\u00f3n con el p\u00fablico joven. Por su parte, Abraham Mateo contin\u00faa reafirm\u00e1ndose como un artista internacional de primer nivel, con una carrera marcada por \u00e9xitos globales y colaboraciones con artistas de la talla de Sebastian Yatra, Jennifer L\u00f3pez o Manuel Turizo. Ambos se encuentran en un momento de m\u00e1xima popularidad, y esta colaboraci\u00f3n refleja tanto su madurez art\u00edstica como su capacidad de reinventarse y explorar nuevos sonidos juntos.<\/p>\n\n\n\n<figure class=\"wp-block-embed is-type-video is-provider-youtube wp-block-embed-youtube wp-embed-aspect-4-3 wp-has-aspect-ratio\"><div class=\"wp-block-embed__wrapper\">\n<div class=\"epyt-video-wrapper\"><iframe loading=\"lazy\"  id=\"_ytid_10356\"  width=\"640\" height=\"360\"  data-origwidth=\"640\" data-origheight=\"360\" src=\"https:\/\/www.youtube.com\/embed\/5OvhgFNSUC4?enablejsapi=1&#038;autoplay=0&#038;cc_load_policy=0&#038;cc_lang_pref=&#038;iv_load_policy=1&#038;loop=0&#038;rel=1&#038;fs=1&#038;playsinline=0&#038;autohide=2&#038;theme=dark&#038;color=white&#038;controls=1&#038;\" class=\"__youtube_prefs__  epyt-is-override  no-lazyload\" data-vol=\"50\"  title=\"YouTube player\"  allow=\"fullscreen; accelerometer; autoplay; clipboard-write; encrypted-media; gyroscope; picture-in-picture; web-share\" referrerpolicy=\"strict-origin-when-cross-origin\" allowfullscreen data-no-lazy=\"1\" data-skipgform_ajax_framebjll=\"\"><\/iframe><\/div>\n<\/div><\/figure>\n\n\n\n<div style=\"height:100px\" aria-hidden=\"true\" class=\"wp-block-spacer\"><\/div>\n\n\n\n<p><\/p>\n","protected":false},"excerpt":{"rendered":"","protected":false},"author":5,"featured_media":13692,"comment_status":"open","ping_status":"open","sticky":false,"template":"","format":"standard","meta":{"om_disable_all_campaigns":false,"_uf_show_specific_survey":0,"_uf_disable_surveys":false,"footnotes":""},"categories":[34],"tags":[],"class_list":["post-13691","post","type-post","status-publish","format-standard","has-post-thumbnail","hentry","category-ultimas-noticias"],"_links":{"self":[{"href":"https:\/\/entrenotasyacordes.com\/index.php?rest_route=\/wp\/v2\/posts\/13691","targetHints":{"allow":["GET"]}}],"collection":[{"href":"https:\/\/entrenotasyacordes.com\/index.php?rest_route=\/wp\/v2\/posts"}],"about":[{"href":"https:\/\/entrenotasyacordes.com\/index.php?rest_route=\/wp\/v2\/types\/post"}],"author":[{"embeddable":true,"href":"https:\/\/entrenotasyacordes.com\/index.php?rest_route=\/wp\/v2\/users\/5"}],"replies":[{"embeddable":true,"href":"https:\/\/entrenotasyacordes.com\/index.php?rest_route=%2Fwp%2Fv2%2Fcomments&post=13691"}],"version-history":[{"count":1,"href":"https:\/\/entrenotasyacordes.com\/index.php?rest_route=\/wp\/v2\/posts\/13691\/revisions"}],"predecessor-version":[{"id":13693,"href":"https:\/\/entrenotasyacordes.com\/index.php?rest_route=\/wp\/v2\/posts\/13691\/revisions\/13693"}],"wp:featuredmedia":[{"embeddable":true,"href":"https:\/\/entrenotasyacordes.com\/index.php?rest_route=\/wp\/v2\/media\/13692"}],"wp:attachment":[{"href":"https:\/\/entrenotasyacordes.com\/index.php?rest_route=%2Fwp%2Fv2%2Fmedia&parent=13691"}],"wp:term":[{"taxonomy":"category","embeddable":true,"href":"https:\/\/entrenotasyacordes.com\/index.php?rest_route=%2Fwp%2Fv2%2Fcategories&post=13691"},{"taxonomy":"post_tag","embeddable":true,"href":"https:\/\/entrenotasyacordes.com\/index.php?rest_route=%2Fwp%2Fv2%2Ftags&post=13691"}],"curies":[{"name":"wp","href":"https:\/\/api.w.org\/{rel}","templated":true}]}}