{"id":13698,"date":"2025-01-31T23:08:42","date_gmt":"2025-01-31T23:08:42","guid":{"rendered":"https:\/\/entrenotasyacordes.com\/?p=13698"},"modified":"2025-01-31T23:21:50","modified_gmt":"2025-01-31T23:21:50","slug":"vanesa-martin-presenta-objetos-perdidos-el-primer-adelanto-de-su-nuevo-proyecto","status":"publish","type":"post","link":"https:\/\/entrenotasyacordes.com\/?p=13698","title":{"rendered":"Carlos Mata llega a la Argentina con sus mayores \u00e9xitos"},"content":{"rendered":"\n<!--more-->\n\n\n\n<p class=\"has-text-align-left\"><\/p>\n\n\n<div class=\"wp-block-image\">\n<figure class=\"aligncenter size-full is-resized\"><img loading=\"lazy\" decoding=\"async\" width=\"1280\" height=\"720\" src=\"https:\/\/entrenotasyacordes.com\/wp-content\/uploads\/2025\/01\/whatsapp-image-2025-01-23-at-15.17.41.jpeg\" alt=\"\" class=\"wp-image-13702\" style=\"width:599px;height:auto\" srcset=\"https:\/\/entrenotasyacordes.com\/wp-content\/uploads\/2025\/01\/whatsapp-image-2025-01-23-at-15.17.41.jpeg 1280w, https:\/\/entrenotasyacordes.com\/wp-content\/uploads\/2025\/01\/whatsapp-image-2025-01-23-at-15.17.41-300x169.jpeg 300w, https:\/\/entrenotasyacordes.com\/wp-content\/uploads\/2025\/01\/whatsapp-image-2025-01-23-at-15.17.41-1024x576.jpeg 1024w, https:\/\/entrenotasyacordes.com\/wp-content\/uploads\/2025\/01\/whatsapp-image-2025-01-23-at-15.17.41-768x432.jpeg 768w\" sizes=\"auto, (max-width: 1280px) 100vw, 1280px\" \/><\/figure>\n<\/div>\n\n\n<p>El reconocido cantante, actor y compositor venezolano Carlos Mata,  regresa a Buenos Aires con un concierto inolvidable en el Teatro \u00d3pera el pr\u00f3ximo 2 de mayo. Entradas disponibles a trav\u00e9s de Ticketek.<\/p>\n\n\n\n<div style=\"height:36px\" aria-hidden=\"true\" class=\"wp-block-spacer\"><\/div>\n\n\n\n<p>Carlos Mata es uno de los artistas venezolanos con mayor proyecci\u00f3n internacional, con una carrera que abarca m\u00e1s de 50 a\u00f1os de \u00e9xitos en la m\u00fasica, la televisi\u00f3n y el teatro. Edit\u00f3 10 discos, incluyendo uno en italiano, y realiz\u00f3 giras multitudinarias que lo llevaron desde Canad\u00e1 hasta la Patagonia, pasando por Espa\u00f1a, Italia y el norte de \u00c1frica. Entre sus logros se encuentran varios discos de Oro y Platino, y reconocimientos como dos Antorchas de Plata en el prestigioso Festival de Vi\u00f1a del Mar en 1988 y 1989.<\/p>\n\n\n\n<div style=\"height:24px\" aria-hidden=\"true\" class=\"wp-block-spacer\"><\/div>\n\n\n\n<p>Su \u00e1lbum \u00abQue por qu\u00e9 te quiero\u00bb, un cl\u00e1sico de su discograf\u00eda, permaneci\u00f3 36 semanas en los primeros puestos de Billboard en 1985, consolid\u00e1ndose como un referente de la m\u00fasica rom\u00e1ntica en Am\u00e9rica y Europa. Mata tambi\u00e9n comparti\u00f3 escenario con figuras de la talla de Lola Flores, Celia Cruz, Joaqu\u00edn Sabina, Joe Cocker, Miguel Bos\u00e9, entre otros grandes artistas.&nbsp;Su estilo musical, que abarca desde el rock hasta la m\u00fasica mel\u00f3dica, es un reflejo de su versatilidad y talento como compositor e int\u00e9rprete. Adem\u00e1s, su imagen y carisma lo convirtieron en un \u00edcono de las telenovelas, siendo reconocido en 1991 como el tercer producto de exportaci\u00f3n m\u00e1s importante de Venezuela.&nbsp;Carlos Mata promete un espect\u00e1culo cargado de emociones, en el que repasar\u00e1 sus mayores \u00e9xitos y cautivar\u00e1 al p\u00fablico argentino una vez m\u00e1s. \u00a1Una experiencia \u00fanica!.<\/p>\n\n\n\n<p><\/p>\n","protected":false},"excerpt":{"rendered":"","protected":false},"author":5,"featured_media":13703,"comment_status":"open","ping_status":"open","sticky":false,"template":"","format":"standard","meta":{"om_disable_all_campaigns":false,"_uf_show_specific_survey":0,"_uf_disable_surveys":false,"footnotes":""},"categories":[4],"tags":[],"class_list":["post-13698","post","type-post","status-publish","format-standard","has-post-thumbnail","hentry","category-musica"],"_links":{"self":[{"href":"https:\/\/entrenotasyacordes.com\/index.php?rest_route=\/wp\/v2\/posts\/13698","targetHints":{"allow":["GET"]}}],"collection":[{"href":"https:\/\/entrenotasyacordes.com\/index.php?rest_route=\/wp\/v2\/posts"}],"about":[{"href":"https:\/\/entrenotasyacordes.com\/index.php?rest_route=\/wp\/v2\/types\/post"}],"author":[{"embeddable":true,"href":"https:\/\/entrenotasyacordes.com\/index.php?rest_route=\/wp\/v2\/users\/5"}],"replies":[{"embeddable":true,"href":"https:\/\/entrenotasyacordes.com\/index.php?rest_route=%2Fwp%2Fv2%2Fcomments&post=13698"}],"version-history":[{"count":2,"href":"https:\/\/entrenotasyacordes.com\/index.php?rest_route=\/wp\/v2\/posts\/13698\/revisions"}],"predecessor-version":[{"id":13704,"href":"https:\/\/entrenotasyacordes.com\/index.php?rest_route=\/wp\/v2\/posts\/13698\/revisions\/13704"}],"wp:featuredmedia":[{"embeddable":true,"href":"https:\/\/entrenotasyacordes.com\/index.php?rest_route=\/wp\/v2\/media\/13703"}],"wp:attachment":[{"href":"https:\/\/entrenotasyacordes.com\/index.php?rest_route=%2Fwp%2Fv2%2Fmedia&parent=13698"}],"wp:term":[{"taxonomy":"category","embeddable":true,"href":"https:\/\/entrenotasyacordes.com\/index.php?rest_route=%2Fwp%2Fv2%2Fcategories&post=13698"},{"taxonomy":"post_tag","embeddable":true,"href":"https:\/\/entrenotasyacordes.com\/index.php?rest_route=%2Fwp%2Fv2%2Ftags&post=13698"}],"curies":[{"name":"wp","href":"https:\/\/api.w.org\/{rel}","templated":true}]}}