{"id":13705,"date":"2025-01-31T23:26:36","date_gmt":"2025-01-31T23:26:36","guid":{"rendered":"https:\/\/entrenotasyacordes.com\/?p=13705"},"modified":"2025-01-31T23:26:38","modified_gmt":"2025-01-31T23:26:38","slug":"arbol-adelanta-su-disco-con-una-version-de-pintao","status":"publish","type":"post","link":"https:\/\/entrenotasyacordes.com\/?p=13705","title":{"rendered":"\u00c1RBOL adelanta su disco con una versi\u00f3n de Pintao"},"content":{"rendered":"\n<!--more-->\n\n\n\n<p class=\"has-text-align-left\"><\/p>\n\n\n<div class=\"wp-block-image\">\n<figure class=\"aligncenter size-full is-resized\"><img loading=\"lazy\" decoding=\"async\" width=\"1500\" height=\"1500\" src=\"https:\/\/entrenotasyacordes.com\/wp-content\/uploads\/2025\/01\/Arbol_Pintao.jpg\" alt=\"\" class=\"wp-image-13706\" style=\"width:599px;height:auto\" srcset=\"https:\/\/entrenotasyacordes.com\/wp-content\/uploads\/2025\/01\/Arbol_Pintao.jpg 1500w, https:\/\/entrenotasyacordes.com\/wp-content\/uploads\/2025\/01\/Arbol_Pintao-300x300.jpg 300w, https:\/\/entrenotasyacordes.com\/wp-content\/uploads\/2025\/01\/Arbol_Pintao-1024x1024.jpg 1024w, https:\/\/entrenotasyacordes.com\/wp-content\/uploads\/2025\/01\/Arbol_Pintao-150x150.jpg 150w, https:\/\/entrenotasyacordes.com\/wp-content\/uploads\/2025\/01\/Arbol_Pintao-768x768.jpg 768w, https:\/\/entrenotasyacordes.com\/wp-content\/uploads\/2025\/01\/Arbol_Pintao-50x50.jpg 50w\" sizes=\"auto, (max-width: 1500px) 100vw, 1500px\" \/><\/figure>\n<\/div>\n\n\n<p>La banda sorprende a su p\u00fablico con el lanzamiento de este\u00a0<strong>single<\/strong>, en el que sale de su zona de confort para reversionar el tema de\u00a0<strong>Duki (Ft Rei, Ysy A)<\/strong>, referentes indiscutibles del g\u00e9nero urbano.\u00a0<strong>\u00c1rbol\u00a0<\/strong>muestra su costado m\u00e1s camale\u00f3nico, sin perder la frescura e identidad que los identifica y caracteriza, demostrando que diferentes generaciones pueden convivir en una misma obra.\u00a0<\/p>\n\n\n\n<div style=\"height:36px\" aria-hidden=\"true\" class=\"wp-block-spacer\"><\/div>\n\n\n\n<p>Esta canci\u00f3n fue producida por\u00a0<strong>\u00c1rbol<\/strong>, mezclada en Los \u00c1ngeles por\u00a0<strong>Anibal Kerpel<\/strong>, y masterizada por\u00a0<strong>Daniel Ovie<\/strong>. El nuevo trabajo discogr\u00e1fico de la banda ver\u00e1 la luz completo a mediados de a\u00f1o.\u00a0 \u00a0<br><br>Mientras tanto, la banda de Pablo Romero (Voz) Sebasti\u00e1n Bianchini (bajo) Hern\u00e1n\u00a0Bruckner (guitarra) Mart\u00edn Mill\u00e1n (Bater\u00eda) ir\u00e1 anticipando distintos temas, antes\u00a0 de reencontrarse con el p\u00fablico porte\u00f1o el pr\u00f3ximo\u00a0<strong>10 de mayo en el Complejo C Art Media<\/strong>\u00a0con un show totalmente renovado. Ser\u00e1 una gran oportunidad de conocer el nuevo material de la banda, adem\u00e1s de disfrutar de cl\u00e1sicos como \u201cTrenes camiones y tractores\u201d, \u201cpeque\u00f1os sue\u00f1os\u201d, \u201cLa nena monstruo\u201d, \u201cEl fantasma\u201d, hits indiscutibles que supieron nutrir la discograf\u00eda de \u00c1rbol en \u00e9stos casi 30 a\u00f1os de m\u00fasica.\u00a0<\/p>\n\n\n\n<div style=\"height:30px\" aria-hidden=\"true\" class=\"wp-block-spacer\"><\/div>\n\n\n\n<figure class=\"wp-block-embed is-type-video is-provider-youtube wp-block-embed-youtube wp-embed-aspect-4-3 wp-has-aspect-ratio\"><div class=\"wp-block-embed__wrapper\">\n<div class=\"epyt-video-wrapper\"><iframe loading=\"lazy\"  id=\"_ytid_94573\"  width=\"640\" height=\"360\"  data-origwidth=\"640\" data-origheight=\"360\" src=\"https:\/\/www.youtube.com\/embed\/GWyHwBy8rbs?enablejsapi=1&#038;autoplay=0&#038;cc_load_policy=0&#038;cc_lang_pref=&#038;iv_load_policy=1&#038;loop=0&#038;rel=1&#038;fs=1&#038;playsinline=0&#038;autohide=2&#038;theme=dark&#038;color=white&#038;controls=1&#038;\" class=\"__youtube_prefs__  epyt-is-override  no-lazyload\" data-vol=\"50\"  title=\"YouTube player\"  allow=\"fullscreen; accelerometer; autoplay; clipboard-write; encrypted-media; gyroscope; picture-in-picture; web-share\" referrerpolicy=\"strict-origin-when-cross-origin\" allowfullscreen data-no-lazy=\"1\" data-skipgform_ajax_framebjll=\"\"><\/iframe><\/div>\n<\/div><\/figure>\n\n\n\n<p class=\"has-text-align-center\">\u00a0 \u00a0 \u00a0 \u00a0 \u00a0 \u00a0 \u00a0 \u00a0 \u00a0 \u00a0 \u00a0 \u00a0 \u00a0 \u00a0 \u00a0 \u00a0<br><br><strong>S\u00e1bado 10 de mayo- 21 hs<br>COMPLEJO C ART MEDIA (Corrientes 6271)<br>Entradas a la venta en:\u00a0<a href=\"https:\/\/delivery.hipermailer.com.ar\/do\/trkln.php?index=1024083402AZD&amp;id=ristywusepuutstwt&amp;url=aHR0cHM6Ly93d3cucGFzc2xpbmUuY29tL2V2ZW50b3MvYXJib2w%3D\">www.passline.com\u00a0<\/a><\/strong><\/p>\n\n\n\n<p><\/p>\n","protected":false},"excerpt":{"rendered":"","protected":false},"author":5,"featured_media":13706,"comment_status":"open","ping_status":"open","sticky":false,"template":"","format":"standard","meta":{"om_disable_all_campaigns":false,"_uf_show_specific_survey":0,"_uf_disable_surveys":false,"footnotes":""},"categories":[4],"tags":[],"class_list":["post-13705","post","type-post","status-publish","format-standard","has-post-thumbnail","hentry","category-musica"],"_links":{"self":[{"href":"https:\/\/entrenotasyacordes.com\/index.php?rest_route=\/wp\/v2\/posts\/13705","targetHints":{"allow":["GET"]}}],"collection":[{"href":"https:\/\/entrenotasyacordes.com\/index.php?rest_route=\/wp\/v2\/posts"}],"about":[{"href":"https:\/\/entrenotasyacordes.com\/index.php?rest_route=\/wp\/v2\/types\/post"}],"author":[{"embeddable":true,"href":"https:\/\/entrenotasyacordes.com\/index.php?rest_route=\/wp\/v2\/users\/5"}],"replies":[{"embeddable":true,"href":"https:\/\/entrenotasyacordes.com\/index.php?rest_route=%2Fwp%2Fv2%2Fcomments&post=13705"}],"version-history":[{"count":1,"href":"https:\/\/entrenotasyacordes.com\/index.php?rest_route=\/wp\/v2\/posts\/13705\/revisions"}],"predecessor-version":[{"id":13707,"href":"https:\/\/entrenotasyacordes.com\/index.php?rest_route=\/wp\/v2\/posts\/13705\/revisions\/13707"}],"wp:featuredmedia":[{"embeddable":true,"href":"https:\/\/entrenotasyacordes.com\/index.php?rest_route=\/wp\/v2\/media\/13706"}],"wp:attachment":[{"href":"https:\/\/entrenotasyacordes.com\/index.php?rest_route=%2Fwp%2Fv2%2Fmedia&parent=13705"}],"wp:term":[{"taxonomy":"category","embeddable":true,"href":"https:\/\/entrenotasyacordes.com\/index.php?rest_route=%2Fwp%2Fv2%2Fcategories&post=13705"},{"taxonomy":"post_tag","embeddable":true,"href":"https:\/\/entrenotasyacordes.com\/index.php?rest_route=%2Fwp%2Fv2%2Ftags&post=13705"}],"curies":[{"name":"wp","href":"https:\/\/api.w.org\/{rel}","templated":true}]}}