{"id":13708,"date":"2025-02-01T00:15:37","date_gmt":"2025-02-01T00:15:37","guid":{"rendered":"https:\/\/entrenotasyacordes.com\/?p=13708"},"modified":"2025-02-01T00:15:38","modified_gmt":"2025-02-01T00:15:38","slug":"agapornis-presenta-su-nuevo-single-la-cueva","status":"publish","type":"post","link":"https:\/\/entrenotasyacordes.com\/?p=13708","title":{"rendered":"AGAPORNIS presenta su nuevo single \u201cLa cueva\u201d"},"content":{"rendered":"\n<!--more-->\n\n\n\n<p class=\"has-text-align-left\"><\/p>\n\n\n<div class=\"wp-block-image\">\n<figure class=\"aligncenter size-full is-resized\"><img loading=\"lazy\" decoding=\"async\" width=\"1108\" height=\"1108\" src=\"https:\/\/entrenotasyacordes.com\/wp-content\/uploads\/2025\/02\/image3-1.jpg\" alt=\"\" class=\"wp-image-13709\" style=\"width:599px;height:auto\" srcset=\"https:\/\/entrenotasyacordes.com\/wp-content\/uploads\/2025\/02\/image3-1.jpg 1108w, https:\/\/entrenotasyacordes.com\/wp-content\/uploads\/2025\/02\/image3-1-300x300.jpg 300w, https:\/\/entrenotasyacordes.com\/wp-content\/uploads\/2025\/02\/image3-1-1024x1024.jpg 1024w, https:\/\/entrenotasyacordes.com\/wp-content\/uploads\/2025\/02\/image3-1-150x150.jpg 150w, https:\/\/entrenotasyacordes.com\/wp-content\/uploads\/2025\/02\/image3-1-768x768.jpg 768w, https:\/\/entrenotasyacordes.com\/wp-content\/uploads\/2025\/02\/image3-1-50x50.jpg 50w\" sizes=\"auto, (max-width: 1108px) 100vw, 1108px\" \/><\/figure>\n<\/div>\n\n\n<p>El grupo l\u00edder de cumbia pop regresa con \u201cLa cueva\u201d, una nueva versi\u00f3n del tema de Cazzu, con el toque fresco y original que solo Agapornis puede brindarle.<\/p>\n\n\n\n<p>Esta nueva canci\u00f3n combina una letra intensa con el estilo fresco y en\u00e9rgico que caracteriza a la banda, convirti\u00e9ndola en una experiencia \u00fanica tanto para bailar como para emocionarse.<br>La letra narra un viaje de amor, dolor y superaci\u00f3n, contando la historia de un v\u00ednculo que dej\u00f3 cicatrices, pero tambi\u00e9n ense\u00f1anzas. Con versos profundos como \u201cTe encontr\u00e9 en la cueva, totalmente roto\u201d y \u201cCuando yo florezca y, al fin, deje de doler\u201d, el tema transmite la lucha interna por sanar y renacer.<\/p>\n\n\n\n<p>Juan Cruz Costabel, tecladista de Agapornis, comparti\u00f3 sus sensaciones sobre esta canci\u00f3n:<\/p>\n\n\n\n<p>\u201cEs un tema muy especial para nosotros. Tiene una carga emocional que nos atraviesa a todos. Nos desafiamos a crear una versi\u00f3n que no solo conectara con los fans, sino que tambi\u00e9n mantuviera la profundidad de su mensaje. Estamos muy orgullosos del resultado.\u201d<br>Con una melod\u00eda que fusiona el ritmo de la cumbia pop con una interpretaci\u00f3n sensible, \u201cLa cueva\u201d promete convertirse en un himno para quienes buscan superar el pasado y encontrar luz en su propio camino.s de disfrutar de cl\u00e1sicos como \u201cTrenes camiones y tractores\u201d, \u201cpeque\u00f1os sue\u00f1os\u201d, \u201cLa nena monstruo\u201d, \u201cEl fantasma\u201d, hits indiscutibles que supieron nutrir la discograf\u00eda de \u00c1rbol en \u00e9stos casi 30 a\u00f1os de m\u00fasica.\u00a0<\/p>\n\n\n\n<p class=\"has-text-align-center\"> \u00a0 \u00a0 \u00a0 \u00a0 \u00a0 \u00a0 \u00a0 \u00a0 \u00a0 \u00a0 <\/p>\n\n\n\n<figure class=\"wp-block-embed is-type-video is-provider-youtube wp-block-embed-youtube wp-embed-aspect-16-9 wp-has-aspect-ratio\"><div class=\"wp-block-embed__wrapper\">\n<div class=\"epyt-video-wrapper\"><iframe loading=\"lazy\"  id=\"_ytid_38234\"  width=\"640\" height=\"360\"  data-origwidth=\"640\" data-origheight=\"360\" src=\"https:\/\/www.youtube.com\/embed\/VrqrbCDgzSA?enablejsapi=1&#038;autoplay=0&#038;cc_load_policy=0&#038;cc_lang_pref=&#038;iv_load_policy=1&#038;loop=0&#038;rel=1&#038;fs=1&#038;playsinline=0&#038;autohide=2&#038;theme=dark&#038;color=white&#038;controls=1&#038;\" class=\"__youtube_prefs__  epyt-is-override  no-lazyload\" data-vol=\"50\"  title=\"YouTube player\"  allow=\"fullscreen; accelerometer; autoplay; clipboard-write; encrypted-media; gyroscope; picture-in-picture; web-share\" referrerpolicy=\"strict-origin-when-cross-origin\" allowfullscreen data-no-lazy=\"1\" data-skipgform_ajax_framebjll=\"\"><\/iframe><\/div>\n<\/div><\/figure>\n\n\n\n<p class=\"has-text-align-center\"><br><br><\/p>\n\n\n\n<p><\/p>\n","protected":false},"excerpt":{"rendered":"","protected":false},"author":5,"featured_media":13709,"comment_status":"open","ping_status":"open","sticky":false,"template":"","format":"standard","meta":{"om_disable_all_campaigns":false,"_uf_show_specific_survey":0,"_uf_disable_surveys":false,"footnotes":""},"categories":[4],"tags":[],"class_list":["post-13708","post","type-post","status-publish","format-standard","has-post-thumbnail","hentry","category-musica"],"_links":{"self":[{"href":"https:\/\/entrenotasyacordes.com\/index.php?rest_route=\/wp\/v2\/posts\/13708","targetHints":{"allow":["GET"]}}],"collection":[{"href":"https:\/\/entrenotasyacordes.com\/index.php?rest_route=\/wp\/v2\/posts"}],"about":[{"href":"https:\/\/entrenotasyacordes.com\/index.php?rest_route=\/wp\/v2\/types\/post"}],"author":[{"embeddable":true,"href":"https:\/\/entrenotasyacordes.com\/index.php?rest_route=\/wp\/v2\/users\/5"}],"replies":[{"embeddable":true,"href":"https:\/\/entrenotasyacordes.com\/index.php?rest_route=%2Fwp%2Fv2%2Fcomments&post=13708"}],"version-history":[{"count":1,"href":"https:\/\/entrenotasyacordes.com\/index.php?rest_route=\/wp\/v2\/posts\/13708\/revisions"}],"predecessor-version":[{"id":13710,"href":"https:\/\/entrenotasyacordes.com\/index.php?rest_route=\/wp\/v2\/posts\/13708\/revisions\/13710"}],"wp:featuredmedia":[{"embeddable":true,"href":"https:\/\/entrenotasyacordes.com\/index.php?rest_route=\/wp\/v2\/media\/13709"}],"wp:attachment":[{"href":"https:\/\/entrenotasyacordes.com\/index.php?rest_route=%2Fwp%2Fv2%2Fmedia&parent=13708"}],"wp:term":[{"taxonomy":"category","embeddable":true,"href":"https:\/\/entrenotasyacordes.com\/index.php?rest_route=%2Fwp%2Fv2%2Fcategories&post=13708"},{"taxonomy":"post_tag","embeddable":true,"href":"https:\/\/entrenotasyacordes.com\/index.php?rest_route=%2Fwp%2Fv2%2Ftags&post=13708"}],"curies":[{"name":"wp","href":"https:\/\/api.w.org\/{rel}","templated":true}]}}