{"id":13711,"date":"2025-02-01T00:24:14","date_gmt":"2025-02-01T00:24:14","guid":{"rendered":"https:\/\/entrenotasyacordes.com\/?p=13711"},"modified":"2025-02-01T00:24:15","modified_gmt":"2025-02-01T00:24:15","slug":"connie-isla-presenta-gracias","status":"publish","type":"post","link":"https:\/\/entrenotasyacordes.com\/?p=13711","title":{"rendered":"CONNIE ISLA PRESENTA \u201cGRACIAS\u201d"},"content":{"rendered":"\n<!--more-->\n\n\n\n<p class=\"has-text-align-left\"><\/p>\n\n\n<div class=\"wp-block-image\">\n<figure class=\"aligncenter size-full is-resized\"><img loading=\"lazy\" decoding=\"async\" width=\"600\" height=\"600\" src=\"https:\/\/entrenotasyacordes.com\/wp-content\/uploads\/2025\/02\/Sdz_BOaZBbM2-1.jpeg\" alt=\"\" class=\"wp-image-13713\" style=\"width:599px;height:auto\" srcset=\"https:\/\/entrenotasyacordes.com\/wp-content\/uploads\/2025\/02\/Sdz_BOaZBbM2-1.jpeg 600w, https:\/\/entrenotasyacordes.com\/wp-content\/uploads\/2025\/02\/Sdz_BOaZBbM2-1-300x300.jpeg 300w, https:\/\/entrenotasyacordes.com\/wp-content\/uploads\/2025\/02\/Sdz_BOaZBbM2-1-150x150.jpeg 150w, https:\/\/entrenotasyacordes.com\/wp-content\/uploads\/2025\/02\/Sdz_BOaZBbM2-1-50x50.jpeg 50w\" sizes=\"auto, (max-width: 600px) 100vw, 600px\" \/><\/figure>\n<\/div>\n\n\n<p>Luego de haber conocido los primeros singles\u00a0<a href=\"https:\/\/aafop.r.a.d.sendibm1.com\/mk\/cl\/f\/sh\/6rqJfgq8dIR6TEPeFhTRTaFUNN7\/JNAy4yRQdsCC\">\u201cCringe\u201d<\/a>\u00a0y\u00a0<a href=\"https:\/\/aafop.r.a.d.sendibm1.com\/mk\/cl\/f\/sh\/6rqJfgq8dISlVghnk0szPBNQ0g9\/0G0Tvvk6tHK4\">\u201cLejos\u201d<\/a>, Connie Isla inicia el a\u00f1o presentando \u201cGracias\u201d, el tercer adelanto de su venidero disco.<\/p>\n\n\n\n<p><\/p>\n\n\n\n<p><em>\u00abGracias\u00bb<\/em>&nbsp;\u201ces un b\u00e1lsamo transformado en power ballad que nos traslada a ese rock-pop de los 90\u2019s y 00\u2019s, donde la canci\u00f3n pasa a ser un himno gracias a esa potencia vocal y frases memorables. Una canci\u00f3n que posee la intensidad de un coraz\u00f3n roto, pero que resurge con una fuerza renovada.&nbsp;<\/p>\n\n\n\n<p class=\"has-text-align-center\">A medida que se desarrolla la melod\u00eda, nos envuelve un sonido vibrante y energ\u00e9tico, con fuerza. Desde los primeros acordes, se siente una explosi\u00f3n de energ\u00eda que invita al oyente a sumergirse en un viaje emocional. \u00a0 \u00a0<\/p>\n\n\n\n<div style=\"height:30px\" aria-hidden=\"true\" class=\"wp-block-spacer\"><\/div>\n\n\n\n<p class=\"has-text-align-center\"> <\/p>\n\n\n\n<figure class=\"wp-block-embed is-type-video is-provider-youtube wp-block-embed-youtube wp-embed-aspect-16-9 wp-has-aspect-ratio\"><div class=\"wp-block-embed__wrapper\">\n<div class=\"epyt-video-wrapper\"><iframe loading=\"lazy\"  id=\"_ytid_80816\"  width=\"640\" height=\"360\"  data-origwidth=\"640\" data-origheight=\"360\" src=\"https:\/\/www.youtube.com\/embed\/-EsOJLLAYF8?enablejsapi=1&#038;autoplay=0&#038;cc_load_policy=0&#038;cc_lang_pref=&#038;iv_load_policy=1&#038;loop=0&#038;rel=1&#038;fs=1&#038;playsinline=0&#038;autohide=2&#038;theme=dark&#038;color=white&#038;controls=1&#038;\" class=\"__youtube_prefs__  epyt-is-override  no-lazyload\" data-vol=\"50\"  title=\"YouTube player\"  allow=\"fullscreen; accelerometer; autoplay; clipboard-write; encrypted-media; gyroscope; picture-in-picture; web-share\" referrerpolicy=\"strict-origin-when-cross-origin\" allowfullscreen data-no-lazy=\"1\" data-skipgform_ajax_framebjll=\"\"><\/iframe><\/div>\n<\/div><\/figure>\n\n\n\n<p class=\"has-text-align-center\"><br><br><\/p>\n\n\n\n<p><\/p>\n","protected":false},"excerpt":{"rendered":"","protected":false},"author":5,"featured_media":13712,"comment_status":"open","ping_status":"open","sticky":false,"template":"","format":"standard","meta":{"om_disable_all_campaigns":false,"_uf_show_specific_survey":0,"_uf_disable_surveys":false,"footnotes":""},"categories":[4],"tags":[],"class_list":["post-13711","post","type-post","status-publish","format-standard","has-post-thumbnail","hentry","category-musica"],"_links":{"self":[{"href":"https:\/\/entrenotasyacordes.com\/index.php?rest_route=\/wp\/v2\/posts\/13711","targetHints":{"allow":["GET"]}}],"collection":[{"href":"https:\/\/entrenotasyacordes.com\/index.php?rest_route=\/wp\/v2\/posts"}],"about":[{"href":"https:\/\/entrenotasyacordes.com\/index.php?rest_route=\/wp\/v2\/types\/post"}],"author":[{"embeddable":true,"href":"https:\/\/entrenotasyacordes.com\/index.php?rest_route=\/wp\/v2\/users\/5"}],"replies":[{"embeddable":true,"href":"https:\/\/entrenotasyacordes.com\/index.php?rest_route=%2Fwp%2Fv2%2Fcomments&post=13711"}],"version-history":[{"count":1,"href":"https:\/\/entrenotasyacordes.com\/index.php?rest_route=\/wp\/v2\/posts\/13711\/revisions"}],"predecessor-version":[{"id":13714,"href":"https:\/\/entrenotasyacordes.com\/index.php?rest_route=\/wp\/v2\/posts\/13711\/revisions\/13714"}],"wp:featuredmedia":[{"embeddable":true,"href":"https:\/\/entrenotasyacordes.com\/index.php?rest_route=\/wp\/v2\/media\/13712"}],"wp:attachment":[{"href":"https:\/\/entrenotasyacordes.com\/index.php?rest_route=%2Fwp%2Fv2%2Fmedia&parent=13711"}],"wp:term":[{"taxonomy":"category","embeddable":true,"href":"https:\/\/entrenotasyacordes.com\/index.php?rest_route=%2Fwp%2Fv2%2Fcategories&post=13711"},{"taxonomy":"post_tag","embeddable":true,"href":"https:\/\/entrenotasyacordes.com\/index.php?rest_route=%2Fwp%2Fv2%2Ftags&post=13711"}],"curies":[{"name":"wp","href":"https:\/\/api.w.org\/{rel}","templated":true}]}}