{"id":13715,"date":"2025-02-01T00:34:06","date_gmt":"2025-02-01T00:34:06","guid":{"rendered":"https:\/\/entrenotasyacordes.com\/?p=13715"},"modified":"2025-02-01T00:34:08","modified_gmt":"2025-02-01T00:34:08","slug":"trueno-y-feid-presentan-cruz","status":"publish","type":"post","link":"https:\/\/entrenotasyacordes.com\/?p=13715","title":{"rendered":"TRUENO Y FEID PRESENTAN \u201cCRUZ\u201d"},"content":{"rendered":"\n<!--more-->\n\n\n\n<p class=\"has-text-align-left\"><\/p>\n\n\n<div class=\"wp-block-image\">\n<figure class=\"aligncenter size-full is-resized\"><img loading=\"lazy\" decoding=\"async\" width=\"1068\" height=\"1068\" src=\"https:\/\/entrenotasyacordes.com\/wp-content\/uploads\/2025\/02\/559d8ebd-54d5-4c80-a06e-f2608243bcdf.jpg\" alt=\"\" class=\"wp-image-13716\" style=\"width:599px;height:auto\" srcset=\"https:\/\/entrenotasyacordes.com\/wp-content\/uploads\/2025\/02\/559d8ebd-54d5-4c80-a06e-f2608243bcdf.jpg 1068w, https:\/\/entrenotasyacordes.com\/wp-content\/uploads\/2025\/02\/559d8ebd-54d5-4c80-a06e-f2608243bcdf-300x300.jpg 300w, https:\/\/entrenotasyacordes.com\/wp-content\/uploads\/2025\/02\/559d8ebd-54d5-4c80-a06e-f2608243bcdf-1024x1024.jpg 1024w, https:\/\/entrenotasyacordes.com\/wp-content\/uploads\/2025\/02\/559d8ebd-54d5-4c80-a06e-f2608243bcdf-150x150.jpg 150w, https:\/\/entrenotasyacordes.com\/wp-content\/uploads\/2025\/02\/559d8ebd-54d5-4c80-a06e-f2608243bcdf-768x768.jpg 768w, https:\/\/entrenotasyacordes.com\/wp-content\/uploads\/2025\/02\/559d8ebd-54d5-4c80-a06e-f2608243bcdf-50x50.jpg 50w\" sizes=\"auto, (max-width: 1068px) 100vw, 1068px\" \/><\/figure>\n<\/div>\n\n\n<p>Luego de un 2024 arrollador,<strong>&nbsp;Trueno<\/strong>, consagrado como el exponente m\u00e1s aut\u00e9ntico y poderoso del rap y el hip hop latinoamericano, presenta su primer lanzamiento del 2025,&nbsp;\u201c<a href=\"https:\/\/click.emails.sonymusicfans.com\/?qs=23f48426fafe8e3e2fac3ddddeb9a697a2e886ef52ad3c97e4d2372ee5e284a82fe4005a22fd8884178f15cdf149d79edac86210745bd387\"><strong>CRUZ<\/strong><\/a>\u201d, acompa\u00f1ado nada m\u00e1s ni nada menos que por<strong>&nbsp;Feid<\/strong>, el cantautor colombiano m\u00e1s importante del movimiento urbano actual.<\/p>\n\n\n\n<p>Grabada \u00edntegramente en Madrid, \u201cCRUZ\u201d combina la jerga urbana de Argentina y Colombia en la historia de una dolorosa traici\u00f3n amorosa que se pasea entre la decepci\u00f3n, la rabia y la resignaci\u00f3n.<\/p>\n\n\n\n<p>Protagonizado por<strong>&nbsp;Trueno&nbsp;<\/strong>y<strong>&nbsp;Feid,<\/strong>&nbsp;el videoclip fue filmado en Miami&nbsp;y dirigido por el reconocido Zak Tassler. Se trata de la representaci\u00f3n perfecta de la historia contada por la m\u00fasica y la letra, repleto de elementos y detalles caracter\u00edsticos de las im\u00e1genes de ambos artistas.<\/p>\n\n\n\n<p>Esta esperada colaboraci\u00f3n, reafirma el poder\u00edo y el respeto alcanzado por&nbsp;<strong>Trueno,&nbsp;<\/strong>cuyos logros avasallaron en 2024 consiguiendo el aval y el deseo de los artistas m\u00e1s importantes del mundo de colaborar musicalmente con \u00e9l y formar parte de su nuevo y esperado repertorio.<\/p>\n\n\n\n<p>Este rap latino encuentra a ambos artistas en la cima de sus respectivos subg\u00e9neros de la m\u00fasica urbana en espa\u00f1ol, y con carreras que no solo brillan en n\u00fameros de streaming y seguidores en redes sociales, sino que se destacan en la cr\u00edtica de expertos a nivel global.<\/p>\n\n\n\n<p class=\"has-text-align-left\"><strong>\u201cCRUZ\u201d<\/strong>, es la primera producci\u00f3n de&nbsp;<strong>Trueno&nbsp;<\/strong>tras el rotundo \u00e9xito de su \u00e1lbum&nbsp;<strong>\u201cEL \u00daLTIMO BAILE\u201d<\/strong>, inspirado en el punto de encuentro entre el hip hop en ingl\u00e9s, y su espejo en espa\u00f1ol, visuales que representan la esencia de la m\u00fasica urbana, con colores, texturas y s\u00edmbolos de la vida en la calle.<\/p>\n\n\n\n<div style=\"height:30px\" aria-hidden=\"true\" class=\"wp-block-spacer\"><\/div>\n\n\n\n<p class=\"has-text-align-center\"><\/p>\n\n\n\n<figure class=\"wp-block-embed is-type-video is-provider-youtube wp-block-embed-youtube wp-embed-aspect-4-3 wp-has-aspect-ratio\"><div class=\"wp-block-embed__wrapper\">\n<div class=\"epyt-video-wrapper\"><iframe loading=\"lazy\"  id=\"_ytid_87198\"  width=\"640\" height=\"360\"  data-origwidth=\"640\" data-origheight=\"360\" src=\"https:\/\/www.youtube.com\/embed\/UXbe-LU7C74?enablejsapi=1&#038;autoplay=0&#038;cc_load_policy=0&#038;cc_lang_pref=&#038;iv_load_policy=1&#038;loop=0&#038;rel=1&#038;fs=1&#038;playsinline=0&#038;autohide=2&#038;theme=dark&#038;color=white&#038;controls=1&#038;\" class=\"__youtube_prefs__  epyt-is-override  no-lazyload\" data-vol=\"50\"  title=\"YouTube player\"  allow=\"fullscreen; accelerometer; autoplay; clipboard-write; encrypted-media; gyroscope; picture-in-picture; web-share\" referrerpolicy=\"strict-origin-when-cross-origin\" allowfullscreen data-no-lazy=\"1\" data-skipgform_ajax_framebjll=\"\"><\/iframe><\/div>\n<\/div><\/figure>\n\n\n\n<p class=\"has-text-align-center\"><br><br><\/p>\n\n\n\n<p><\/p>\n","protected":false},"excerpt":{"rendered":"","protected":false},"author":5,"featured_media":13716,"comment_status":"open","ping_status":"open","sticky":false,"template":"","format":"standard","meta":{"om_disable_all_campaigns":false,"_uf_show_specific_survey":0,"_uf_disable_surveys":false,"footnotes":""},"categories":[4],"tags":[],"class_list":["post-13715","post","type-post","status-publish","format-standard","has-post-thumbnail","hentry","category-musica"],"_links":{"self":[{"href":"https:\/\/entrenotasyacordes.com\/index.php?rest_route=\/wp\/v2\/posts\/13715","targetHints":{"allow":["GET"]}}],"collection":[{"href":"https:\/\/entrenotasyacordes.com\/index.php?rest_route=\/wp\/v2\/posts"}],"about":[{"href":"https:\/\/entrenotasyacordes.com\/index.php?rest_route=\/wp\/v2\/types\/post"}],"author":[{"embeddable":true,"href":"https:\/\/entrenotasyacordes.com\/index.php?rest_route=\/wp\/v2\/users\/5"}],"replies":[{"embeddable":true,"href":"https:\/\/entrenotasyacordes.com\/index.php?rest_route=%2Fwp%2Fv2%2Fcomments&post=13715"}],"version-history":[{"count":1,"href":"https:\/\/entrenotasyacordes.com\/index.php?rest_route=\/wp\/v2\/posts\/13715\/revisions"}],"predecessor-version":[{"id":13717,"href":"https:\/\/entrenotasyacordes.com\/index.php?rest_route=\/wp\/v2\/posts\/13715\/revisions\/13717"}],"wp:featuredmedia":[{"embeddable":true,"href":"https:\/\/entrenotasyacordes.com\/index.php?rest_route=\/wp\/v2\/media\/13716"}],"wp:attachment":[{"href":"https:\/\/entrenotasyacordes.com\/index.php?rest_route=%2Fwp%2Fv2%2Fmedia&parent=13715"}],"wp:term":[{"taxonomy":"category","embeddable":true,"href":"https:\/\/entrenotasyacordes.com\/index.php?rest_route=%2Fwp%2Fv2%2Fcategories&post=13715"},{"taxonomy":"post_tag","embeddable":true,"href":"https:\/\/entrenotasyacordes.com\/index.php?rest_route=%2Fwp%2Fv2%2Ftags&post=13715"}],"curies":[{"name":"wp","href":"https:\/\/api.w.org\/{rel}","templated":true}]}}