{"id":13718,"date":"2025-02-01T00:49:10","date_gmt":"2025-02-01T00:49:10","guid":{"rendered":"https:\/\/entrenotasyacordes.com\/?p=13718"},"modified":"2025-02-01T00:49:11","modified_gmt":"2025-02-01T00:49:11","slug":"pedro-capo-lanza-su-nuevo-album-la-carretera","status":"publish","type":"post","link":"https:\/\/entrenotasyacordes.com\/?p=13718","title":{"rendered":"PEDRO CAP\u00d3 LANZA SU NUEVO \u00c1LBUM \u00abLA CARRETERA\u00bb"},"content":{"rendered":"\n<!--more-->\n\n\n\n<p class=\"has-text-align-left\"><\/p>\n\n\n<div class=\"wp-block-image\">\n<figure class=\"aligncenter size-full is-resized\"><img loading=\"lazy\" decoding=\"async\" width=\"472\" height=\"471\" src=\"https:\/\/entrenotasyacordes.com\/wp-content\/uploads\/2025\/02\/6a675eab-d489-453f-92f0-c9229b2b383a.jpg\" alt=\"\" class=\"wp-image-13719\" style=\"width:599px;height:auto\" srcset=\"https:\/\/entrenotasyacordes.com\/wp-content\/uploads\/2025\/02\/6a675eab-d489-453f-92f0-c9229b2b383a.jpg 472w, https:\/\/entrenotasyacordes.com\/wp-content\/uploads\/2025\/02\/6a675eab-d489-453f-92f0-c9229b2b383a-300x300.jpg 300w, https:\/\/entrenotasyacordes.com\/wp-content\/uploads\/2025\/02\/6a675eab-d489-453f-92f0-c9229b2b383a-150x150.jpg 150w, https:\/\/entrenotasyacordes.com\/wp-content\/uploads\/2025\/02\/6a675eab-d489-453f-92f0-c9229b2b383a-50x50.jpg 50w\" sizes=\"auto, (max-width: 472px) 100vw, 472px\" \/><\/figure>\n<\/div>\n\n\n<p><strong>INCLUYE COLABORACIONES JUNTO A: JORGE DREXEL, CHAMBAO, CARIN LE\u00d3N<\/strong><\/p>\n\n\n\n<div style=\"height:36px\" aria-hidden=\"true\" class=\"wp-block-spacer\"><\/div>\n\n\n\n<p>Tras dos a\u00f1os desde su \u00faltima producci\u00f3n oficial,Pedro Cap\u00f3 vuelve a la escena musical con su nuevo \u00e1lbum de estudio,&nbsp;<em>La Carretera<\/em>, un proyecto que el artista define como el m\u00e1s significativa de su carrera. El \u00e1lbum que ya est\u00e1 disponible, refleja una versi\u00f3n honesta y personal de su arte, consolidando su lugar como una de las voces m\u00e1s relevantes de la m\u00fasica latina actual.<\/p>\n\n\n\n<p>\u00abEste es el disco m\u00e1s honesto y c\u00f3modo que he creado. Es una versi\u00f3n muy real de mi arte y de lo que quiero compartir con el mundo,\u00bb expres\u00f3 Cap\u00f3 al hablar sobre la nueva producci\u00f3n mientras a\u00f1adi\u00f3 que; \u201cLa vida es un viaje, y como cualquier carretera, tiene sus giros, subidas, bajadas, buenos y malos momentos. La Carretera nos recuerda que no se trata del destino, sino del camino que recorremos. Cada experiencia, cada paso, nos define. \u00a1As\u00ed que, a disfrutar del viaje!\u201d.<\/p>\n\n\n\n<p><em>La Carretera<\/em>&nbsp;ya est\u00e1 disponible en todas las plataformas digitales a partir de hoy viernes, 31 de enero de 2025. Y, como pre\u00e1mbulo al lanzamiento, ayer jueves, 30 de enero se estren\u00f3 el primer single y video musical que lleva el mismo nombre del \u00e1lbum,&nbsp;<em>La Carretera<\/em>.<\/p>\n\n\n\n<p class=\"has-text-align-left\">El \u00e1lbum incluye 14 temas, tres de los cuales ya han sido presentados al p\u00fablico:\u00a0<em>Sabe Bien<\/em>,\u00a0<em>Esto Se Jodi\u00f3<\/em>\u00a0y\u00a0<em>Existo<\/em>, una exitosa colaboraci\u00f3n con el artista mexicano Car\u00edn Le\u00f3n. Una de las nuevas colaboraciones ya se perfila como una de las favoritas y es el tema Aprender a Vivir con Jorge Drexler &amp; Chambao.<br><br><strong>A continuaci\u00f3n, el listado completo de canciones:<\/strong><br>1. El Tiempo Dir\u00e1<br>2. Contigo<br>3. Divina<br>4. Dulce Soledad<br>5. Esto Se Jodi\u00f3<br>6. En Vivo<br>7. Sabe Bien<br>8. El Favor<br>9. Existo con Car\u00edn Le\u00f3n<br>10. Adi\u00f3s<br>11. La Carretera<br>12. Aqu\u00ed Estar\u00e9<br>13. Aprender a Vivir con Jorge Drexler &amp; Chambao<br>14. El Miedo<\/p>\n\n\n\n<p class=\"has-text-align-center\"><\/p>\n\n\n\n<figure class=\"wp-block-embed is-type-video is-provider-youtube wp-block-embed-youtube wp-embed-aspect-16-9 wp-has-aspect-ratio\"><div class=\"wp-block-embed__wrapper\">\n<div class=\"epyt-video-wrapper\"><iframe loading=\"lazy\"  id=\"_ytid_45817\"  width=\"640\" height=\"360\"  data-origwidth=\"640\" data-origheight=\"360\" src=\"https:\/\/www.youtube.com\/embed\/ngPI2dCj5Jw?enablejsapi=1&#038;autoplay=0&#038;cc_load_policy=0&#038;cc_lang_pref=&#038;iv_load_policy=1&#038;loop=0&#038;rel=1&#038;fs=1&#038;playsinline=0&#038;autohide=2&#038;theme=dark&#038;color=white&#038;controls=1&#038;\" class=\"__youtube_prefs__  epyt-is-override  no-lazyload\" data-vol=\"50\"  title=\"YouTube player\"  allow=\"fullscreen; accelerometer; autoplay; clipboard-write; encrypted-media; gyroscope; picture-in-picture; web-share\" referrerpolicy=\"strict-origin-when-cross-origin\" allowfullscreen data-no-lazy=\"1\" data-skipgform_ajax_framebjll=\"\"><\/iframe><\/div>\n<\/div><\/figure>\n","protected":false},"excerpt":{"rendered":"","protected":false},"author":5,"featured_media":13719,"comment_status":"open","ping_status":"open","sticky":false,"template":"","format":"standard","meta":{"om_disable_all_campaigns":false,"_uf_show_specific_survey":0,"_uf_disable_surveys":false,"footnotes":""},"categories":[34],"tags":[],"class_list":["post-13718","post","type-post","status-publish","format-standard","has-post-thumbnail","hentry","category-ultimas-noticias"],"_links":{"self":[{"href":"https:\/\/entrenotasyacordes.com\/index.php?rest_route=\/wp\/v2\/posts\/13718","targetHints":{"allow":["GET"]}}],"collection":[{"href":"https:\/\/entrenotasyacordes.com\/index.php?rest_route=\/wp\/v2\/posts"}],"about":[{"href":"https:\/\/entrenotasyacordes.com\/index.php?rest_route=\/wp\/v2\/types\/post"}],"author":[{"embeddable":true,"href":"https:\/\/entrenotasyacordes.com\/index.php?rest_route=\/wp\/v2\/users\/5"}],"replies":[{"embeddable":true,"href":"https:\/\/entrenotasyacordes.com\/index.php?rest_route=%2Fwp%2Fv2%2Fcomments&post=13718"}],"version-history":[{"count":1,"href":"https:\/\/entrenotasyacordes.com\/index.php?rest_route=\/wp\/v2\/posts\/13718\/revisions"}],"predecessor-version":[{"id":13720,"href":"https:\/\/entrenotasyacordes.com\/index.php?rest_route=\/wp\/v2\/posts\/13718\/revisions\/13720"}],"wp:featuredmedia":[{"embeddable":true,"href":"https:\/\/entrenotasyacordes.com\/index.php?rest_route=\/wp\/v2\/media\/13719"}],"wp:attachment":[{"href":"https:\/\/entrenotasyacordes.com\/index.php?rest_route=%2Fwp%2Fv2%2Fmedia&parent=13718"}],"wp:term":[{"taxonomy":"category","embeddable":true,"href":"https:\/\/entrenotasyacordes.com\/index.php?rest_route=%2Fwp%2Fv2%2Fcategories&post=13718"},{"taxonomy":"post_tag","embeddable":true,"href":"https:\/\/entrenotasyacordes.com\/index.php?rest_route=%2Fwp%2Fv2%2Ftags&post=13718"}],"curies":[{"name":"wp","href":"https:\/\/api.w.org\/{rel}","templated":true}]}}