{"id":13721,"date":"2025-02-01T00:55:31","date_gmt":"2025-02-01T00:55:31","guid":{"rendered":"https:\/\/entrenotasyacordes.com\/?p=13721"},"modified":"2025-02-01T00:55:32","modified_gmt":"2025-02-01T00:55:32","slug":"juan-rosasco-en-banda-presenta-luna-llena-ft-barbara-jorcin","status":"publish","type":"post","link":"https:\/\/entrenotasyacordes.com\/?p=13721","title":{"rendered":"JUAN ROSASCO EN BANDA PRESENTA LUNA LLENA ft. B\u00c1RBARA JORCIN"},"content":{"rendered":"\n<!--more-->\n\n\n\n<p class=\"has-text-align-left\"><\/p>\n\n\n<div class=\"wp-block-image\">\n<figure class=\"aligncenter size-full is-resized\"><img loading=\"lazy\" decoding=\"async\" width=\"472\" height=\"471\" src=\"https:\/\/entrenotasyacordes.com\/wp-content\/uploads\/2025\/02\/6a675eab-d489-453f-92f0-c9229b2b383a.jpg\" alt=\"\" class=\"wp-image-13719\" style=\"width:599px;height:auto\" srcset=\"https:\/\/entrenotasyacordes.com\/wp-content\/uploads\/2025\/02\/6a675eab-d489-453f-92f0-c9229b2b383a.jpg 472w, https:\/\/entrenotasyacordes.com\/wp-content\/uploads\/2025\/02\/6a675eab-d489-453f-92f0-c9229b2b383a-300x300.jpg 300w, https:\/\/entrenotasyacordes.com\/wp-content\/uploads\/2025\/02\/6a675eab-d489-453f-92f0-c9229b2b383a-150x150.jpg 150w, https:\/\/entrenotasyacordes.com\/wp-content\/uploads\/2025\/02\/6a675eab-d489-453f-92f0-c9229b2b383a-50x50.jpg 50w\" sizes=\"auto, (max-width: 472px) 100vw, 472px\" \/><\/figure>\n<\/div>\n\n\n<p><\/p>\n\n\n\n<div style=\"height:36px\" aria-hidden=\"true\" class=\"wp-block-spacer\"><\/div>\n\n\n\n<p>JUAN ROSASCO EN BANDA contin\u00faa apostando a las colaboraciones musicales y comienza el 2025 con una nueva canci\u00f3n titulada \u00a8Luna llena\u00a8 junto a la cantante uruguaya B\u00e1rbara Jorcin, en continuo crecimiento en ambos lados del charco.<\/p>\n\n\n\n<p><br>Luego de los feats con el pr\u00f3cer del rock nacional Le\u00f3n Gieco, el m\u00e1ximo exponente del tango actual, Cucuza Castiello, y un referente del indie como Justo (Silvestre y la Naranja), el cantante vuelve a explorar su ya caracter\u00edstica sensibilidad social que se puede escuchar en canciones como \u201cGritos de madrugada\u201d, \u201cHipnosis\u201d o \u201cCalabaza\u201d. Todo siempre de la mano de la canci\u00f3n, consolid\u00e1ndose cada vez m\u00e1s como un referente del g\u00e9nero<\/p>\n\n\n\n<p class=\"has-text-align-left\"><\/p>\n\n\n\n<p class=\"has-text-align-center\"><\/p>\n\n\n\n<figure class=\"wp-block-embed is-type-video is-provider-youtube wp-block-embed-youtube wp-embed-aspect-16-9 wp-has-aspect-ratio\"><div class=\"wp-block-embed__wrapper\">\n<div class=\"epyt-video-wrapper\"><iframe loading=\"lazy\"  id=\"_ytid_44887\"  width=\"640\" height=\"360\"  data-origwidth=\"640\" data-origheight=\"360\" src=\"https:\/\/www.youtube.com\/embed\/TPDpBICqufU?enablejsapi=1&#038;autoplay=0&#038;cc_load_policy=0&#038;cc_lang_pref=&#038;iv_load_policy=1&#038;loop=0&#038;rel=1&#038;fs=1&#038;playsinline=0&#038;autohide=2&#038;theme=dark&#038;color=white&#038;controls=1&#038;\" class=\"__youtube_prefs__  epyt-is-override  no-lazyload\" data-vol=\"50\"  title=\"YouTube player\"  allow=\"fullscreen; accelerometer; autoplay; clipboard-write; encrypted-media; gyroscope; picture-in-picture; web-share\" referrerpolicy=\"strict-origin-when-cross-origin\" allowfullscreen data-no-lazy=\"1\" data-skipgform_ajax_framebjll=\"\"><\/iframe><\/div>\n<\/div><\/figure>\n","protected":false},"excerpt":{"rendered":"","protected":false},"author":5,"featured_media":13722,"comment_status":"open","ping_status":"open","sticky":false,"template":"","format":"standard","meta":{"om_disable_all_campaigns":false,"_uf_show_specific_survey":0,"_uf_disable_surveys":false,"footnotes":""},"categories":[4],"tags":[],"class_list":["post-13721","post","type-post","status-publish","format-standard","has-post-thumbnail","hentry","category-musica"],"_links":{"self":[{"href":"https:\/\/entrenotasyacordes.com\/index.php?rest_route=\/wp\/v2\/posts\/13721","targetHints":{"allow":["GET"]}}],"collection":[{"href":"https:\/\/entrenotasyacordes.com\/index.php?rest_route=\/wp\/v2\/posts"}],"about":[{"href":"https:\/\/entrenotasyacordes.com\/index.php?rest_route=\/wp\/v2\/types\/post"}],"author":[{"embeddable":true,"href":"https:\/\/entrenotasyacordes.com\/index.php?rest_route=\/wp\/v2\/users\/5"}],"replies":[{"embeddable":true,"href":"https:\/\/entrenotasyacordes.com\/index.php?rest_route=%2Fwp%2Fv2%2Fcomments&post=13721"}],"version-history":[{"count":1,"href":"https:\/\/entrenotasyacordes.com\/index.php?rest_route=\/wp\/v2\/posts\/13721\/revisions"}],"predecessor-version":[{"id":13723,"href":"https:\/\/entrenotasyacordes.com\/index.php?rest_route=\/wp\/v2\/posts\/13721\/revisions\/13723"}],"wp:featuredmedia":[{"embeddable":true,"href":"https:\/\/entrenotasyacordes.com\/index.php?rest_route=\/wp\/v2\/media\/13722"}],"wp:attachment":[{"href":"https:\/\/entrenotasyacordes.com\/index.php?rest_route=%2Fwp%2Fv2%2Fmedia&parent=13721"}],"wp:term":[{"taxonomy":"category","embeddable":true,"href":"https:\/\/entrenotasyacordes.com\/index.php?rest_route=%2Fwp%2Fv2%2Fcategories&post=13721"},{"taxonomy":"post_tag","embeddable":true,"href":"https:\/\/entrenotasyacordes.com\/index.php?rest_route=%2Fwp%2Fv2%2Ftags&post=13721"}],"curies":[{"name":"wp","href":"https:\/\/api.w.org\/{rel}","templated":true}]}}