{"id":13727,"date":"2025-02-01T01:12:03","date_gmt":"2025-02-01T01:12:03","guid":{"rendered":"https:\/\/entrenotasyacordes.com\/?p=13727"},"modified":"2025-02-01T01:12:03","modified_gmt":"2025-02-01T01:12:03","slug":"diego-torres-presenta-la-ultima-noche-junto-a-estopa","status":"publish","type":"post","link":"https:\/\/entrenotasyacordes.com\/?p=13727","title":{"rendered":"DIEGO TORRES PRESENTA \u201cLA \u00daLTIMA NOCHE\u201d JUNTO A ESTOPA"},"content":{"rendered":"\n<!--more-->\n\n\n\n<p class=\"has-text-align-left\"><\/p>\n\n\n<div class=\"wp-block-image\">\n<figure class=\"aligncenter size-full is-resized\"><img loading=\"lazy\" decoding=\"async\" width=\"466\" height=\"467\" src=\"https:\/\/entrenotasyacordes.com\/wp-content\/uploads\/2025\/02\/17a6ef9c-1284-47ad-a84b-ba420d938d8e.jpeg\" alt=\"\" class=\"wp-image-13728\" style=\"width:599px;height:auto\" srcset=\"https:\/\/entrenotasyacordes.com\/wp-content\/uploads\/2025\/02\/17a6ef9c-1284-47ad-a84b-ba420d938d8e.jpeg 466w, https:\/\/entrenotasyacordes.com\/wp-content\/uploads\/2025\/02\/17a6ef9c-1284-47ad-a84b-ba420d938d8e-300x300.jpeg 300w, https:\/\/entrenotasyacordes.com\/wp-content\/uploads\/2025\/02\/17a6ef9c-1284-47ad-a84b-ba420d938d8e-150x150.jpeg 150w, https:\/\/entrenotasyacordes.com\/wp-content\/uploads\/2025\/02\/17a6ef9c-1284-47ad-a84b-ba420d938d8e-50x50.jpeg 50w\" sizes=\"auto, (max-width: 466px) 100vw, 466px\" \/><\/figure>\n<\/div>\n\n\n<div style=\"height:18px\" aria-hidden=\"true\" class=\"wp-block-spacer\"><\/div>\n\n\n\n<p><strong>\u201cLa \u00faltima noche<\/strong>\u201des una de las canciones m\u00e1s emblem\u00e1ticas de\u00a0<strong>Diego Torres<\/strong>, un \u00e9xito que ha marcado a varias generaciones. Ese aire latino que impregna el himno del cantante y compositor argentino se refresca ahora con lo mejor de la m\u00fasica espa\u00f1ola, en la versi\u00f3n junto a Estopa.<\/p>\n\n\n\n<div style=\"height:36px\" aria-hidden=\"true\" class=\"wp-block-spacer\"><\/div>\n\n\n\n<p>En su nueva adaptaci\u00f3n, \u201cLa \u00faltima noche\u201d se impregna del aire de rumba y rock que caracteriza a los Estopa sin perder un \u00e1pice de su esencia original. Desde el respeto a la naturaleza de la canci\u00f3n, David y Jose la regrabaron con su banda al completo a caballo entre su estudio y el Medusa Estudio en Barcelona, uno de los estudios m\u00e1s emblem\u00e1ticos de la ciudad, en donde tambi\u00e9n han grabado otros importantes artistas como Shakira, Rosal\u00eda y Nathy Peluso. As\u00ed, lograron aportar su esencia para, junto a Diego Torres, fusionar el pop latino con lo mejor de la m\u00fasica espa\u00f1ola.<\/p>\n\n\n\n<p>\u201cDiego Torres es una persona muy especial para nosotros, \u00e9l nos apoy\u00f3 cuando ya era un grande en 1999 y siempre ha sido un referente para nosotros. 25 a\u00f1os despu\u00e9s nos juntamos y le dimos un toque nuestro, la hemos \u2018estopizado\u2019 y estamos muy contentos con el resultado, es un motivo de orgullo y satisfacci\u00f3n para nosotros.\u201d &#8211; dijo Estopa<\/p>\n\n\n\n<p>\u201cSeguimos celebrando el 20 aniversario del Unplugged, que se cumpli\u00f3 en 2024. Este disco ha sido muy especial para m\u00ed y para toda la gente que lo ha disfrutado. Esta nueva versi\u00f3n es solo la primera de varias que lanzaremos a lo largo de 2025, como parte de la celebraci\u00f3n de este aniversario. Es una alegr\u00eda compartirlo, ya que era una cuenta pendiente. Adem\u00e1s, estas versiones estar\u00e1n acompa\u00f1ando las diferentes etapas de la gira Mejor que ayer por toda Latinoam\u00e9rica e Iberoam\u00e9rica. Y qu\u00e9 mejor manera de hacerlo que con mis amigos de Estopa, que nos deb\u00edamos tambi\u00e9n cantar algo juntos. Siempre a ellos les gust\u00f3 esta canci\u00f3n, me lo han dicho tantas veces que les encantaba \u201cLa \u00faltima noche\u201d. Y me pareci\u00f3 una idea hermosa poder compartir con ellos una nueva versi\u00f3n y darle a ellos la libertad de que hagan una versi\u00f3n a su manera de mi canci\u00f3n y cantarla juntos. Creo que es una gran manera de celebrar los 20 a\u00f1os del Unplugged, con esta versi\u00f3n a lo Estopa de \u201cLa \u00faltima noche\u201d. Diego Torres<\/p>\n\n\n\n<p>La \u00faltima noche fue lanzada en su versi\u00f3n original en 1999, como parte del \u00e1lbum Tal cual es. La canci\u00f3n, escrita por Diego Torres junto a Bobby Collazo, Cachorro L\u00f3pez, Roxana Amed y Sandra Baylac fue incluida tambi\u00e9n en el reconocido \u00e1lbum de Diego MTV Unplugged, grabado en Buenos Aires, Argentina.<\/p>\n\n\n\n<p class=\"has-text-align-left\"><\/p>\n\n\n\n<p class=\"has-text-align-center\"><\/p>\n\n\n\n<figure class=\"wp-block-embed is-type-video is-provider-youtube wp-block-embed-youtube wp-embed-aspect-16-9 wp-has-aspect-ratio\"><div class=\"wp-block-embed__wrapper\">\n<div class=\"epyt-video-wrapper\"><iframe loading=\"lazy\"  id=\"_ytid_65748\"  width=\"640\" height=\"360\"  data-origwidth=\"640\" data-origheight=\"360\" src=\"https:\/\/www.youtube.com\/embed\/Uq8UZ1VdzeU?enablejsapi=1&#038;autoplay=0&#038;cc_load_policy=0&#038;cc_lang_pref=&#038;iv_load_policy=1&#038;loop=0&#038;rel=1&#038;fs=1&#038;playsinline=0&#038;autohide=2&#038;theme=dark&#038;color=white&#038;controls=1&#038;\" class=\"__youtube_prefs__  epyt-is-override  no-lazyload\" data-vol=\"50\"  title=\"YouTube player\"  allow=\"fullscreen; accelerometer; autoplay; clipboard-write; encrypted-media; gyroscope; picture-in-picture; web-share\" referrerpolicy=\"strict-origin-when-cross-origin\" allowfullscreen data-no-lazy=\"1\" data-skipgform_ajax_framebjll=\"\"><\/iframe><\/div>\n<\/div><\/figure>\n\n\n\n<p><\/p>\n\n\n\n<p class=\"has-text-align-left\">Su colaboraci\u00f3n con Estopa vincula su carrera a la del d\u00fao por excelencia de la m\u00fasica espa\u00f1ola. Autores de canciones que han marcado la banda sonora de varias generaciones, atesoran un legado forjado a trav\u00e9s de estos 25 a\u00f1os, en los que han cosechado reconocimientos de gran prestigio y acumulado m\u00e1s de 70 Discos de Platino por sus \u00e1lbumes y 31 por sus canciones. Los Mu\u00f1oz coronaron 2024 con la publicaci\u00f3n de\u00a0<em>Estop\u00eda<\/em>\u00a0y la \u201cGira 25 Aniversario\u201d, que ha pulverizado todos los r\u00e9cords de p\u00fablico.<\/p>\n\n\n\n<p><\/p>\n","protected":false},"excerpt":{"rendered":"","protected":false},"author":5,"featured_media":13728,"comment_status":"open","ping_status":"open","sticky":false,"template":"","format":"standard","meta":{"om_disable_all_campaigns":false,"_uf_show_specific_survey":0,"_uf_disable_surveys":false,"footnotes":""},"categories":[34],"tags":[],"class_list":["post-13727","post","type-post","status-publish","format-standard","has-post-thumbnail","hentry","category-ultimas-noticias"],"_links":{"self":[{"href":"https:\/\/entrenotasyacordes.com\/index.php?rest_route=\/wp\/v2\/posts\/13727","targetHints":{"allow":["GET"]}}],"collection":[{"href":"https:\/\/entrenotasyacordes.com\/index.php?rest_route=\/wp\/v2\/posts"}],"about":[{"href":"https:\/\/entrenotasyacordes.com\/index.php?rest_route=\/wp\/v2\/types\/post"}],"author":[{"embeddable":true,"href":"https:\/\/entrenotasyacordes.com\/index.php?rest_route=\/wp\/v2\/users\/5"}],"replies":[{"embeddable":true,"href":"https:\/\/entrenotasyacordes.com\/index.php?rest_route=%2Fwp%2Fv2%2Fcomments&post=13727"}],"version-history":[{"count":1,"href":"https:\/\/entrenotasyacordes.com\/index.php?rest_route=\/wp\/v2\/posts\/13727\/revisions"}],"predecessor-version":[{"id":13729,"href":"https:\/\/entrenotasyacordes.com\/index.php?rest_route=\/wp\/v2\/posts\/13727\/revisions\/13729"}],"wp:featuredmedia":[{"embeddable":true,"href":"https:\/\/entrenotasyacordes.com\/index.php?rest_route=\/wp\/v2\/media\/13728"}],"wp:attachment":[{"href":"https:\/\/entrenotasyacordes.com\/index.php?rest_route=%2Fwp%2Fv2%2Fmedia&parent=13727"}],"wp:term":[{"taxonomy":"category","embeddable":true,"href":"https:\/\/entrenotasyacordes.com\/index.php?rest_route=%2Fwp%2Fv2%2Fcategories&post=13727"},{"taxonomy":"post_tag","embeddable":true,"href":"https:\/\/entrenotasyacordes.com\/index.php?rest_route=%2Fwp%2Fv2%2Ftags&post=13727"}],"curies":[{"name":"wp","href":"https:\/\/api.w.org\/{rel}","templated":true}]}}