{"id":13730,"date":"2025-02-01T01:26:34","date_gmt":"2025-02-01T01:26:34","guid":{"rendered":"https:\/\/entrenotasyacordes.com\/?p=13730"},"modified":"2025-02-01T01:28:11","modified_gmt":"2025-02-01T01:28:11","slug":"rozalen-rinde-homenaje-a-chavela-vargas-con-su-nuevo-single-paloma-negra","status":"publish","type":"post","link":"https:\/\/entrenotasyacordes.com\/?p=13730","title":{"rendered":"Rozal\u00e9n rinde homenaje a Chavela Vargas con su nuevo single \u201cPaloma Negra\u201d"},"content":{"rendered":"\n<!--more-->\n\n\n\n<p class=\"has-text-align-left\"><\/p>\n\n\n<div class=\"wp-block-image\">\n<figure class=\"aligncenter size-full is-resized\"><img loading=\"lazy\" decoding=\"async\" width=\"800\" height=\"318\" src=\"https:\/\/entrenotasyacordes.com\/wp-content\/uploads\/2025\/02\/Rozalen-por-Chavela-800x318-1.png\" alt=\"\" class=\"wp-image-13731\" style=\"width:599px;height:auto\" srcset=\"https:\/\/entrenotasyacordes.com\/wp-content\/uploads\/2025\/02\/Rozalen-por-Chavela-800x318-1.png 800w, https:\/\/entrenotasyacordes.com\/wp-content\/uploads\/2025\/02\/Rozalen-por-Chavela-800x318-1-300x119.png 300w, https:\/\/entrenotasyacordes.com\/wp-content\/uploads\/2025\/02\/Rozalen-por-Chavela-800x318-1-768x305.png 768w\" sizes=\"auto, (max-width: 800px) 100vw, 800px\" \/><\/figure>\n<\/div>\n\n\n<div style=\"height:18px\" aria-hidden=\"true\" class=\"wp-block-spacer\"><\/div>\n\n\n\n<p>Este lanzamiento coincide con el estreno de la obra de teatro \u201cChavela\u201d, escrita y dirigida por Carolina Rom\u00e1n, de la cual Rozal\u00e9n es la protagonista<\/p>\n\n\n\n<div style=\"height:36px\" aria-hidden=\"true\" class=\"wp-block-spacer\"><\/div>\n\n\n\n<p><strong>\u201cPaloma Negra\u201d<\/strong>&nbsp;es el primer sencillo de su pr\u00f3ximo EP&nbsp;<a href=\"https:\/\/rozalen.lnk.to\/PalomaNegra\"><em><strong>Rozal\u00e9n por Chavela<\/strong><\/em><\/a>, un proyecto muy especial que incluye seis versiones de las canciones m\u00e1s emblem\u00e1ticas de la legendaria cantante mexicana de origen costarricense. Este EP ver\u00e1 la luz el 26 de febrero y busca celebrar la vida y el legado de Chavela Vargas, una artista que trascendi\u00f3 fronteras con su voz \u00fanica y su esp\u00edritu indomable.<\/p>\n\n\n\n<p><\/p>\n\n\n\n<p>Rozal\u00e9n seleccion\u00f3 cuidadosamente las canciones para este EP, reinterpret\u00e1ndolas con su estilo inconfundible. Adem\u00e1s de<a href=\"https:\/\/rozalen.lnk.to\/PalomaNegra\"><strong>&nbsp;\u201cPaloma Negra\u201d<\/strong><\/a>, el repertorio de&nbsp;<em><strong>Rozal\u00e9n por Chavela<\/strong><\/em>&nbsp;incluir\u00e1 otros cl\u00e1sicos como \u201cLa Llorona\u201d y \u201cMacorina\u201d. Este lanzamiento no solo celebra la m\u00fasica de Chavela, sino que tambi\u00e9n busca mantener viva su memoria y su influencia en la m\u00fasica contempor\u00e1nea.<\/p>\n\n\n\n<div style=\"height:44px\" aria-hidden=\"true\" class=\"wp-block-spacer\"><\/div>\n\n\n\n<h3 class=\"wp-block-heading\">Tracklist EP&nbsp;<em>Rozal\u00e9n por Chavela<\/em><\/h3>\n\n\n\n<p>Paloma Negra<\/p>\n\n\n\n<p>En el \u00faltimo trago<\/p>\n\n\n\n<p>Macorina<\/p>\n\n\n\n<p>Luz de luna<\/p>\n\n\n\n<p>Piensa en m\u00ed<\/p>\n\n\n\n<p>Llorona<\/p>\n\n\n\n<div style=\"height:34px\" aria-hidden=\"true\" class=\"wp-block-spacer\"><\/div>\n\n\n\n<figure class=\"wp-block-embed is-type-video is-provider-youtube wp-block-embed-youtube wp-embed-aspect-4-3 wp-has-aspect-ratio\"><div class=\"wp-block-embed__wrapper\">\n<div class=\"epyt-video-wrapper\"><iframe loading=\"lazy\"  id=\"_ytid_69038\"  width=\"640\" height=\"360\"  data-origwidth=\"640\" data-origheight=\"360\" src=\"https:\/\/www.youtube.com\/embed\/ei5kfEhf_1A?enablejsapi=1&#038;autoplay=0&#038;cc_load_policy=0&#038;cc_lang_pref=&#038;iv_load_policy=1&#038;loop=0&#038;rel=1&#038;fs=1&#038;playsinline=0&#038;autohide=2&#038;theme=dark&#038;color=white&#038;controls=1&#038;\" class=\"__youtube_prefs__  epyt-is-override  no-lazyload\" data-vol=\"50\"  title=\"YouTube player\"  allow=\"fullscreen; accelerometer; autoplay; clipboard-write; encrypted-media; gyroscope; picture-in-picture; web-share\" referrerpolicy=\"strict-origin-when-cross-origin\" allowfullscreen data-no-lazy=\"1\" data-skipgform_ajax_framebjll=\"\"><\/iframe><\/div>\n<\/div><\/figure>\n\n\n\n<p><\/p>\n\n\n\n<p class=\"has-text-align-left\"><\/p>\n\n\n\n<p><\/p>\n","protected":false},"excerpt":{"rendered":"","protected":false},"author":5,"featured_media":13731,"comment_status":"open","ping_status":"open","sticky":false,"template":"","format":"standard","meta":{"om_disable_all_campaigns":false,"_uf_show_specific_survey":0,"_uf_disable_surveys":false,"footnotes":""},"categories":[34],"tags":[],"class_list":["post-13730","post","type-post","status-publish","format-standard","has-post-thumbnail","hentry","category-ultimas-noticias"],"_links":{"self":[{"href":"https:\/\/entrenotasyacordes.com\/index.php?rest_route=\/wp\/v2\/posts\/13730","targetHints":{"allow":["GET"]}}],"collection":[{"href":"https:\/\/entrenotasyacordes.com\/index.php?rest_route=\/wp\/v2\/posts"}],"about":[{"href":"https:\/\/entrenotasyacordes.com\/index.php?rest_route=\/wp\/v2\/types\/post"}],"author":[{"embeddable":true,"href":"https:\/\/entrenotasyacordes.com\/index.php?rest_route=\/wp\/v2\/users\/5"}],"replies":[{"embeddable":true,"href":"https:\/\/entrenotasyacordes.com\/index.php?rest_route=%2Fwp%2Fv2%2Fcomments&post=13730"}],"version-history":[{"count":2,"href":"https:\/\/entrenotasyacordes.com\/index.php?rest_route=\/wp\/v2\/posts\/13730\/revisions"}],"predecessor-version":[{"id":13733,"href":"https:\/\/entrenotasyacordes.com\/index.php?rest_route=\/wp\/v2\/posts\/13730\/revisions\/13733"}],"wp:featuredmedia":[{"embeddable":true,"href":"https:\/\/entrenotasyacordes.com\/index.php?rest_route=\/wp\/v2\/media\/13731"}],"wp:attachment":[{"href":"https:\/\/entrenotasyacordes.com\/index.php?rest_route=%2Fwp%2Fv2%2Fmedia&parent=13730"}],"wp:term":[{"taxonomy":"category","embeddable":true,"href":"https:\/\/entrenotasyacordes.com\/index.php?rest_route=%2Fwp%2Fv2%2Fcategories&post=13730"},{"taxonomy":"post_tag","embeddable":true,"href":"https:\/\/entrenotasyacordes.com\/index.php?rest_route=%2Fwp%2Fv2%2Ftags&post=13730"}],"curies":[{"name":"wp","href":"https:\/\/api.w.org\/{rel}","templated":true}]}}