{"id":13782,"date":"2025-02-01T16:57:42","date_gmt":"2025-02-01T16:57:42","guid":{"rendered":"https:\/\/entrenotasyacordes.com\/?p=13782"},"modified":"2025-02-01T16:57:43","modified_gmt":"2025-02-01T16:57:43","slug":"roger-helou-en-bs-as-presenta-raro-su-nueva-musica-el-22-2-en-vivo","status":"publish","type":"post","link":"https:\/\/entrenotasyacordes.com\/?p=13782","title":{"rendered":"Roger Helou en Bs As! Presenta RARO, su nueva m\u00fasica el 22\/2 en vivo"},"content":{"rendered":"\n<!--more-->\n\n\n<div class=\"wp-block-image\">\n<figure class=\"aligncenter size-full\"><img loading=\"lazy\" decoding=\"async\" width=\"2560\" height=\"1341\" src=\"https:\/\/entrenotasyacordes.com\/wp-content\/uploads\/2025\/02\/13e-scaled.jpg\" alt=\"\" class=\"wp-image-13783\" srcset=\"https:\/\/entrenotasyacordes.com\/wp-content\/uploads\/2025\/02\/13e-scaled.jpg 2560w, https:\/\/entrenotasyacordes.com\/wp-content\/uploads\/2025\/02\/13e-300x157.jpg 300w, https:\/\/entrenotasyacordes.com\/wp-content\/uploads\/2025\/02\/13e-1024x536.jpg 1024w, https:\/\/entrenotasyacordes.com\/wp-content\/uploads\/2025\/02\/13e-768x402.jpg 768w, https:\/\/entrenotasyacordes.com\/wp-content\/uploads\/2025\/02\/13e-1536x804.jpg 1536w, https:\/\/entrenotasyacordes.com\/wp-content\/uploads\/2025\/02\/13e-2048x1072.jpg 2048w\" sizes=\"auto, (max-width: 2560px) 100vw, 2560px\" \/><\/figure>\n<\/div>\n\n\n<p class=\"has-text-align-left\"><strong>Lanzamiento digital y conicerto en Buenos Aires\u00a0<\/strong><\/p>\n\n\n\n<p class=\"has-text-align-left\">El pr\u00f3ximo 21 de febrero ser\u00e1 el lanzamiento mundial de&nbsp;<strong>RARO<\/strong>, la nueva m\u00fasica de la agrupaci\u00f3n de tango&nbsp;<strong>SILENCIO<\/strong>&nbsp;en todas las plataformas digitales. Con direcci\u00f3n del pianista Roger Helou, la formaci\u00f3n cumple 25 a\u00f1os de historia y celebra este lanzamiento el s\u00e1bado 22 de febrero a las 21h con un concierto en vivo en Buenos Aires (Centro Cultural Macedonia Sarmiento 3632, CABA).&nbsp;<\/p>\n\n\n\n<p class=\"has-text-align-left\">La\u00a0<strong>Orquesta T\u00edpica SILENCIO<\/strong>\u00a0es una agrupaci\u00f3n europea que re\u00fane m\u00fasicos de distintas nacionalidades: Argentina, Francia, Colombia, EEUU, Cuba, Suiza. Desde el a\u00f1o 2001, la formaci\u00f3n dirigida por el pianista Helou ha recorrido los festivales de tango m\u00e1s importantes de Europa: Berl\u00edn, Par\u00eds, Roma, Mil\u00e1n, San Sebasti\u00e1n, Zurich, Amsterdam, Copenhague, Estocolmo, Katowice, Zagreb, Beirut, entre otros, y se ha convertido en una de las orquestas de tango m\u00e1s renombradas en Europa.\u00a0<\/p>\n\n\n\n<p class=\"has-text-align-left\">RARO, quinto trabajo discogr\u00e1fico del Ensamble SILENCIO es una exquisita obra de tango contempor\u00e1neo desplegada en un d\u00edptico integrado por los tangos Qu\u00e9 falta que me hac\u00e9s y Tinta roja con arreglos originales de Helou, referente argentino del tango en toda Europa, de formaci\u00f3n tanguera tradicional &#8211; radicado en Par\u00eds desde hace m\u00e1s de 20 a\u00f1os- responsable de llevar el tango argentino a las milongas de Europa.&nbsp;&nbsp;<\/p>\n\n\n\n<p class=\"has-text-align-left\">Roger Helou comenta: \u201chace un tiempo me sent\u00e9 a escribir\u00a0sin ninguna premisa y esto es lo que sali\u00f3: algo \u201craro\u201d. Raro no por \u201csin sentido\u201d sino por la extra\u00f1a congruencia de las partes que van mutando hasta convertirse en otra m\u00fasica.\u201d Y concluye: \u201calgo empieza como un tango y luego nos va llevando hacia otros paisajes sin que nos demos cuenta (la pampa siempre est\u00e1 por ah\u00ed) y cuando queremos acordarnos nos despertamos en un sal\u00f3n europeo del siglo XIX con vista a una llanura atravesada por la niebla, aparece Debussy o Ravel. Luego se vuelve paulatinamente a Buenos Aires, como siempre. La m\u00fasica ac\u00e1 es un paisaje que va cambiando progresivamente.\u201d\u00a0<\/p>\n\n\n\n<p class=\"has-text-align-left\">En la ciudad de Buenos Aires, Roger Helou (piano y arreglos) prepara un show en vivo, presentaci\u00f3n oficial de \u201cRaro\u201d, adem\u00e1s de tangos cl\u00e1sicos y algunas perlas del repertorio del pianista junto con su Ensamble Silencio integrado por: Joaqu\u00edn Ben\u00edtez (solista invitado en bandone\u00f3n ), C\u00e9sar Nigro (guitarra jazz), Juan Braceras (viol\u00edn), Carolina Cajal (contrabajo) y Hern\u00e1n Genovese como cantor invitado.<\/p>\n\n\n\n<p><strong>Roger HELOU presenta Raro en Buenos Aires | febrero 22\u00a0<\/strong><br>Centro Cultural MACEDONIA. Sarmiento 3632, Almagro, CABA. Localidades $9000 pesos, disponibles en boleter\u00eda de la sala.<\/p>\n\n\n\n<p><strong>INTEGRANTES en la grabaci\u00f3n:<\/strong><br>Maxime Point (Francia): Bandone\u00f3n<br>Juan Braceras (Argentina): Viol\u00edn solista<br>Flora Trivelli (Suiza): 2do Viol\u00edn<br>Brian Zenone (USA): Viola<br>Cesar Nigro (Argentina): Guitarra<br>Felipe Nicholls (Colombia): Contrabajo<br>Bandone\u00f3n solista en tema 2: William Sabatier (Francia) <br>Roger Helou (Argentina): Direcci\u00f3n, piano y arreglos.<br>Dise\u00f1o de tapa: Marina Mattina (Foto y tipograf\u00eda), Juan Helou.<\/p>\n","protected":false},"excerpt":{"rendered":"","protected":false},"author":5,"featured_media":13783,"comment_status":"open","ping_status":"open","sticky":false,"template":"","format":"standard","meta":{"om_disable_all_campaigns":false,"_uf_show_specific_survey":0,"_uf_disable_surveys":false,"footnotes":""},"categories":[36],"tags":[],"class_list":["post-13782","post","type-post","status-publish","format-standard","has-post-thumbnail","hentry","category-conciertos"],"_links":{"self":[{"href":"https:\/\/entrenotasyacordes.com\/index.php?rest_route=\/wp\/v2\/posts\/13782","targetHints":{"allow":["GET"]}}],"collection":[{"href":"https:\/\/entrenotasyacordes.com\/index.php?rest_route=\/wp\/v2\/posts"}],"about":[{"href":"https:\/\/entrenotasyacordes.com\/index.php?rest_route=\/wp\/v2\/types\/post"}],"author":[{"embeddable":true,"href":"https:\/\/entrenotasyacordes.com\/index.php?rest_route=\/wp\/v2\/users\/5"}],"replies":[{"embeddable":true,"href":"https:\/\/entrenotasyacordes.com\/index.php?rest_route=%2Fwp%2Fv2%2Fcomments&post=13782"}],"version-history":[{"count":1,"href":"https:\/\/entrenotasyacordes.com\/index.php?rest_route=\/wp\/v2\/posts\/13782\/revisions"}],"predecessor-version":[{"id":13784,"href":"https:\/\/entrenotasyacordes.com\/index.php?rest_route=\/wp\/v2\/posts\/13782\/revisions\/13784"}],"wp:featuredmedia":[{"embeddable":true,"href":"https:\/\/entrenotasyacordes.com\/index.php?rest_route=\/wp\/v2\/media\/13783"}],"wp:attachment":[{"href":"https:\/\/entrenotasyacordes.com\/index.php?rest_route=%2Fwp%2Fv2%2Fmedia&parent=13782"}],"wp:term":[{"taxonomy":"category","embeddable":true,"href":"https:\/\/entrenotasyacordes.com\/index.php?rest_route=%2Fwp%2Fv2%2Fcategories&post=13782"},{"taxonomy":"post_tag","embeddable":true,"href":"https:\/\/entrenotasyacordes.com\/index.php?rest_route=%2Fwp%2Fv2%2Ftags&post=13782"}],"curies":[{"name":"wp","href":"https:\/\/api.w.org\/{rel}","templated":true}]}}