{"id":13797,"date":"2025-02-03T14:06:35","date_gmt":"2025-02-03T14:06:35","guid":{"rendered":"https:\/\/entrenotasyacordes.com\/?p=13797"},"modified":"2025-02-03T14:06:37","modified_gmt":"2025-02-03T14:06:37","slug":"hola-y-adios-la-gira-despedida-de-joaquin-sabina-llega-a-argentina","status":"publish","type":"post","link":"https:\/\/entrenotasyacordes.com\/?p=13797","title":{"rendered":"\u201cHola y Adi\u00f3s\u201d, la gira despedida de Joaqu\u00edn Sabina llega a Argentina"},"content":{"rendered":"\n<!--more-->\n\n\n\n<p class=\"has-text-align-left\"><\/p>\n\n\n<div class=\"wp-block-image\">\n<figure class=\"aligncenter size-full is-resized\"><img loading=\"lazy\" decoding=\"async\" width=\"1284\" height=\"855\" src=\"https:\/\/entrenotasyacordes.com\/wp-content\/uploads\/2025\/02\/WhatsApp-Image-2025-02-03-at-10.02.41.jpeg\" alt=\"\" class=\"wp-image-13798\" style=\"width:599px;height:auto\" srcset=\"https:\/\/entrenotasyacordes.com\/wp-content\/uploads\/2025\/02\/WhatsApp-Image-2025-02-03-at-10.02.41.jpeg 1284w, https:\/\/entrenotasyacordes.com\/wp-content\/uploads\/2025\/02\/WhatsApp-Image-2025-02-03-at-10.02.41-300x200.jpeg 300w, https:\/\/entrenotasyacordes.com\/wp-content\/uploads\/2025\/02\/WhatsApp-Image-2025-02-03-at-10.02.41-1024x682.jpeg 1024w, https:\/\/entrenotasyacordes.com\/wp-content\/uploads\/2025\/02\/WhatsApp-Image-2025-02-03-at-10.02.41-768x511.jpeg 768w\" sizes=\"auto, (max-width: 1284px) 100vw, 1284px\" \/><\/figure>\n<\/div>\n\n\n<p>Su gira final ya comenz\u00f3 en M\u00e9xico y har\u00e1 historia en Buenos Aires con 10 shows en el Movistar Arena durante marzo y abril.<\/p>\n\n\n\n<div style=\"height:34px\" aria-hidden=\"true\" class=\"wp-block-spacer\"><\/div>\n\n\n\n<p>En esta gira, Sabina ofrece un espect\u00e1culo que no solo repasa su extensa discograf\u00eda, sino que se convierte en un homenaje a su propia supervivencia art\u00edstica y personal.<\/p>\n\n\n\n<p>Esta traves\u00eda que cruzar\u00e1 continentes y llegar\u00e1 a Buenos Aires en poco m\u00e1s de un mes, con 10 noches en el Movistar Arena entre el 24 de marzo y el 18 de abril, donde el cantautor argentino Iv\u00e1n Noble ser\u00e1 el encargado de calentar motores teloneando cada concierto.<\/p>\n\n\n\n<p>Este ser\u00e1 el reencuentro de Joaqu\u00edn con una tierra que siempre lo recibi\u00f3 con los brazos abiertos y que lo convirti\u00f3 en parte de su propia identidad cultural. Desde aquel joven que tocaba en las estaciones del metro londinense hasta el \u00edcono que llen\u00f3 recintos como el Luna Park y La Bombonera.<br>Ahora ser\u00e1 el turno de recinto de Villa Crespo, donde ya colg\u00f3 el cartel de \u201cEntradas agotadas\u201d.<\/p>\n\n\n\n<p><\/p>\n\n\n\n<figure class=\"wp-block-image size-large\"><img loading=\"lazy\" decoding=\"async\" width=\"1024\" height=\"586\" src=\"https:\/\/entrenotasyacordes.com\/wp-content\/uploads\/2025\/02\/whatsapp-image-2024-07-03-at-15.32.32-1-1024x586.jpeg\" alt=\"\" class=\"wp-image-13799\" srcset=\"https:\/\/entrenotasyacordes.com\/wp-content\/uploads\/2025\/02\/whatsapp-image-2024-07-03-at-15.32.32-1-1024x586.jpeg 1024w, https:\/\/entrenotasyacordes.com\/wp-content\/uploads\/2025\/02\/whatsapp-image-2024-07-03-at-15.32.32-1-300x172.jpeg 300w, https:\/\/entrenotasyacordes.com\/wp-content\/uploads\/2025\/02\/whatsapp-image-2024-07-03-at-15.32.32-1-768x439.jpeg 768w, https:\/\/entrenotasyacordes.com\/wp-content\/uploads\/2025\/02\/whatsapp-image-2024-07-03-at-15.32.32-1.jpeg 1280w\" sizes=\"auto, (max-width: 1024px) 100vw, 1024px\" \/><\/figure>\n\n\n\n<div style=\"height:44px\" aria-hidden=\"true\" class=\"wp-block-spacer\"><\/div>\n\n\n\n<p class=\"has-text-align-center\"><strong>\u00a0JOAQU\u00cdN SABINA<\/strong><\/p>\n\n\n\n<p class=\"has-text-align-center\">GIRA DE DESPEDIDA ARGENTINA &#8211; MOVISTAR ARENA<\/p>\n\n\n\n<p class=\"has-text-align-center\"><strong>Opening IV\u00c1N NOBLE<br><\/strong><\/p>\n\n\n\n<p class=\"has-text-align-center\">24 Y 26 MARZO<\/p>\n\n\n\n<p class=\"has-text-align-center\">2,4,6,9,11,13,16 Y 18 ABRIL<\/p>\n\n\n\n<p class=\"has-text-align-center\">ENTRADAS AGOTADAS<\/p>\n\n\n\n<p><\/p>\n","protected":false},"excerpt":{"rendered":"","protected":false},"author":5,"featured_media":13798,"comment_status":"open","ping_status":"open","sticky":false,"template":"","format":"standard","meta":{"om_disable_all_campaigns":false,"_uf_show_specific_survey":0,"_uf_disable_surveys":false,"footnotes":""},"categories":[36,4],"tags":[],"class_list":["post-13797","post","type-post","status-publish","format-standard","has-post-thumbnail","hentry","category-conciertos","category-musica"],"_links":{"self":[{"href":"https:\/\/entrenotasyacordes.com\/index.php?rest_route=\/wp\/v2\/posts\/13797","targetHints":{"allow":["GET"]}}],"collection":[{"href":"https:\/\/entrenotasyacordes.com\/index.php?rest_route=\/wp\/v2\/posts"}],"about":[{"href":"https:\/\/entrenotasyacordes.com\/index.php?rest_route=\/wp\/v2\/types\/post"}],"author":[{"embeddable":true,"href":"https:\/\/entrenotasyacordes.com\/index.php?rest_route=\/wp\/v2\/users\/5"}],"replies":[{"embeddable":true,"href":"https:\/\/entrenotasyacordes.com\/index.php?rest_route=%2Fwp%2Fv2%2Fcomments&post=13797"}],"version-history":[{"count":1,"href":"https:\/\/entrenotasyacordes.com\/index.php?rest_route=\/wp\/v2\/posts\/13797\/revisions"}],"predecessor-version":[{"id":13800,"href":"https:\/\/entrenotasyacordes.com\/index.php?rest_route=\/wp\/v2\/posts\/13797\/revisions\/13800"}],"wp:featuredmedia":[{"embeddable":true,"href":"https:\/\/entrenotasyacordes.com\/index.php?rest_route=\/wp\/v2\/media\/13798"}],"wp:attachment":[{"href":"https:\/\/entrenotasyacordes.com\/index.php?rest_route=%2Fwp%2Fv2%2Fmedia&parent=13797"}],"wp:term":[{"taxonomy":"category","embeddable":true,"href":"https:\/\/entrenotasyacordes.com\/index.php?rest_route=%2Fwp%2Fv2%2Fcategories&post=13797"},{"taxonomy":"post_tag","embeddable":true,"href":"https:\/\/entrenotasyacordes.com\/index.php?rest_route=%2Fwp%2Fv2%2Ftags&post=13797"}],"curies":[{"name":"wp","href":"https:\/\/api.w.org\/{rel}","templated":true}]}}