{"id":13801,"date":"2025-02-03T15:10:55","date_gmt":"2025-02-03T15:10:55","guid":{"rendered":"https:\/\/entrenotasyacordes.com\/?p=13801"},"modified":"2025-02-03T15:10:57","modified_gmt":"2025-02-03T15:10:57","slug":"ana-tijoux-presenta-%c2%a8vida%c2%a8-en-el-cckonex","status":"publish","type":"post","link":"https:\/\/entrenotasyacordes.com\/?p=13801","title":{"rendered":"Ana Tijoux presenta \u00a8Vida\u00a8 en el CCKonex"},"content":{"rendered":"\n<!--more-->\n\n\n\n<p class=\"has-text-align-left\"><\/p>\n\n\n<div class=\"wp-block-image\">\n<figure class=\"aligncenter size-full is-resized\"><img loading=\"lazy\" decoding=\"async\" width=\"1080\" height=\"1080\" src=\"https:\/\/entrenotasyacordes.com\/wp-content\/uploads\/2025\/02\/1733760920591-ANA-TIJOUX_BAIRES_1080x1080.jpg\" alt=\"\" class=\"wp-image-13802\" style=\"width:599px;height:auto\" srcset=\"https:\/\/entrenotasyacordes.com\/wp-content\/uploads\/2025\/02\/1733760920591-ANA-TIJOUX_BAIRES_1080x1080.jpg 1080w, https:\/\/entrenotasyacordes.com\/wp-content\/uploads\/2025\/02\/1733760920591-ANA-TIJOUX_BAIRES_1080x1080-300x300.jpg 300w, https:\/\/entrenotasyacordes.com\/wp-content\/uploads\/2025\/02\/1733760920591-ANA-TIJOUX_BAIRES_1080x1080-1024x1024.jpg 1024w, https:\/\/entrenotasyacordes.com\/wp-content\/uploads\/2025\/02\/1733760920591-ANA-TIJOUX_BAIRES_1080x1080-150x150.jpg 150w, https:\/\/entrenotasyacordes.com\/wp-content\/uploads\/2025\/02\/1733760920591-ANA-TIJOUX_BAIRES_1080x1080-768x768.jpg 768w, https:\/\/entrenotasyacordes.com\/wp-content\/uploads\/2025\/02\/1733760920591-ANA-TIJOUX_BAIRES_1080x1080-50x50.jpg 50w\" sizes=\"auto, (max-width: 1080px) 100vw, 1080px\" \/><\/figure>\n<\/div>\n\n\n<p><strong>La artista chilena de hip-hop protesta, regresa a la Argentina para presentar \u00a8Vida\u00a8 su m\u00e1s reciente \u00e1lbum.<\/strong><\/p>\n\n\n\n<div style=\"height:34px\" aria-hidden=\"true\" class=\"wp-block-spacer\"><\/div>\n\n\n\n<p>Ana es una artista global. Se atreve a atravesar todos los procesos creativos: compone, escribe y arregla tanto\u00a0sus propios temas como los que desarrolla para distintos proyectos audiovisuales, desde pel\u00edculas hasta\u00a0documentales. Tambi\u00e9n se ha puesto frente a las c\u00e1maras en filmes como La Isla de los Ping\u00fcinos o en una\u00a0serie chilena pr\u00f3xima a estrenarse y de tem\u00e1tica feminista llamada La Jaur\u00eda. Ana public\u00f3 su primer libro Sacar\u00a0la voz, que fue un \u00e9xito de ventas en Chile. En enero de 2024 lanz\u00f3 su esperado \u00e1lbum VIDA tras 10 a\u00f1os de\u00a0silencio.<\/p>\n\n\n\n<p><strong>La cita ser\u00e1 el viernes 21 de febrero en CC Konex, las entradas anticipadas pueden ser adquiridas\u00a0 en\u00a0\u00a0<a href=\"https:\/\/entradas.cckonex.org\/?utm_source=perfit&amp;utm_medium=email\" target=\"_blank\" rel=\"noreferrer noopener\">Entradas.cckonex.org<\/a><\/strong><\/p>\n\n\n\n<div style=\"height:44px\" aria-hidden=\"true\" class=\"wp-block-spacer\"><\/div>\n\n\n\n<p class=\"has-text-align-center\"><\/p>\n\n\n\n<figure class=\"wp-block-embed is-type-video is-provider-youtube wp-block-embed-youtube wp-embed-aspect-4-3 wp-has-aspect-ratio\"><div class=\"wp-block-embed__wrapper\">\n<div class=\"epyt-video-wrapper\"><iframe loading=\"lazy\"  id=\"_ytid_13159\"  width=\"640\" height=\"360\"  data-origwidth=\"640\" data-origheight=\"360\" src=\"https:\/\/www.youtube.com\/embed\/EVC_HJqQqLw?enablejsapi=1&#038;autoplay=0&#038;cc_load_policy=0&#038;cc_lang_pref=&#038;iv_load_policy=1&#038;loop=0&#038;rel=1&#038;fs=1&#038;playsinline=0&#038;autohide=2&#038;theme=dark&#038;color=white&#038;controls=1&#038;\" class=\"__youtube_prefs__  epyt-is-override  no-lazyload\" data-vol=\"50\"  title=\"YouTube player\"  allow=\"fullscreen; accelerometer; autoplay; clipboard-write; encrypted-media; gyroscope; picture-in-picture; web-share\" referrerpolicy=\"strict-origin-when-cross-origin\" allowfullscreen data-no-lazy=\"1\" data-skipgform_ajax_framebjll=\"\"><\/iframe><\/div>\n<\/div><\/figure>\n\n\n\n<p><\/p>\n\n\n\n<p><\/p>\n\n\n\n<p>En \u00a8Vida\u00a8, Ana,\u00a0\u00a0canta y rapea, en espa\u00f1ol, sobre expectativas sombr\u00edas: guerra, contaminaci\u00f3n, sequ\u00eda, una colisi\u00f3n con un cometa. Pero a medida que un ritmo disco con toques de techno se eleva a su alrededor, declara alegremente, \u00abSi el fin del mundo viene, bailemos desnudos juntos\u00bb. Vida es el quinto \u00e1lbum de estudio de Tijoux y el primero desde 2014. Eligi\u00f3 su t\u00edtulo intencionadamente. \u201cTengo un buen amigo que me dice que la vida es la mejor venganza contra la muerte\u201d, dijo en una entrevista en video desde su apartamento en Barcelona, donde se mud\u00f3 durante la pandemia y grab\u00f3 el \u00e1lbum. \u201cTiene mucho sentido, tener vitalidad y energ\u00eda. Insisto en que no significa que vivamos en un lugar superficial. No significa que no sea pol\u00edtico. Vivimos en un momento bizarro. Y no hay nada m\u00e1s pol\u00edtico que defender la vida y defender la humanidad\u201d. En el primer sencillo del \u00e1lbum, \u00abNi\u00f1x\u00bb, Tijoux insta a su hija y a todas las j\u00f3venes a encontrar fortaleza en la alegr\u00eda: \u00abLa vida les asusta\u00bb, canta. \u00abNo pierdan la risa\u00bb.<br>Tijoux, de 46 a\u00f1os, encontr\u00f3 una audiencia internacional con su segundo \u00e1lbum en solitario, 1977, que fue lanzado en 2010. Lleva el nombre del a\u00f1o en que naci\u00f3 en Francia, de padres chilenos que se hab\u00edan exiliado durante la dictadura de Augusto Pinochet. Viviendo en Par\u00eds, Tijoux se sinti\u00f3 atra\u00edda por el hip-hop que escuchaba mientras visitaba familias inmigrantes de \u00c1frica con su madre, una trabajadora social; ella tambi\u00e9n se sent\u00eda como una extranjera. \u00abAunque no entendiera las letras\u00bb, dijo, \u00abese tipo de m\u00fasica, esa cultura, nos cambi\u00f3 la vida\u00bb.<br>Poco despu\u00e9s de que el r\u00e9gimen de Pinochet terminara en 1990, Tijoux regres\u00f3 a Chile con sus padres. A finales de los 90, se estableci\u00f3 como int\u00e9rprete, rapeando con el grupo de hip-hop chileno Makiza antes de lanzarse como solista. El sencillo \u00ab1977\u00bb multiplic\u00f3 su audiencia en todo el mundo. Es un rap autobiogr\u00e1fico de lengua r\u00e1pida y sencillo, respaldado por un bolero de sonido vintage, sobre crecer y encontrar su voz en el hip-hop; ha sido reproducido decenas de millones de veces. En Estados Unidos, fue impulsado por una prominente aparici\u00f3n en un episodio de 2011 de Breaking Bad. En 1977 y los \u00e1lbumes que siguieron, Tijoux se mov\u00eda con facilidad entre el rap y el canto. Con su \u00e1lbum de 2011, La Bala, comenz\u00f3 a colaborar con el productor y multiinstrumentista Andr\u00e9s Celis. \u00c9l ayud\u00f3 a expandir su m\u00fasica a trav\u00e9s de \u00e9pocas y regiones, recurriendo al R&amp;B, reggae, rock, electr\u00f3nica y m\u00faltiples tradiciones folcl\u00f3ricas junto con muestras de hip-hop de largo alcance. Tijoux ha escrito a menudo sobre pol\u00edtica, feminismo, resistencia, solidaridad y dolor personal.<\/p>\n\n\n\n<div style=\"height:100px\" aria-hidden=\"true\" class=\"wp-block-spacer\"><\/div>\n","protected":false},"excerpt":{"rendered":"","protected":false},"author":5,"featured_media":13802,"comment_status":"open","ping_status":"open","sticky":false,"template":"","format":"standard","meta":{"om_disable_all_campaigns":false,"_uf_show_specific_survey":0,"_uf_disable_surveys":false,"footnotes":""},"categories":[36],"tags":[],"class_list":["post-13801","post","type-post","status-publish","format-standard","has-post-thumbnail","hentry","category-conciertos"],"_links":{"self":[{"href":"https:\/\/entrenotasyacordes.com\/index.php?rest_route=\/wp\/v2\/posts\/13801","targetHints":{"allow":["GET"]}}],"collection":[{"href":"https:\/\/entrenotasyacordes.com\/index.php?rest_route=\/wp\/v2\/posts"}],"about":[{"href":"https:\/\/entrenotasyacordes.com\/index.php?rest_route=\/wp\/v2\/types\/post"}],"author":[{"embeddable":true,"href":"https:\/\/entrenotasyacordes.com\/index.php?rest_route=\/wp\/v2\/users\/5"}],"replies":[{"embeddable":true,"href":"https:\/\/entrenotasyacordes.com\/index.php?rest_route=%2Fwp%2Fv2%2Fcomments&post=13801"}],"version-history":[{"count":1,"href":"https:\/\/entrenotasyacordes.com\/index.php?rest_route=\/wp\/v2\/posts\/13801\/revisions"}],"predecessor-version":[{"id":13803,"href":"https:\/\/entrenotasyacordes.com\/index.php?rest_route=\/wp\/v2\/posts\/13801\/revisions\/13803"}],"wp:featuredmedia":[{"embeddable":true,"href":"https:\/\/entrenotasyacordes.com\/index.php?rest_route=\/wp\/v2\/media\/13802"}],"wp:attachment":[{"href":"https:\/\/entrenotasyacordes.com\/index.php?rest_route=%2Fwp%2Fv2%2Fmedia&parent=13801"}],"wp:term":[{"taxonomy":"category","embeddable":true,"href":"https:\/\/entrenotasyacordes.com\/index.php?rest_route=%2Fwp%2Fv2%2Fcategories&post=13801"},{"taxonomy":"post_tag","embeddable":true,"href":"https:\/\/entrenotasyacordes.com\/index.php?rest_route=%2Fwp%2Fv2%2Ftags&post=13801"}],"curies":[{"name":"wp","href":"https:\/\/api.w.org\/{rel}","templated":true}]}}