{"id":13804,"date":"2025-02-03T15:25:35","date_gmt":"2025-02-03T15:25:35","guid":{"rendered":"https:\/\/entrenotasyacordes.com\/?p=13804"},"modified":"2025-02-03T15:25:36","modified_gmt":"2025-02-03T15:25:36","slug":"lady-gaga-estreno-el-nuevo-single-y-el-video-de-abracadabra","status":"publish","type":"post","link":"https:\/\/entrenotasyacordes.com\/?p=13804","title":{"rendered":"Lady Gaga, estren\u00f3 el nuevo single y el video de \u201cAbracadabra\u201d"},"content":{"rendered":"\n<!--more-->\n\n\n\n<p class=\"has-text-align-left\"><\/p>\n\n\n<div class=\"wp-block-image\">\n<figure class=\"aligncenter size-full is-resized\"><img loading=\"lazy\" decoding=\"async\" width=\"1928\" height=\"2560\" src=\"https:\/\/entrenotasyacordes.com\/wp-content\/uploads\/2025\/02\/image001-1-scaled.jpg\" alt=\"\" class=\"wp-image-13805\" style=\"width:599px;height:auto\" srcset=\"https:\/\/entrenotasyacordes.com\/wp-content\/uploads\/2025\/02\/image001-1-scaled.jpg 1928w, https:\/\/entrenotasyacordes.com\/wp-content\/uploads\/2025\/02\/image001-1-226x300.jpg 226w, https:\/\/entrenotasyacordes.com\/wp-content\/uploads\/2025\/02\/image001-1-771x1024.jpg 771w, https:\/\/entrenotasyacordes.com\/wp-content\/uploads\/2025\/02\/image001-1-768x1020.jpg 768w, https:\/\/entrenotasyacordes.com\/wp-content\/uploads\/2025\/02\/image001-1-1157x1536.jpg 1157w, https:\/\/entrenotasyacordes.com\/wp-content\/uploads\/2025\/02\/image001-1-1543x2048.jpg 1543w, https:\/\/entrenotasyacordes.com\/wp-content\/uploads\/2025\/02\/image001-1-1024x1359.jpg 1024w\" sizes=\"auto, (max-width: 1928px) 100vw, 1928px\" \/><\/figure>\n<\/div>\n\n\n<p>La ganadora de 13 premios Grammy, Lady Gaga, estren\u00f3 el single y el video de \u201cAbracadabra\u201d, nuevo adelanto de su s\u00e9ptimo \u00e1lbum de estudio, MAYHEM, que se lanzar\u00e1 el 7 de marzo a trav\u00e9s de Interscope Records.\u00a0<\/p>\n\n\n\n<div style=\"height:34px\" aria-hidden=\"true\" class=\"wp-block-spacer\"><\/div>\n\n\n\n<p>El video, que se emiti\u00f3 durante una pausa comercial de Mastercard\u00ae&nbsp;en los premios GRAMMY\u00ae&nbsp;2025, sirve como un tel\u00f3n de fondo sorprendente para la canci\u00f3n, que pinta una imagen fascinante de las pruebas de la vida como una fiesta metaf\u00f3rica.<\/p>\n\n\n\n<p>Dirigido por Lady Gaga, Parris Goebel y Bethany Vargas, y con coreograf\u00eda de Parris Goebel, muestra una batalla de baile entre los lados claro y oscuro de Gaga. Ella colabor\u00f3\u200b\u200bcon Goebel para crear las secuencias de baile \u00e9picas, que cobraron vida gracias a una comunidad de 40 bailarines. El vestuario de Gaga, dise\u00f1ado por Peri Rosenzweig y Nick Royal, los creativos detr\u00e1s de HARDSTYLE, incluye piezas destacadas como una capa blanca reciclada hecha a partir de vestidos de novia antiguos, que agrega una capa de dise\u00f1o reflexivo a la producci\u00f3n.<\/p>\n\n\n\n<div style=\"height:44px\" aria-hidden=\"true\" class=\"wp-block-spacer\"><\/div>\n\n\n\n<p class=\"has-text-align-center\"><\/p>\n\n\n\n<figure class=\"wp-block-embed is-type-video is-provider-youtube wp-block-embed-youtube wp-embed-aspect-4-3 wp-has-aspect-ratio\"><div class=\"wp-block-embed__wrapper\">\n<div class=\"epyt-video-wrapper\"><iframe loading=\"lazy\"  id=\"_ytid_62169\"  width=\"640\" height=\"360\"  data-origwidth=\"640\" data-origheight=\"360\" src=\"https:\/\/www.youtube.com\/embed\/vBynw9Isr28?enablejsapi=1&#038;autoplay=0&#038;cc_load_policy=0&#038;cc_lang_pref=&#038;iv_load_policy=1&#038;loop=0&#038;rel=1&#038;fs=1&#038;playsinline=0&#038;autohide=2&#038;theme=dark&#038;color=white&#038;controls=1&#038;\" class=\"__youtube_prefs__  epyt-is-override  no-lazyload\" data-vol=\"50\"  title=\"YouTube player\"  allow=\"fullscreen; accelerometer; autoplay; clipboard-write; encrypted-media; gyroscope; picture-in-picture; web-share\" referrerpolicy=\"strict-origin-when-cross-origin\" allowfullscreen data-no-lazy=\"1\" data-skipgform_ajax_framebjll=\"\"><\/iframe><\/div>\n<\/div><\/figure>\n\n\n\n<p><\/p>\n\n\n\n<div style=\"height:100px\" aria-hidden=\"true\" class=\"wp-block-spacer\"><\/div>\n","protected":false},"excerpt":{"rendered":"","protected":false},"author":5,"featured_media":13805,"comment_status":"open","ping_status":"open","sticky":false,"template":"","format":"standard","meta":{"om_disable_all_campaigns":false,"_uf_show_specific_survey":0,"_uf_disable_surveys":false,"footnotes":""},"categories":[4],"tags":[],"class_list":["post-13804","post","type-post","status-publish","format-standard","has-post-thumbnail","hentry","category-musica"],"_links":{"self":[{"href":"https:\/\/entrenotasyacordes.com\/index.php?rest_route=\/wp\/v2\/posts\/13804","targetHints":{"allow":["GET"]}}],"collection":[{"href":"https:\/\/entrenotasyacordes.com\/index.php?rest_route=\/wp\/v2\/posts"}],"about":[{"href":"https:\/\/entrenotasyacordes.com\/index.php?rest_route=\/wp\/v2\/types\/post"}],"author":[{"embeddable":true,"href":"https:\/\/entrenotasyacordes.com\/index.php?rest_route=\/wp\/v2\/users\/5"}],"replies":[{"embeddable":true,"href":"https:\/\/entrenotasyacordes.com\/index.php?rest_route=%2Fwp%2Fv2%2Fcomments&post=13804"}],"version-history":[{"count":1,"href":"https:\/\/entrenotasyacordes.com\/index.php?rest_route=\/wp\/v2\/posts\/13804\/revisions"}],"predecessor-version":[{"id":13806,"href":"https:\/\/entrenotasyacordes.com\/index.php?rest_route=\/wp\/v2\/posts\/13804\/revisions\/13806"}],"wp:featuredmedia":[{"embeddable":true,"href":"https:\/\/entrenotasyacordes.com\/index.php?rest_route=\/wp\/v2\/media\/13805"}],"wp:attachment":[{"href":"https:\/\/entrenotasyacordes.com\/index.php?rest_route=%2Fwp%2Fv2%2Fmedia&parent=13804"}],"wp:term":[{"taxonomy":"category","embeddable":true,"href":"https:\/\/entrenotasyacordes.com\/index.php?rest_route=%2Fwp%2Fv2%2Fcategories&post=13804"},{"taxonomy":"post_tag","embeddable":true,"href":"https:\/\/entrenotasyacordes.com\/index.php?rest_route=%2Fwp%2Fv2%2Ftags&post=13804"}],"curies":[{"name":"wp","href":"https:\/\/api.w.org\/{rel}","templated":true}]}}