{"id":13808,"date":"2025-02-03T21:45:47","date_gmt":"2025-02-03T21:45:47","guid":{"rendered":"https:\/\/entrenotasyacordes.com\/?p=13808"},"modified":"2025-02-03T21:45:49","modified_gmt":"2025-02-03T21:45:49","slug":"a-solo-un-mes-del-carnaval-de-los-tekis-2025-la-fiesta-mas-grande-del-norte-argentino-esta-por-comenzar","status":"publish","type":"post","link":"https:\/\/entrenotasyacordes.com\/?p=13808","title":{"rendered":"A solo un mes del Carnaval de Los Tekis 2025: La Fiesta M\u00e1s Grande del Norte Argentino est\u00e1 por comenzar."},"content":{"rendered":"\n<!--more-->\n\n\n<div class=\"wp-block-image\">\n<figure class=\"aligncenter size-full is-resized\"><img loading=\"lazy\" decoding=\"async\" width=\"768\" height=\"960\" src=\"https:\/\/entrenotasyacordes.com\/wp-content\/uploads\/2025\/02\/14a.jpeg\" alt=\"\" class=\"wp-image-13809\" style=\"width:599px;height:auto\" srcset=\"https:\/\/entrenotasyacordes.com\/wp-content\/uploads\/2025\/02\/14a.jpeg 768w, https:\/\/entrenotasyacordes.com\/wp-content\/uploads\/2025\/02\/14a-240x300.jpeg 240w\" sizes=\"auto, (max-width: 768px) 100vw, 768px\" \/><\/figure>\n<\/div>\n\n<div class=\"wp-block-image\">\n<figure class=\"aligncenter size-full is-resized\"><img loading=\"lazy\" decoding=\"async\" width=\"2560\" height=\"1707\" src=\"https:\/\/entrenotasyacordes.com\/wp-content\/uploads\/2025\/02\/14aa-scaled.jpeg\" alt=\"\" class=\"wp-image-13810\" style=\"width:599px;height:auto\" srcset=\"https:\/\/entrenotasyacordes.com\/wp-content\/uploads\/2025\/02\/14aa-scaled.jpeg 2560w, https:\/\/entrenotasyacordes.com\/wp-content\/uploads\/2025\/02\/14aa-300x200.jpeg 300w, https:\/\/entrenotasyacordes.com\/wp-content\/uploads\/2025\/02\/14aa-1024x683.jpeg 1024w, https:\/\/entrenotasyacordes.com\/wp-content\/uploads\/2025\/02\/14aa-768x512.jpeg 768w, https:\/\/entrenotasyacordes.com\/wp-content\/uploads\/2025\/02\/14aa-1536x1024.jpeg 1536w, https:\/\/entrenotasyacordes.com\/wp-content\/uploads\/2025\/02\/14aa-2048x1365.jpeg 2048w\" sizes=\"auto, (max-width: 2560px) 100vw, 2560px\" \/><\/figure>\n<\/div>\n\n\n<p class=\"has-text-align-left\"><strong>El Carnaval de Los Tekis<\/strong>, uno de los eventos culturales y musicales m\u00e1s importantes del pa\u00eds, est\u00e1 a menos de un mes de comenzar.<strong>\u00a0Del 28 de febrero al 3 de marzo de 2025<\/strong>, Jujuy se transformar\u00e1 en el epicentro de la m\u00fasica, la tradici\u00f3n y la alegr\u00eda, convocando a miles de personas de todo el pa\u00eds y del extranjero.<\/p>\n\n\n\n<p class=\"has-text-align-left\">Con un line up imponente que incluye a figuras de renombre nacional e internacional, este carnaval promete ser una experiencia \u00fanica para todos los asistentes. Los Tekis, anfitriones y emblema de esta celebraci\u00f3n, compartir\u00e1n escenario con varios artistas como\u00a0<strong>Los Aut\u00e9nticos Decadentes<\/strong>,\u00a0<strong>Emanero<\/strong>,\u00a0<strong>Valentino Merlo<\/strong>,\u00a0<strong>Q\u00b4Lokura<\/strong>,<strong>\u00a0Jorge Rojas<\/strong>,\u00a0<strong>\u00c1ngela Leiva<\/strong>,\u00a0<strong>La Delio Velez<\/strong>,\u00a0<strong>La Beriso<\/strong>,\u00a0<strong>Sergio Galleguillo<\/strong>, entre muchos otros que llenar\u00e1n de m\u00fasica y emoci\u00f3n las cuatro jornadas.<\/p>\n\n\n\n<div class=\"wp-block-columns is-layout-flex wp-container-core-columns-is-layout-28f84493 wp-block-columns-is-layout-flex\">\n<div class=\"wp-block-column is-layout-flow wp-block-column-is-layout-flow\">\n<figure class=\"wp-block-image size-full\"><img loading=\"lazy\" decoding=\"async\" width=\"768\" height=\"960\" src=\"https:\/\/entrenotasyacordes.com\/wp-content\/uploads\/2025\/02\/14aaa.jpeg\" alt=\"\" class=\"wp-image-13811\" srcset=\"https:\/\/entrenotasyacordes.com\/wp-content\/uploads\/2025\/02\/14aaa.jpeg 768w, https:\/\/entrenotasyacordes.com\/wp-content\/uploads\/2025\/02\/14aaa-240x300.jpeg 240w\" sizes=\"auto, (max-width: 768px) 100vw, 768px\" \/><\/figure>\n<\/div>\n\n\n\n<div class=\"wp-block-column is-layout-flow wp-block-column-is-layout-flow\">\n<figure class=\"wp-block-image size-full\"><img loading=\"lazy\" decoding=\"async\" width=\"768\" height=\"960\" src=\"https:\/\/entrenotasyacordes.com\/wp-content\/uploads\/2025\/02\/14aaaa.jpeg\" alt=\"\" class=\"wp-image-13812\" srcset=\"https:\/\/entrenotasyacordes.com\/wp-content\/uploads\/2025\/02\/14aaaa.jpeg 768w, https:\/\/entrenotasyacordes.com\/wp-content\/uploads\/2025\/02\/14aaaa-240x300.jpeg 240w\" sizes=\"auto, (max-width: 768px) 100vw, 768px\" \/><\/figure>\n<\/div>\n<\/div>\n\n\n\n<div class=\"wp-block-columns is-layout-flex wp-container-core-columns-is-layout-28f84493 wp-block-columns-is-layout-flex\">\n<div class=\"wp-block-column is-layout-flow wp-block-column-is-layout-flow\">\n<figure class=\"wp-block-image size-full\"><img loading=\"lazy\" decoding=\"async\" width=\"768\" height=\"960\" src=\"https:\/\/entrenotasyacordes.com\/wp-content\/uploads\/2025\/02\/14aaaaa.jpeg\" alt=\"\" class=\"wp-image-13813\" srcset=\"https:\/\/entrenotasyacordes.com\/wp-content\/uploads\/2025\/02\/14aaaaa.jpeg 768w, https:\/\/entrenotasyacordes.com\/wp-content\/uploads\/2025\/02\/14aaaaa-240x300.jpeg 240w\" sizes=\"auto, (max-width: 768px) 100vw, 768px\" \/><\/figure>\n<\/div>\n\n\n\n<div class=\"wp-block-column is-layout-flow wp-block-column-is-layout-flow\">\n<figure class=\"wp-block-image size-full\"><img loading=\"lazy\" decoding=\"async\" width=\"768\" height=\"960\" src=\"https:\/\/entrenotasyacordes.com\/wp-content\/uploads\/2025\/02\/14aaaaaa.jpeg\" alt=\"\" class=\"wp-image-13814\" srcset=\"https:\/\/entrenotasyacordes.com\/wp-content\/uploads\/2025\/02\/14aaaaaa.jpeg 768w, https:\/\/entrenotasyacordes.com\/wp-content\/uploads\/2025\/02\/14aaaaaa-240x300.jpeg 240w\" sizes=\"auto, (max-width: 768px) 100vw, 768px\" \/><\/figure>\n<\/div>\n<\/div>\n\n\n\n<p>El carnaval de Los Tekis no es solo una fiesta, sino un evento que marca un impacto profundo en la econom\u00eda y el turismo de Jujuy. Cada edici\u00f3n genera miles de empleos directos e indirectos, impulsando sectores clave como la hoteler\u00eda, la gastronom\u00eda y el comercio local. Adem\u00e1s, atrae a miles de turistas que llegan para disfrutar no solo del carnaval, sino tambi\u00e9n de los paisajes y la cultura \u00fanicos de la provincia.<\/p>\n\n\n\n<p>M\u00e1s que un festival, es un llamado a carnavalear, a dejarse llevar por la m\u00fasica y las tradiciones en un espacio que invita a todos a ser parte de esta gran experiencia.<\/p>\n\n\n\n<p>Este carnaval 2025 ser\u00e1 especialmente emotivo, ya que marcar\u00e1 el \u00faltimo abrazo m\u00fasical, una \u00faltima fiesta de Juanjo, quien este fin de semana pasado anunci\u00f3 su retiro de la banda. Despu\u00e9s de m\u00e1s de 35 a\u00f1os compartiendo esta aventura, Juanjo, as\u00ed se despidi\u00f3 de la banda\u00a0<em>\u201cEsta despedida no es un adi\u00f3s definitivo, porque se que la m\u00fasica nunca se detiene; permanece siempre viva en los recuerdos, en las emociones y en las almas de quienes la sienten. Esto no es el fin, sino una transformaci\u00f3n, un cambio que me llena de paz y de esperanza. Los Tekis han sido y siempre ser\u00e1n parte de mi vida\u201d.<\/em><\/p>\n\n\n\n<p class=\"has-text-align-center\"><a href=\"https:\/\/paseshow.com.ar\/eventos\/carnaval-de-los-tekis-jujuy-2025\" target=\"_blank\" rel=\"noreferrer noopener\">Consegu\u00ed tus entradas ac\u00e1<\/a><\/p>\n\n\n\n<p><em>\u201cEsta celebraci\u00f3n pone en valor nuestra identidad cultural, y al mismo tiempo, fortalece la econom\u00eda de nuestra provincia. Es una oportunidad de mostrarle al mundo lo mejor de Jujuy: su m\u00fasica, su tradici\u00f3n y su hospitalidad\u201d<\/em>, expresaron desde la organizaci\u00f3n del evento.<\/p>\n\n\n\n<p>El Carnaval de Los Tekis es un evento que trasciende lo musical: es un s\u00edmbolo de cultura, unidad, tradici\u00f3n y transformaci\u00f3n. Este carnaval invita al p\u00fablico a sumergirse en la magia de Jujuy, fortaleciendo la conexi\u00f3n entre las ra\u00edces culturales y la modernidad de un espect\u00e1culo que es referente nacional.<\/p>\n\n\n\n<p>Con apenas un mes para el inicio de esta gran celebraci\u00f3n, la cuenta regresiva ya comenz\u00f3. No te quedes afuera de esta experiencia \u00fanica.<\/p>\n\n\n\n<p>\u00a1El Carnaval de Los Tekis 2025 te espera!&nbsp;<\/p>\n","protected":false},"excerpt":{"rendered":"","protected":false},"author":5,"featured_media":13810,"comment_status":"open","ping_status":"open","sticky":false,"template":"","format":"standard","meta":{"om_disable_all_campaigns":false,"_uf_show_specific_survey":0,"_uf_disable_surveys":false,"footnotes":""},"categories":[36],"tags":[],"class_list":["post-13808","post","type-post","status-publish","format-standard","has-post-thumbnail","hentry","category-conciertos"],"_links":{"self":[{"href":"https:\/\/entrenotasyacordes.com\/index.php?rest_route=\/wp\/v2\/posts\/13808","targetHints":{"allow":["GET"]}}],"collection":[{"href":"https:\/\/entrenotasyacordes.com\/index.php?rest_route=\/wp\/v2\/posts"}],"about":[{"href":"https:\/\/entrenotasyacordes.com\/index.php?rest_route=\/wp\/v2\/types\/post"}],"author":[{"embeddable":true,"href":"https:\/\/entrenotasyacordes.com\/index.php?rest_route=\/wp\/v2\/users\/5"}],"replies":[{"embeddable":true,"href":"https:\/\/entrenotasyacordes.com\/index.php?rest_route=%2Fwp%2Fv2%2Fcomments&post=13808"}],"version-history":[{"count":1,"href":"https:\/\/entrenotasyacordes.com\/index.php?rest_route=\/wp\/v2\/posts\/13808\/revisions"}],"predecessor-version":[{"id":13815,"href":"https:\/\/entrenotasyacordes.com\/index.php?rest_route=\/wp\/v2\/posts\/13808\/revisions\/13815"}],"wp:featuredmedia":[{"embeddable":true,"href":"https:\/\/entrenotasyacordes.com\/index.php?rest_route=\/wp\/v2\/media\/13810"}],"wp:attachment":[{"href":"https:\/\/entrenotasyacordes.com\/index.php?rest_route=%2Fwp%2Fv2%2Fmedia&parent=13808"}],"wp:term":[{"taxonomy":"category","embeddable":true,"href":"https:\/\/entrenotasyacordes.com\/index.php?rest_route=%2Fwp%2Fv2%2Fcategories&post=13808"},{"taxonomy":"post_tag","embeddable":true,"href":"https:\/\/entrenotasyacordes.com\/index.php?rest_route=%2Fwp%2Fv2%2Ftags&post=13808"}],"curies":[{"name":"wp","href":"https:\/\/api.w.org\/{rel}","templated":true}]}}