{"id":13816,"date":"2025-02-03T21:53:25","date_gmt":"2025-02-03T21:53:25","guid":{"rendered":"https:\/\/entrenotasyacordes.com\/?p=13816"},"modified":"2025-02-03T21:53:26","modified_gmt":"2025-02-03T21:53:26","slug":"sobretodo-negro-la-banda-del-chino-biscotti-gori-y-chary-presenta-su-segundo-sencillo-selfie","status":"publish","type":"post","link":"https:\/\/entrenotasyacordes.com\/?p=13816","title":{"rendered":"SOBRETODO NEGRO (LA BANDA DEL CHINO BISCOTTI, GORI Y CHARY) PRESENTA SU SEGUNDO SENCILLO \u201cSELFIE\u201d"},"content":{"rendered":"\n<!--more-->\n\n\n<div class=\"wp-block-image\">\n<figure class=\"aligncenter size-full is-resized\"><img loading=\"lazy\" decoding=\"async\" width=\"1011\" height=\"1024\" src=\"https:\/\/entrenotasyacordes.com\/wp-content\/uploads\/2025\/02\/14b.jpeg\" alt=\"\" class=\"wp-image-13817\" style=\"width:765px;height:auto\" srcset=\"https:\/\/entrenotasyacordes.com\/wp-content\/uploads\/2025\/02\/14b.jpeg 1011w, https:\/\/entrenotasyacordes.com\/wp-content\/uploads\/2025\/02\/14b-296x300.jpeg 296w, https:\/\/entrenotasyacordes.com\/wp-content\/uploads\/2025\/02\/14b-768x778.jpeg 768w, https:\/\/entrenotasyacordes.com\/wp-content\/uploads\/2025\/02\/14b-50x50.jpeg 50w\" sizes=\"auto, (max-width: 1011px) 100vw, 1011px\" \/><\/figure>\n<\/div>\n\n\n<p class=\"has-text-align-left\">Se trata del segundo sencillo de SOBRETODO NEGRO. Una mezla de estilos: Punk \u2013 sucio \u2013 pop indie grunge \u2013 corssover, varios idiomas musicales de distinta calidad, disruptivos pero lindos. Un single que adem\u00e1s, el arte de tapa es un\u00a0 un collage que est\u00e1 hecho a la vieja escuela, papel y tijera de Tomas Nochteff, bajista de Mueran Hermanos y ex bajista de DIOS.<\/p>\n\n\n\n<p><em>Se perciben fantasmas: Gori es el violero intr\u00e9pido de 1000 bandas under y no tanto, junto al Chino de Cadena Perpetua ,Tom\u00e1s (Dios-mueran\u00a0 humanos) y Chary, incipiente solista y frontman eterno de Loquero, coproducen y nos\u00a0 aportan letras con humor sombr\u00edo del bueno; Ritmos pop tribales y violencia s\u00f3nica full time, lejos muy lejos del lugar com\u00fan de sus bandas naturales revuelven basura mental y cuero pesado a diestra y siniestra la marca de la nueva l\u00ednea del Sobretodo Negro se llama Selfie.<\/em><\/p>\n\n\n\n<p class=\"has-text-align-center\"><strong>Letra:<\/strong><br>Sabes que me estoy cayendo a\u00a0 un pozo<br>sabes que me caigo y me destrozo<br>pero a vos te importa 3 carajos mi dolor<br>o lo piensas en el da\u00f1o que tu sufres.\u00a0\u00a0\u00a0\u00a0\u00a0\u00a0\u00a0\u00a0\u00a0<br>\u00a0selfie\u00a0 selfie<br>quiero una selfie\u00a0 ya.\u00a0\u00a0\u00a0\u00a0\u00a0<br>dices que soy un narcisista<br>un pedazo de mierda y de nihlista<br>pero a vos solo te importa el ray\u00f3n de tu porsche<br>que alg\u00fan resentido realizo (no fui yo)<br>eso va contra los c\u00f3digos<br>va contra los c\u00f3digos alta traici\u00f3n.\u00a0\u00a0\u00a0\u00a0\u00a0\u00a0\u00a0\u00a0\u00a0\u00a0\u00a0<br>\u00a0Y sabes que me estoy cayendo a un pozo<br>y sabes que me caigo y\u00a0 me destroz\u00f3<br>pero a vos\u00a0 te importa 3 carajos mi dolor<br>solo piensas en el da\u00f1o que tus sufres.\u00a0\u00a0\u00a0\u00a0\u00a0\u00a0\u00a0\u00a0<br>\u00a0\u00a0 Selfie selfie<\/p>\n\n\n<div class=\"wp-block-image\">\n<figure class=\"aligncenter size-full is-resized\"><img loading=\"lazy\" decoding=\"async\" width=\"2133\" height=\"2560\" src=\"https:\/\/entrenotasyacordes.com\/wp-content\/uploads\/2025\/02\/14bb-scaled.jpg\" alt=\"\" class=\"wp-image-13818\" style=\"width:765px;height:auto\" srcset=\"https:\/\/entrenotasyacordes.com\/wp-content\/uploads\/2025\/02\/14bb-scaled.jpg 2133w, https:\/\/entrenotasyacordes.com\/wp-content\/uploads\/2025\/02\/14bb-250x300.jpg 250w, https:\/\/entrenotasyacordes.com\/wp-content\/uploads\/2025\/02\/14bb-853x1024.jpg 853w, https:\/\/entrenotasyacordes.com\/wp-content\/uploads\/2025\/02\/14bb-768x922.jpg 768w, https:\/\/entrenotasyacordes.com\/wp-content\/uploads\/2025\/02\/14bb-1280x1536.jpg 1280w, https:\/\/entrenotasyacordes.com\/wp-content\/uploads\/2025\/02\/14bb-1707x2048.jpg 1707w, https:\/\/entrenotasyacordes.com\/wp-content\/uploads\/2025\/02\/14bb-1024x1229.jpg 1024w\" sizes=\"auto, (max-width: 2133px) 100vw, 2133px\" \/><\/figure>\n<\/div>\n\n\n<p class=\"has-text-align-left\"><strong>ACERCA DE \u201cSOOBRETODO NEGRO\u201d EN PALABRAS DE CHARY<\/strong><br>\u201cCaf\u00e9 y pastillas, o cuando un hombre se queda solo. Argentinos por todas partes: Berl\u00edn, Barcelona, Buenos Aires. Mar del Plata.\u00a0 30 a\u00f1os\u00a0 ya pasaron de aquel d\u00eda de pasajero en trance, de tocar con todos,\u00a0 de\u00a0 mirarlos a\u00a0 todos\u00a0 y\u00a0 de no\u00a0 ver nada, ll\u00e1malo\u00a0 punk- post-punk-new wave\u2013m\u00fasica disco de los 70\u2019-r&amp;r\u00a0 Bowie, GG Allin, Ramones, Blondie,\u00a0 Cramps. Todos unidos desapareceremos en la andanada\u00a0 dictatorial\u00a0 del auto-tune asesino. Me quedo atando ratas de las patas para ver\u00a0 c\u00f3mo se muerden entre s\u00ed, me quedo con Sid Barret\u00a0 gordo y pelado en el s\u00f3tano de la casa de la madre,\u00a0 o mejor,\u00a0 te lo\u00a0 cambio mano a mano por cualquier canci\u00f3n hecha con el coraz\u00f3n por el viejo Corneta de Los Gardelitos. Sobre todo negro,\u00a0\u00a0<strong>estos sonidos me llevan al futuro y no al pasado<\/strong>. Me llevan a la dopamina que generaron en mi\u00a0 cerebro\u00a0 los ratones paranoicos,\u00a0 sumo, y v8,\u00a0 luego me da el stress y me atrapa el tiempo en el arroyo al que \u00edbamos a\u00a0 jugar los chicos, atr\u00e1s del matadero, el d\u00eda que empezamos a ver v\u00edsceras y ojos de vacas y terneros\u00a0 bajando por el agua, y observando c\u00f3mo se te\u00f1\u00edan nuestros piecitos de sangre calentita. S\u00ed, todo viejo, dir\u00e1n algunos, todo del pasado, pero no, yo digo que no, que todo tiempo pasado fue solo el germen\u00a0 expectante de estas canciones de quimera, ensue\u00f1o y fantas\u00eda para que dancen los ni\u00f1os muertos y endemoniados del futuro, mi futuro, tu futuro. Todo- sobre &#8211; negro.\u201d Chary<\/p>\n","protected":false},"excerpt":{"rendered":"","protected":false},"author":5,"featured_media":13817,"comment_status":"open","ping_status":"open","sticky":false,"template":"","format":"standard","meta":{"om_disable_all_campaigns":false,"_uf_show_specific_survey":0,"_uf_disable_surveys":false,"footnotes":""},"categories":[4],"tags":[],"class_list":["post-13816","post","type-post","status-publish","format-standard","has-post-thumbnail","hentry","category-musica"],"_links":{"self":[{"href":"https:\/\/entrenotasyacordes.com\/index.php?rest_route=\/wp\/v2\/posts\/13816","targetHints":{"allow":["GET"]}}],"collection":[{"href":"https:\/\/entrenotasyacordes.com\/index.php?rest_route=\/wp\/v2\/posts"}],"about":[{"href":"https:\/\/entrenotasyacordes.com\/index.php?rest_route=\/wp\/v2\/types\/post"}],"author":[{"embeddable":true,"href":"https:\/\/entrenotasyacordes.com\/index.php?rest_route=\/wp\/v2\/users\/5"}],"replies":[{"embeddable":true,"href":"https:\/\/entrenotasyacordes.com\/index.php?rest_route=%2Fwp%2Fv2%2Fcomments&post=13816"}],"version-history":[{"count":1,"href":"https:\/\/entrenotasyacordes.com\/index.php?rest_route=\/wp\/v2\/posts\/13816\/revisions"}],"predecessor-version":[{"id":13819,"href":"https:\/\/entrenotasyacordes.com\/index.php?rest_route=\/wp\/v2\/posts\/13816\/revisions\/13819"}],"wp:featuredmedia":[{"embeddable":true,"href":"https:\/\/entrenotasyacordes.com\/index.php?rest_route=\/wp\/v2\/media\/13817"}],"wp:attachment":[{"href":"https:\/\/entrenotasyacordes.com\/index.php?rest_route=%2Fwp%2Fv2%2Fmedia&parent=13816"}],"wp:term":[{"taxonomy":"category","embeddable":true,"href":"https:\/\/entrenotasyacordes.com\/index.php?rest_route=%2Fwp%2Fv2%2Fcategories&post=13816"},{"taxonomy":"post_tag","embeddable":true,"href":"https:\/\/entrenotasyacordes.com\/index.php?rest_route=%2Fwp%2Fv2%2Ftags&post=13816"}],"curies":[{"name":"wp","href":"https:\/\/api.w.org\/{rel}","templated":true}]}}