{"id":13824,"date":"2025-02-03T22:02:45","date_gmt":"2025-02-03T22:02:45","guid":{"rendered":"https:\/\/entrenotasyacordes.com\/?p=13824"},"modified":"2025-02-03T22:02:46","modified_gmt":"2025-02-03T22:02:46","slug":"zulan-anuncia-show-en-argentina","status":"publish","type":"post","link":"https:\/\/entrenotasyacordes.com\/?p=13824","title":{"rendered":"ZULAN ANUNCIA SHOW EN ARGENTINA\u00a0"},"content":{"rendered":"\n<!--more-->\n\n\n\n<p class=\"has-text-align-center\">Luego de una serie de fechas en Brasil y Colombia, la DJ y productora argentina pisar\u00e1 suelo patrio para hacer bailar al primer piso del C Art durante la madrugada del 22 de febrero (la noche del viernes 21 al 22).<\/p>\n\n\n<div class=\"wp-block-image\">\n<figure class=\"aligncenter size-full is-resized\"><img loading=\"lazy\" decoding=\"async\" width=\"1080\" height=\"1080\" src=\"https:\/\/entrenotasyacordes.com\/wp-content\/uploads\/2025\/02\/14d.jpg\" alt=\"\" class=\"wp-image-13825\" style=\"width:599px;height:auto\" srcset=\"https:\/\/entrenotasyacordes.com\/wp-content\/uploads\/2025\/02\/14d.jpg 1080w, https:\/\/entrenotasyacordes.com\/wp-content\/uploads\/2025\/02\/14d-300x300.jpg 300w, https:\/\/entrenotasyacordes.com\/wp-content\/uploads\/2025\/02\/14d-1024x1024.jpg 1024w, https:\/\/entrenotasyacordes.com\/wp-content\/uploads\/2025\/02\/14d-150x150.jpg 150w, https:\/\/entrenotasyacordes.com\/wp-content\/uploads\/2025\/02\/14d-768x768.jpg 768w, https:\/\/entrenotasyacordes.com\/wp-content\/uploads\/2025\/02\/14d-50x50.jpg 50w\" sizes=\"auto, (max-width: 1080px) 100vw, 1080px\" \/><\/figure>\n<\/div>\n\n\n<p><strong>ENTRADAS A LA VENTA DESDE EL 3 DE FEBRERO A LAS 13:00 HORAS, \u00daNICAMENTE DESDE\u00a0<a href=\"https:\/\/instagramc.tr.pemsv30.net\/c\/eyJhIjoiaW5zdGFncmFtYyIsIm0iOiJtYWlsX2NtNnA4d3E2aGU4dHgwODA4ZHRhczJhbmUiLCJsIjoibGlua19hYTkzMzZiMjZjODI2NzJhZDlkYmFkNDJmYjhlODFjNzA3ZGRkZWZhXzVkMjQ0OCIsImkiOltdLCJ1IjoiaHR0cHM6Ly93d3cuYWxsYWNjZXNzLmNvbS5hci8_dXRtX3NvdXJjZT1wZXJmaXQmdXRtX21lZGl1bT1lbWFpbCZ1dG1fY2FtcGFpZ249WlVMQU4lMjAlN0MlMjBBTlVOQ0lPIiwiYyI6IiIsImgiOiI2OGE2ODcifQ\" target=\"_blank\" rel=\"noreferrer noopener\">ALL ACCESS<\/a>\u00a0CON CUALQUIER MEDIO DE PAGO.<\/strong><\/p>\n\n\n\n<p><strong>La DJ, productora y creativa interdisciplinaria ZULAN visita su Argentina natal con una fecha que promete baile hasta el amanecer.<\/strong>&nbsp;La cita ser\u00e1 en las v\u00edsperas del s\u00e1bado 22 de febrero (la noche del viernes 21 al 22) en el primer piso del&nbsp;<strong>C Art Media,<\/strong>&nbsp;con producci\u00f3n de&nbsp;<strong>DF Entertainment<\/strong>. Las&nbsp;<strong>entradas&nbsp;<\/strong>para sumarse a la pista de esta DJ que viene pisando fuerte a escala internacional ya est\u00e1n a la venta \u00fanicamente a trav\u00e9s de All&nbsp;<strong><a target=\"_blank\" href=\"https:\/\/instagramc.tr.pemsv30.net\/c\/eyJhIjoiaW5zdGFncmFtYyIsIm0iOiJtYWlsX2NtNnA4d3E2aGU4dHgwODA4ZHRhczJhbmUiLCJsIjoibGlua19hYTkzMzZiMjZjODI2NzJhZDlkYmFkNDJmYjhlODFjNzA3ZGRkZWZhX2Y0MGZlYiIsImkiOltdLCJ1IjoiaHR0cHM6Ly93d3cuYWxsYWNjZXNzLmNvbS5hci8_dXRtX3NvdXJjZT1wZXJmaXQmdXRtX21lZGl1bT1lbWFpbCZ1dG1fY2FtcGFpZ249WlVMQU4lMjAlN0MlMjBBTlVOQ0lPIiwiYyI6IiIsImgiOiIzMDAyMzkifQ\" rel=\"noreferrer noopener\">Access.<\/a><\/strong><\/p>\n\n\n\n<p><strong>Los sets de esta joven figura de la electr\u00f3nica destacan por la fluidez en lo gen\u00e9rico dentro de la m\u00fasica dance\u00a0<\/strong>y atraen a un p\u00fablico de lo m\u00e1s diverso, haciendo que personas de distintas culturas, gustos y mundos compartan una experiencia de entrega y confianza en una selecci\u00f3n pensada para dejarse llevar y disfrutar de principio a fin.<\/p>\n\n\n<div class=\"wp-block-image\">\n<figure class=\"aligncenter size-full is-resized\"><img loading=\"lazy\" decoding=\"async\" width=\"1080\" height=\"1350\" src=\"https:\/\/entrenotasyacordes.com\/wp-content\/uploads\/2025\/02\/14dd.jpg\" alt=\"\" class=\"wp-image-13826\" style=\"width:599px;height:auto\" srcset=\"https:\/\/entrenotasyacordes.com\/wp-content\/uploads\/2025\/02\/14dd.jpg 1080w, https:\/\/entrenotasyacordes.com\/wp-content\/uploads\/2025\/02\/14dd-240x300.jpg 240w, https:\/\/entrenotasyacordes.com\/wp-content\/uploads\/2025\/02\/14dd-819x1024.jpg 819w, https:\/\/entrenotasyacordes.com\/wp-content\/uploads\/2025\/02\/14dd-768x960.jpg 768w, https:\/\/entrenotasyacordes.com\/wp-content\/uploads\/2025\/02\/14dd-1024x1280.jpg 1024w\" sizes=\"auto, (max-width: 1080px) 100vw, 1080px\" \/><\/figure>\n<\/div>\n\n\n<p class=\"has-text-align-left\"><strong>Pronta a lanzar su primer material como productora, del cual el mundo conocer\u00e1 primero el single \u201cCampe\u00f3n\u201d<\/strong>, donde explora nuestra cultura futbol\u00edstica \u2014de la que ZULAN es fan tal y como se puede ver en sus presentaciones, donde siempre luce su colecci\u00f3n de camisetas\u2014,&nbsp;<a target=\"_blank\" href=\"https:\/\/instagramc.tr.pemsv30.net\/c\/eyJhIjoiaW5zdGFncmFtYyIsIm0iOiJtYWlsX2NtNnA4d3E2aGU4dHgwODA4ZHRhczJhbmUiLCJsIjoibGlua182MTZlNDQ4ZjYyYjMzN2VlZWE0YTYzZTg5MzJlYjYzZDYxYzg2NGZmXzQyZGJmOCIsImkiOltdLCJ1IjoiaHR0cHM6Ly95b3V0dS5iZS9fUEF6b00zeGc5ND91dG1fc291cmNlPXBlcmZpdCZ1dG1fbWVkaXVtPWVtYWlsJnV0bV9jYW1wYWlnbj1aVUxBTiUyMCU3QyUyMEFOVU5DSU8iLCJjIjoiIiwiaCI6ImFlYjNlZCJ9\" rel=\"noreferrer noopener\">su versatilidad puede conocerse en cualquiera de sus sets<\/a>&nbsp;donde&nbsp;<strong>ancla en el latin y el afro house<\/strong>, pero se extiende m\u00e1s all\u00e1 para traer versiones de pista de hits populares, desde Kanye West a Bad Bunny.<\/p>\n\n\n\n<p class=\"has-text-align-left\">Imperdible fecha para quienes gustan de sorprenderse en la pista y bailar al ritmo de sets de energ\u00eda incomparable y contagiosa. El nombre de ZULAN suena cada vez m\u00e1s entre los talentos emergentes de la escena dance y ser\u00e1 una noche emotiva por tratarse del reencuentro con la cultura de baile de su Argentina natal.\u00a0<\/p>\n","protected":false},"excerpt":{"rendered":"","protected":false},"author":5,"featured_media":13825,"comment_status":"open","ping_status":"open","sticky":false,"template":"","format":"standard","meta":{"om_disable_all_campaigns":false,"_uf_show_specific_survey":0,"_uf_disable_surveys":false,"footnotes":""},"categories":[36],"tags":[],"class_list":["post-13824","post","type-post","status-publish","format-standard","has-post-thumbnail","hentry","category-conciertos"],"_links":{"self":[{"href":"https:\/\/entrenotasyacordes.com\/index.php?rest_route=\/wp\/v2\/posts\/13824","targetHints":{"allow":["GET"]}}],"collection":[{"href":"https:\/\/entrenotasyacordes.com\/index.php?rest_route=\/wp\/v2\/posts"}],"about":[{"href":"https:\/\/entrenotasyacordes.com\/index.php?rest_route=\/wp\/v2\/types\/post"}],"author":[{"embeddable":true,"href":"https:\/\/entrenotasyacordes.com\/index.php?rest_route=\/wp\/v2\/users\/5"}],"replies":[{"embeddable":true,"href":"https:\/\/entrenotasyacordes.com\/index.php?rest_route=%2Fwp%2Fv2%2Fcomments&post=13824"}],"version-history":[{"count":1,"href":"https:\/\/entrenotasyacordes.com\/index.php?rest_route=\/wp\/v2\/posts\/13824\/revisions"}],"predecessor-version":[{"id":13827,"href":"https:\/\/entrenotasyacordes.com\/index.php?rest_route=\/wp\/v2\/posts\/13824\/revisions\/13827"}],"wp:featuredmedia":[{"embeddable":true,"href":"https:\/\/entrenotasyacordes.com\/index.php?rest_route=\/wp\/v2\/media\/13825"}],"wp:attachment":[{"href":"https:\/\/entrenotasyacordes.com\/index.php?rest_route=%2Fwp%2Fv2%2Fmedia&parent=13824"}],"wp:term":[{"taxonomy":"category","embeddable":true,"href":"https:\/\/entrenotasyacordes.com\/index.php?rest_route=%2Fwp%2Fv2%2Fcategories&post=13824"},{"taxonomy":"post_tag","embeddable":true,"href":"https:\/\/entrenotasyacordes.com\/index.php?rest_route=%2Fwp%2Fv2%2Ftags&post=13824"}],"curies":[{"name":"wp","href":"https:\/\/api.w.org\/{rel}","templated":true}]}}