{"id":13828,"date":"2025-02-03T22:11:27","date_gmt":"2025-02-03T22:11:27","guid":{"rendered":"https:\/\/entrenotasyacordes.com\/?p=13828"},"modified":"2025-02-03T22:11:28","modified_gmt":"2025-02-03T22:11:28","slug":"danny-la-caja-pero-te-amo","status":"publish","type":"post","link":"https:\/\/entrenotasyacordes.com\/?p=13828","title":{"rendered":"DANNY &amp; LA CAJA \u201cPERO TE AMO\u201d"},"content":{"rendered":"\n<!--more-->\n\n\n<div class=\"wp-block-image\">\n<figure class=\"aligncenter size-full is-resized\"><img loading=\"lazy\" decoding=\"async\" width=\"1742\" height=\"1079\" src=\"https:\/\/entrenotasyacordes.com\/wp-content\/uploads\/2025\/02\/14e.jpg\" alt=\"\" class=\"wp-image-13829\" style=\"width:765px;height:auto\" srcset=\"https:\/\/entrenotasyacordes.com\/wp-content\/uploads\/2025\/02\/14e.jpg 1742w, https:\/\/entrenotasyacordes.com\/wp-content\/uploads\/2025\/02\/14e-300x186.jpg 300w, https:\/\/entrenotasyacordes.com\/wp-content\/uploads\/2025\/02\/14e-1024x634.jpg 1024w, https:\/\/entrenotasyacordes.com\/wp-content\/uploads\/2025\/02\/14e-768x476.jpg 768w, https:\/\/entrenotasyacordes.com\/wp-content\/uploads\/2025\/02\/14e-1536x951.jpg 1536w\" sizes=\"auto, (max-width: 1742px) 100vw, 1742px\" \/><\/figure>\n<\/div>\n\n\n<p class=\"has-text-align-left\"><em>Producciones Oye\u00a0<\/em>comienza el a\u00f1o con mucho sabor latino, al ritmo del merengue. Y es que en esta oportunidad trae de promoci\u00f3n a Danny &amp; La Caja, con el tema \u201cPero te amo\u201d.<\/p>\n\n\n\n<p class=\"has-text-align-left\">Danny &amp; La Caja es una orquesta que surge como respuesta a la necesidad del p\u00fablico adulto contempor\u00e1neo, el cual disfrut\u00f3 los a\u00f1os del merengue cl\u00e1sico dominicano, con agrupaciones que marcaron una \u00e9poca dorada en Venezuela en los a\u00f1os 80.<\/p>\n\n\n\n<p class=\"has-text-align-left\">La agrupaci\u00f3n hace homenaje a los grandes, Wilfrido Vargas, Fernandito Villalona, Juan Luis Guerra, Sergio Vargas, Rubby P\u00e9rez, Bonny Cepeda, Dioni Fernandez, July Mateo, Las Chicas del Can, The New York Band; interpretando varios de los temas m\u00e1s conocidos a nivel mundial.<\/p>\n\n\n\n<p>El audiovisual que acompa\u00f1a al tema promocional de Danny &amp; La Caja \u201cPero te amo\u201d, canci\u00f3n compuesta por el reconocido Enrique Hidalgo, fue filmado en Caracas \u2013 Venezuela bajo la producci\u00f3n del director Miguel Mardeni. Dicho videoclip muestra el gran talento de la agrupaci\u00f3n, en plena interpretaci\u00f3n reflejando as\u00ed lo que son sus presentaciones en vivo.\u00a0<\/p>\n\n\n\n<p>Danny &amp; La Caja tiene programada para este a\u00f1o, una gira por Am\u00e9rica y El Caribe de la mano de varios productores internacionales.<\/p>\n\n\n\n<figure class=\"wp-block-embed is-type-video is-provider-youtube wp-block-embed-youtube wp-embed-aspect-16-9 wp-has-aspect-ratio\"><div class=\"wp-block-embed__wrapper\">\n<div class=\"epyt-video-wrapper\"><iframe loading=\"lazy\"  id=\"_ytid_11047\"  width=\"640\" height=\"360\"  data-origwidth=\"640\" data-origheight=\"360\" src=\"https:\/\/www.youtube.com\/embed\/MB1U6VWMXMg?enablejsapi=1&#038;autoplay=0&#038;cc_load_policy=0&#038;cc_lang_pref=&#038;iv_load_policy=1&#038;loop=0&#038;rel=1&#038;fs=1&#038;playsinline=0&#038;autohide=2&#038;theme=dark&#038;color=white&#038;controls=1&#038;\" class=\"__youtube_prefs__  epyt-is-override  no-lazyload\" data-vol=\"50\"  title=\"YouTube player\"  allow=\"fullscreen; accelerometer; autoplay; clipboard-write; encrypted-media; gyroscope; picture-in-picture; web-share\" referrerpolicy=\"strict-origin-when-cross-origin\" allowfullscreen data-no-lazy=\"1\" data-skipgform_ajax_framebjll=\"\"><\/iframe><\/div>\n<\/div><\/figure>\n","protected":false},"excerpt":{"rendered":"","protected":false},"author":5,"featured_media":13829,"comment_status":"open","ping_status":"open","sticky":false,"template":"","format":"standard","meta":{"om_disable_all_campaigns":false,"_uf_show_specific_survey":0,"_uf_disable_surveys":false,"footnotes":""},"categories":[4],"tags":[],"class_list":["post-13828","post","type-post","status-publish","format-standard","has-post-thumbnail","hentry","category-musica"],"_links":{"self":[{"href":"https:\/\/entrenotasyacordes.com\/index.php?rest_route=\/wp\/v2\/posts\/13828","targetHints":{"allow":["GET"]}}],"collection":[{"href":"https:\/\/entrenotasyacordes.com\/index.php?rest_route=\/wp\/v2\/posts"}],"about":[{"href":"https:\/\/entrenotasyacordes.com\/index.php?rest_route=\/wp\/v2\/types\/post"}],"author":[{"embeddable":true,"href":"https:\/\/entrenotasyacordes.com\/index.php?rest_route=\/wp\/v2\/users\/5"}],"replies":[{"embeddable":true,"href":"https:\/\/entrenotasyacordes.com\/index.php?rest_route=%2Fwp%2Fv2%2Fcomments&post=13828"}],"version-history":[{"count":1,"href":"https:\/\/entrenotasyacordes.com\/index.php?rest_route=\/wp\/v2\/posts\/13828\/revisions"}],"predecessor-version":[{"id":13830,"href":"https:\/\/entrenotasyacordes.com\/index.php?rest_route=\/wp\/v2\/posts\/13828\/revisions\/13830"}],"wp:featuredmedia":[{"embeddable":true,"href":"https:\/\/entrenotasyacordes.com\/index.php?rest_route=\/wp\/v2\/media\/13829"}],"wp:attachment":[{"href":"https:\/\/entrenotasyacordes.com\/index.php?rest_route=%2Fwp%2Fv2%2Fmedia&parent=13828"}],"wp:term":[{"taxonomy":"category","embeddable":true,"href":"https:\/\/entrenotasyacordes.com\/index.php?rest_route=%2Fwp%2Fv2%2Fcategories&post=13828"},{"taxonomy":"post_tag","embeddable":true,"href":"https:\/\/entrenotasyacordes.com\/index.php?rest_route=%2Fwp%2Fv2%2Ftags&post=13828"}],"curies":[{"name":"wp","href":"https:\/\/api.w.org\/{rel}","templated":true}]}}