{"id":13831,"date":"2025-02-04T15:23:54","date_gmt":"2025-02-04T15:23:54","guid":{"rendered":"https:\/\/entrenotasyacordes.com\/?p=13831"},"modified":"2025-02-04T15:23:55","modified_gmt":"2025-02-04T15:23:55","slug":"soledad-con-entradas-completamente-agostadas-fue-ovacionada-en-el-festival-de-cosquin","status":"publish","type":"post","link":"https:\/\/entrenotasyacordes.com\/?p=13831","title":{"rendered":"SOLEDAD CON ENTRADAS COMPLETAMENTE AGOSTADAS, FUE OVACIONADA EN EL FESTIVAL DE COSQUIN"},"content":{"rendered":"\n<!--more-->\n\n\n<div class=\"wp-block-image\">\n<figure class=\"aligncenter size-full\"><img loading=\"lazy\" decoding=\"async\" width=\"2048\" height=\"1363\" src=\"https:\/\/entrenotasyacordes.com\/wp-content\/uploads\/2025\/02\/14f.jpeg\" alt=\"\" class=\"wp-image-13832\" srcset=\"https:\/\/entrenotasyacordes.com\/wp-content\/uploads\/2025\/02\/14f.jpeg 2048w, https:\/\/entrenotasyacordes.com\/wp-content\/uploads\/2025\/02\/14f-300x200.jpeg 300w, https:\/\/entrenotasyacordes.com\/wp-content\/uploads\/2025\/02\/14f-1024x682.jpeg 1024w, https:\/\/entrenotasyacordes.com\/wp-content\/uploads\/2025\/02\/14f-768x511.jpeg 768w, https:\/\/entrenotasyacordes.com\/wp-content\/uploads\/2025\/02\/14f-1536x1022.jpeg 1536w\" sizes=\"auto, (max-width: 2048px) 100vw, 2048px\" \/><figcaption class=\"wp-element-caption\">\u00a0(Cr\u00e9ditos Laureana Fenoy)<\/figcaption><\/figure>\n<\/div>\n\n\n<p class=\"has-text-align-left\">La hist\u00f3rica plaza Prospero Molina colmada con m\u00e1s de 10 mil personas que se hicieron presente para disfrutar de su m\u00fasica.<br>&nbsp;<br>Soledad quien hace pocos d\u00edas cumpli\u00f3 29 a\u00f1os desde aquel primer Cosqu\u00edn que la convirti\u00f3 en un fen\u00f3meno nacional que revolucion\u00f3 el folklore y la m\u00fasica popular con tan s\u00f3lo 15 a\u00f1os.<\/p>\n\n\n\n<p class=\"has-text-align-left\">Soledad antes de su \u00faltimo tema pronunci\u00f3 unas sentidas palabras, repasando su carrera y agradeciendo la incondicionalidad de su p\u00fablico generando la emoci\u00f3n de sus fans.<\/p>\n\n\n\n<p><em>\u201c29 A\u00f1os! Ni yo lo puedo creer, empez\u00f3 ac\u00e1 en este mismo escenario, cuando era una nena y ac\u00e1 me tienen. Con todas las cosas que me han pasado, &nbsp;en todos estos a\u00f1os tanto en lo personal como en lo profesional han sido un desaf\u00edo , lleno de satisfacci\u00f3n pero a veces &nbsp;tambi\u00e9n se ha hecho muy dif\u00edcil.<\/em><\/p>\n\n\n\n<p><em>A veces me encontr\u00e9 un poco perdida, a veces pens\u00e9 en dejarlo todo, Lo \u00fanico que me di\u00f3 fuerzas y que me da fuerzas para seguir es el apoyo incondicional de todos ustedes, el que me siguen dando en cada mensaje, en cada abrazo, en cada canci\u00f3n cantada a coro, siempre fueron incondicionales, aun cuando no sab\u00edan cuan largo iba a ser el camino.<\/em><\/p>\n\n\n\n<p><em>Gracias por este amor que me hacen sentir que no estoy sola, \u00a0que este nombre \u00a0que me han puesto, no es un destino, ustedes son la raz\u00f3n por que yo estoy ac\u00e1, parada compartiendo mi m\u00fasica. \u00a0Simplemente Gracias una vez m\u00e1s\u201d<\/em><\/p>\n\n\n<div class=\"wp-block-image\">\n<figure class=\"aligncenter size-full\"><img loading=\"lazy\" decoding=\"async\" width=\"2048\" height=\"1365\" src=\"https:\/\/entrenotasyacordes.com\/wp-content\/uploads\/2025\/02\/14ff.jpeg\" alt=\"\" class=\"wp-image-13833\" srcset=\"https:\/\/entrenotasyacordes.com\/wp-content\/uploads\/2025\/02\/14ff.jpeg 2048w, https:\/\/entrenotasyacordes.com\/wp-content\/uploads\/2025\/02\/14ff-300x200.jpeg 300w, https:\/\/entrenotasyacordes.com\/wp-content\/uploads\/2025\/02\/14ff-1024x683.jpeg 1024w, https:\/\/entrenotasyacordes.com\/wp-content\/uploads\/2025\/02\/14ff-768x512.jpeg 768w, https:\/\/entrenotasyacordes.com\/wp-content\/uploads\/2025\/02\/14ff-1536x1024.jpeg 1536w\" sizes=\"auto, (max-width: 2048px) 100vw, 2048px\" \/><\/figure>\n<\/div>\n\n\n<p>Adem\u00e1s Soledad adelant\u00f3 que en los pr\u00f3ximos d\u00edas estar\u00e1 dando una gran noticia en su carrera m\u00fasical.<\/p>\n\n\n\n<p>Soledad hizo un recorrido por sus m\u00e1s grandes \u00e9xitos, canciones que la consagraron como la cantante argentina m\u00e1s importante de la m\u00fasica de ra\u00edz, g\u00e9nero por el cual recientemente gan\u00f3 un premio Latin Grammy y est\u00e1 nominada a Los premios Lo Nuestro a la M\u00fasica Latina.<\/p>\n","protected":false},"excerpt":{"rendered":"","protected":false},"author":5,"featured_media":13833,"comment_status":"open","ping_status":"open","sticky":false,"template":"","format":"standard","meta":{"om_disable_all_campaigns":false,"_uf_show_specific_survey":0,"_uf_disable_surveys":false,"footnotes":""},"categories":[34],"tags":[],"class_list":["post-13831","post","type-post","status-publish","format-standard","has-post-thumbnail","hentry","category-ultimas-noticias"],"_links":{"self":[{"href":"https:\/\/entrenotasyacordes.com\/index.php?rest_route=\/wp\/v2\/posts\/13831","targetHints":{"allow":["GET"]}}],"collection":[{"href":"https:\/\/entrenotasyacordes.com\/index.php?rest_route=\/wp\/v2\/posts"}],"about":[{"href":"https:\/\/entrenotasyacordes.com\/index.php?rest_route=\/wp\/v2\/types\/post"}],"author":[{"embeddable":true,"href":"https:\/\/entrenotasyacordes.com\/index.php?rest_route=\/wp\/v2\/users\/5"}],"replies":[{"embeddable":true,"href":"https:\/\/entrenotasyacordes.com\/index.php?rest_route=%2Fwp%2Fv2%2Fcomments&post=13831"}],"version-history":[{"count":1,"href":"https:\/\/entrenotasyacordes.com\/index.php?rest_route=\/wp\/v2\/posts\/13831\/revisions"}],"predecessor-version":[{"id":13834,"href":"https:\/\/entrenotasyacordes.com\/index.php?rest_route=\/wp\/v2\/posts\/13831\/revisions\/13834"}],"wp:featuredmedia":[{"embeddable":true,"href":"https:\/\/entrenotasyacordes.com\/index.php?rest_route=\/wp\/v2\/media\/13833"}],"wp:attachment":[{"href":"https:\/\/entrenotasyacordes.com\/index.php?rest_route=%2Fwp%2Fv2%2Fmedia&parent=13831"}],"wp:term":[{"taxonomy":"category","embeddable":true,"href":"https:\/\/entrenotasyacordes.com\/index.php?rest_route=%2Fwp%2Fv2%2Fcategories&post=13831"},{"taxonomy":"post_tag","embeddable":true,"href":"https:\/\/entrenotasyacordes.com\/index.php?rest_route=%2Fwp%2Fv2%2Ftags&post=13831"}],"curies":[{"name":"wp","href":"https:\/\/api.w.org\/{rel}","templated":true}]}}