{"id":13835,"date":"2025-02-04T15:29:06","date_gmt":"2025-02-04T15:29:06","guid":{"rendered":"https:\/\/entrenotasyacordes.com\/?p=13835"},"modified":"2025-02-04T15:29:10","modified_gmt":"2025-02-04T15:29:10","slug":"mariana-mazu-presenta-su-nuevo-disco-y-el-fin-del-amor","status":"publish","type":"post","link":"https:\/\/entrenotasyacordes.com\/?p=13835","title":{"rendered":"MARIANA MAZ\u00da\u00a0PRESENTA SU NUEVO DISCO: \u00ab\u00bfY EL FIN DEL AMOR?\u00bb"},"content":{"rendered":"\n<!--more-->\n\n\n<div class=\"wp-block-image\">\n<figure class=\"aligncenter size-full is-resized\"><img loading=\"lazy\" decoding=\"async\" width=\"2560\" height=\"1707\" src=\"https:\/\/entrenotasyacordes.com\/wp-content\/uploads\/2025\/02\/14g-scaled.jpg\" alt=\"\" class=\"wp-image-13836\" style=\"width:765px;height:auto\" srcset=\"https:\/\/entrenotasyacordes.com\/wp-content\/uploads\/2025\/02\/14g-scaled.jpg 2560w, https:\/\/entrenotasyacordes.com\/wp-content\/uploads\/2025\/02\/14g-300x200.jpg 300w, https:\/\/entrenotasyacordes.com\/wp-content\/uploads\/2025\/02\/14g-1024x683.jpg 1024w, https:\/\/entrenotasyacordes.com\/wp-content\/uploads\/2025\/02\/14g-768x512.jpg 768w, https:\/\/entrenotasyacordes.com\/wp-content\/uploads\/2025\/02\/14g-1536x1024.jpg 1536w, https:\/\/entrenotasyacordes.com\/wp-content\/uploads\/2025\/02\/14g-2048x1365.jpg 2048w\" sizes=\"auto, (max-width: 2560px) 100vw, 2560px\" \/><\/figure>\n<\/div>\n\n\n<p>La reconocida cantante y psicoanalista Mariana Maz\u00fa contin\u00faa su gira de presentaciones con un nuevo show en \u00abLa casa de los Torres\u00bb el jueves 13 de febrero a las 21hs.<\/p>\n\n\n\n<p>Con su segundo \u00e1lbum, \u00ab\u00bfY el fin del amor?\u00bb, la cantante fue nominada a los LATIN GRAMMY 2024 en la categor\u00eda de Mejor \u00c1lbum de Tango. Este disco es una reflexi\u00f3n sobre la finalidad del amor, los comienzos y los finales, y cuenta con la participaci\u00f3n de invitadas especiales como Maggie Cullen, Julieta Laso y Lidia Borda.<\/p>\n\n\n\n<p>Ha sido invitada a participar de colaboraciones y conciertos junto a varios artistas de la escena musical argentina, compartiendo show con Los Tabaleros, La Bomba de Tiempo, Maggie Cullen, Doctor Chinaski, entre otros.<\/p>\n\n\n\n<p>Mariana Maz\u00fa es una de las artistas m\u00e1s destacadas en la escena musical argentina, conocida por su estilo fresco y desenvuelto que fusiona tangos, boleros y valses. Su versi\u00f3n de \u00abAprendiz\u00bb de Alejandro Sanz lleg\u00f3 a los primeros puestos de las playlist m\u00e1s escuchadas en 2024.<\/p>\n\n\n\n<p>Para este 2025 est\u00e1 preparando su nuevo sencillo donde experimentar\u00e1 por varios g\u00e9neros como bolero, fox-trot, baladas y ritmos latinoamericanos y adem\u00e1s planea su nueva gira por Europa que se realizar\u00e1 durante los meses de agosto, septiembre y octubre. Comenzar\u00e1 en Francia y seguir por Austria, Alemania, Italia, Suecia, Suiza, entre otros.<\/p>\n\n\n\n<p><strong>BIOGRAF\u00cdA<\/strong><br>Mariana Maz\u00fa naci\u00f3 en O&#8217;Higgins, un peque\u00f1o pueblo de 1200 habitantes ubicado en el interior de la Provincia de Buenos Aires. Su padre era cantor y desde muy peque\u00f1a le transmiti\u00f3 la pasi\u00f3n por la m\u00fasica y le ense\u00f1\u00f3 sus primeros tangos.<\/p>\n\n\n\n<p>Con 18 a\u00f1os se mud\u00f3 a Buenos Aires para estudiar en la Universidad de Psicolog\u00eda. Sin embargo, la vida hizo que fuese madre tempranamente y tuviera que abocarse a la familia y a los estudios, postergando el deseo de dedicarse a la m\u00fasica.<\/p>\n\n\n\n<p>Trabaj\u00f3 y se form\u00f3 en hospitales de salud mental, teniendo a cargo tratamientos de pacientes complejos. Ayudar a sanar a las personas era un camino que ten\u00eda decidido, hasta que la p\u00e9rdida de su padre hizo que tuviera que pensar en sanarse a s\u00ed misma. As\u00ed fue como volvi\u00f3 a conectar con la m\u00fasica y desde entonces no ha dejado de cantar.<\/p>\n\n\n\n<p>En 2021, Mariana gan\u00f3 el premio Carlos Gardel como mejor artista de Tango por su \u00e1lbum debut \u00abLa bella indiferencia\u00bb. Su m\u00fasica es una fusi\u00f3n de tradici\u00f3n y modernidad, y ha sido destacada por cr\u00edticos y p\u00fablico por su estilo \u00fanico y emotivo.<\/p>\n\n\n\n<p><strong>PR\u00d3XIMOS SHOWS<\/strong><br>Jueves 13 de febrero, 21hs, \u00abLa casa de los Torres\u00bb<br>Gira por Europa: agosto, septiembre y octubre de 2025<br><\/p>\n\n\n\n<p>Instagram: @marianamaz\u00fa<br>Facebook: @marianamaz\u00faoficial<br>Twitter: @marianamaz\u00fa<\/p>\n","protected":false},"excerpt":{"rendered":"","protected":false},"author":5,"featured_media":13836,"comment_status":"open","ping_status":"open","sticky":false,"template":"","format":"standard","meta":{"om_disable_all_campaigns":false,"_uf_show_specific_survey":0,"_uf_disable_surveys":false,"footnotes":""},"categories":[4],"tags":[],"class_list":["post-13835","post","type-post","status-publish","format-standard","has-post-thumbnail","hentry","category-musica"],"_links":{"self":[{"href":"https:\/\/entrenotasyacordes.com\/index.php?rest_route=\/wp\/v2\/posts\/13835","targetHints":{"allow":["GET"]}}],"collection":[{"href":"https:\/\/entrenotasyacordes.com\/index.php?rest_route=\/wp\/v2\/posts"}],"about":[{"href":"https:\/\/entrenotasyacordes.com\/index.php?rest_route=\/wp\/v2\/types\/post"}],"author":[{"embeddable":true,"href":"https:\/\/entrenotasyacordes.com\/index.php?rest_route=\/wp\/v2\/users\/5"}],"replies":[{"embeddable":true,"href":"https:\/\/entrenotasyacordes.com\/index.php?rest_route=%2Fwp%2Fv2%2Fcomments&post=13835"}],"version-history":[{"count":1,"href":"https:\/\/entrenotasyacordes.com\/index.php?rest_route=\/wp\/v2\/posts\/13835\/revisions"}],"predecessor-version":[{"id":13837,"href":"https:\/\/entrenotasyacordes.com\/index.php?rest_route=\/wp\/v2\/posts\/13835\/revisions\/13837"}],"wp:featuredmedia":[{"embeddable":true,"href":"https:\/\/entrenotasyacordes.com\/index.php?rest_route=\/wp\/v2\/media\/13836"}],"wp:attachment":[{"href":"https:\/\/entrenotasyacordes.com\/index.php?rest_route=%2Fwp%2Fv2%2Fmedia&parent=13835"}],"wp:term":[{"taxonomy":"category","embeddable":true,"href":"https:\/\/entrenotasyacordes.com\/index.php?rest_route=%2Fwp%2Fv2%2Fcategories&post=13835"},{"taxonomy":"post_tag","embeddable":true,"href":"https:\/\/entrenotasyacordes.com\/index.php?rest_route=%2Fwp%2Fv2%2Ftags&post=13835"}],"curies":[{"name":"wp","href":"https:\/\/api.w.org\/{rel}","templated":true}]}}