{"id":13848,"date":"2025-02-04T15:52:36","date_gmt":"2025-02-04T15:52:36","guid":{"rendered":"https:\/\/entrenotasyacordes.com\/?p=13848"},"modified":"2025-02-04T15:52:37","modified_gmt":"2025-02-04T15:52:37","slug":"los-jaleo-estrenan-videoclip-para-con-la-luna","status":"publish","type":"post","link":"https:\/\/entrenotasyacordes.com\/?p=13848","title":{"rendered":"LOS JALEO estrenan videoclip para \u00abCON LA LUNA\u00bb"},"content":{"rendered":"\n<!--more-->\n\n\n\n<p>En esta pieza audiovisual, la banda nos sit\u00faa dentro de una obra de\u00a0<strong>Romero de Torres<\/strong>\u00a0como nexo de uni\u00f3n entre los universos de\u00a0<strong>Lorca<\/strong>\u00a0y\u00a0<strong>Morricone<\/strong>.<\/p>\n\n\n\n<p><strong>\u00abCon la luna\u00bb<\/strong>\u00a0es el primer adelanto de\u00a0<strong>\u00abEl Quebranto\u00bb<\/strong>, nuevo trabajo de\u00a0<strong>Los Jaleo,\u00a0<\/strong>que ver\u00e1 la luz el pr\u00f3ximo oto\u00f1o.<\/p>\n\n\n\n<p>Siempre que\u00a0<strong>Los Jaleo<\/strong>\u00a0pisan el escenario, son toda una explosi\u00f3n de energ\u00eda, copla y actitud rockabilly. Para comprobarlo, no puedes perderte su\u00a0<strong>gira<\/strong>.<\/p>\n\n\n\n<figure class=\"wp-block-embed is-type-video is-provider-youtube wp-block-embed-youtube wp-embed-aspect-16-9 wp-has-aspect-ratio\"><div class=\"wp-block-embed__wrapper\">\n<div class=\"epyt-video-wrapper\"><iframe loading=\"lazy\"  id=\"_ytid_92945\"  width=\"640\" height=\"360\"  data-origwidth=\"640\" data-origheight=\"360\" src=\"https:\/\/www.youtube.com\/embed\/as7yXi0BXo8?enablejsapi=1&#038;autoplay=0&#038;cc_load_policy=0&#038;cc_lang_pref=&#038;iv_load_policy=1&#038;loop=0&#038;rel=1&#038;fs=1&#038;playsinline=0&#038;autohide=2&#038;theme=dark&#038;color=white&#038;controls=1&#038;\" class=\"__youtube_prefs__  epyt-is-override  no-lazyload\" data-vol=\"50\"  title=\"YouTube player\"  allow=\"fullscreen; accelerometer; autoplay; clipboard-write; encrypted-media; gyroscope; picture-in-picture; web-share\" referrerpolicy=\"strict-origin-when-cross-origin\" allowfullscreen data-no-lazy=\"1\" data-skipgform_ajax_framebjll=\"\"><\/iframe><\/div>\n<\/div><\/figure>\n\n\n\n<p>Unos d\u00edas despu\u00e9s de sorprendernos con el lanzamiento de&nbsp;<strong>\u00abCon la luna\u00bb<\/strong>,&nbsp;<strong>Los Jaleo&nbsp;<\/strong>vuelven a la carga, en este caso con el estreno del&nbsp;<strong>videoclip&nbsp;<\/strong>que han preparado para la canci\u00f3n. Si bien el tema ya constituye un punto de encuentro entre&nbsp;<em>Bodas de sangre<\/em>&nbsp;y el spaghetti western, con el v\u00eddeo han decidido ubicarnos en&nbsp;<strong>\u00abCante hondo\u00bb<\/strong>. Esta obra maestra de&nbsp;<strong>Julio Romero de Torres&nbsp;<\/strong>sirve como nexo entre ambos universos, el de&nbsp;<strong>Morricone<\/strong>&nbsp;y el de&nbsp;<strong>Lorca<\/strong>, al mismo tiempo que refleja fielmente algunos de los conceptos en torno a los que gira&nbsp;<strong>\u00abEl Quebranto\u00bb<\/strong>, pr\u00f3ximo disco de la banda, que en este caso son encarnados por los propios m\u00fasicos.<\/p>\n\n\n\n<p>La pieza audiovisual ha sido&nbsp;<strong>dirigida por Los Jaleo<\/strong>, con<strong>&nbsp;Milmesetas Films<\/strong>&nbsp;a cargo de la producci\u00f3n.<\/p>\n\n\n<div class=\"wp-block-image\">\n<figure class=\"aligncenter size-full is-resized\"><img loading=\"lazy\" decoding=\"async\" width=\"640\" height=\"640\" src=\"https:\/\/entrenotasyacordes.com\/wp-content\/uploads\/2025\/02\/14h.jpeg\" alt=\"\" class=\"wp-image-13849\" style=\"width:765px;height:auto\" srcset=\"https:\/\/entrenotasyacordes.com\/wp-content\/uploads\/2025\/02\/14h.jpeg 640w, https:\/\/entrenotasyacordes.com\/wp-content\/uploads\/2025\/02\/14h-300x300.jpeg 300w, https:\/\/entrenotasyacordes.com\/wp-content\/uploads\/2025\/02\/14h-150x150.jpeg 150w, https:\/\/entrenotasyacordes.com\/wp-content\/uploads\/2025\/02\/14h-50x50.jpeg 50w\" sizes=\"auto, (max-width: 640px) 100vw, 640px\" \/><\/figure>\n<\/div>\n\n\n<p><strong>\u00abCon la luna\u00bb<\/strong>, es el primer\u00a0<strong>single de adelanto<\/strong>\u00a0del pr\u00f3ximo trabajo de<strong>\u00a0Los Jaleo<\/strong>, que llevar\u00e1 por t\u00edtulo<strong>\u00a0\u00abEl Quebranto\u00bb.\u00a0<\/strong>Estructurado como un camino que gira alrededor de cinco conceptos (por orden de aparici\u00f3n: el Misterio, la Pasi\u00f3n, el Quebranto y la Rabia, el Dolor y el Llanto y la Libertad y la Esperanza), el \u00e1lbum arranca con este\u00a0<strong>\u00abCon la luna\u00bb<\/strong>, un tema enmarcado en el Misterio.\u00a0<\/p>\n\n\n\n<p>En&nbsp;<strong>\u00abCon la luna\u00bb<\/strong>, lo t\u00edpicamente espa\u00f1ol se mezcla con elementos propios del surf-rock en un ambiente fronterizo y denso. El&nbsp;<strong>Lorca<\/strong>&nbsp;de&nbsp;<em>Bodas de sangre<\/em>&nbsp;se encuentra con el sonido de un&nbsp;<strong>Ennio<\/strong>&nbsp;<strong>Morricone<\/strong>&nbsp;al servicio del spaghetti western en el&nbsp;<strong>desierto<\/strong>&nbsp;de Tabernas (Almer\u00eda), escenario tanto del suceso real que inspir\u00f3 la obra del granadino como de las pel\u00edculas de Sergio Leone. El resultado es un tema rebosante de&nbsp;<strong>drama coplero, intensidad fronteriza y guitarras surferas<\/strong>&nbsp;marca de la casa, capaz de transportarnos a un ambiente puramente \u00e1rido y cargado de tragedia. \u00bfQu\u00e9 pasar\u00eda por la cabeza de el Novio de la obra de Lorca? \u00bfC\u00f3mo gestionar\u00eda tanta p\u00e9rdida? En&nbsp;<strong>\u00abCon la luna\u00bb<\/strong>&nbsp;la banda madrile\u00f1a se sumerge en ese conflicto, ya de por si tr\u00e1gico, y lo envuelve con el halo de misterio de la Luna, gran protagonista del tema y testigo mudo de las m\u00e1s bajas pasiones humanas.<\/p>\n\n\n\n<p><strong>\u00abCon la luna\u00bb<\/strong>&nbsp;ha sido producida por&nbsp;<strong>V\u00edctor Valero<\/strong>&nbsp;y&nbsp;<strong>Miguel Sempere<\/strong>, que ha estado tambi\u00e9n a cargo de la grabaci\u00f3n y mezcla del nuevo trabajo. La masterizaci\u00f3n ha corrido a cargo de&nbsp;<strong>\u00c1lex Gabasa<\/strong>&nbsp;en&nbsp;<strong>Comeback Studios<\/strong>.&nbsp;<\/p>\n\n\n\n<p>Ya en los primeros d\u00edas desde su lanzamiento, el tema ha conseguido llamar la atenci\u00f3n de medios especializados como Rock FM, la revista Efe Eme o Radio 3.<\/p>\n\n\n<div class=\"wp-block-image\">\n<figure class=\"aligncenter size-full is-resized\"><img loading=\"lazy\" decoding=\"async\" width=\"1500\" height=\"2000\" src=\"https:\/\/entrenotasyacordes.com\/wp-content\/uploads\/2025\/02\/14hh.png\" alt=\"\" class=\"wp-image-13850\" style=\"width:765px;height:auto\" srcset=\"https:\/\/entrenotasyacordes.com\/wp-content\/uploads\/2025\/02\/14hh.png 1500w, https:\/\/entrenotasyacordes.com\/wp-content\/uploads\/2025\/02\/14hh-225x300.png 225w, https:\/\/entrenotasyacordes.com\/wp-content\/uploads\/2025\/02\/14hh-768x1024.png 768w, https:\/\/entrenotasyacordes.com\/wp-content\/uploads\/2025\/02\/14hh-1152x1536.png 1152w, https:\/\/entrenotasyacordes.com\/wp-content\/uploads\/2025\/02\/14hh-1024x1365.png 1024w\" sizes=\"auto, (max-width: 1500px) 100vw, 1500px\" \/><\/figure>\n<\/div>\n\n\n<p>Para sumergirte completamente en el imaginario de Los Jaleo, no te puedes perder unos conciertos que no dejan indiferente a nadie. La atm\u00f3sfera rockabilly impregna una propuesta musical impecable con una est\u00e9tica muy cuidada, que atrapa y hace bailar y vibrar incluso a los m\u00e1s esc\u00e9pticos.<\/p>\n\n\n\n<p><strong>PR\u00d3XIMOS CONCIERTOS:<\/strong><br>14 febrero &#8211;\u00a0<strong>Alcal\u00e1 de Henares\u00a0<\/strong>(Amazon\u00eda)<br>29 marzo &#8211;\u00a0<strong>Ciudad Real<\/strong>\u00a0(La Reina del Rock)\u00a0<br>25 abril &#8211;\u00a0<strong>Madrid<\/strong>\u00a0(Fun House)\u00a0<br>25 julio &#8211;<strong>\u00a0Legan\u00e9s<\/strong>\u00a0(Anfiteatro)\u00a0<br>11 septiembre &#8211;\u00a0<strong>presentaci\u00f3n de \u00abEl Quebranto\u00bb en Madrid\u00a0<\/strong>(El Sol)\u00a0<\/p>\n\n\n<div class=\"wp-block-image\">\n<figure class=\"aligncenter size-full is-resized\"><img loading=\"lazy\" decoding=\"async\" width=\"1280\" height=\"853\" src=\"https:\/\/entrenotasyacordes.com\/wp-content\/uploads\/2025\/02\/14hhh.jpeg\" alt=\"\" class=\"wp-image-13851\" style=\"width:765px;height:auto\" srcset=\"https:\/\/entrenotasyacordes.com\/wp-content\/uploads\/2025\/02\/14hhh.jpeg 1280w, https:\/\/entrenotasyacordes.com\/wp-content\/uploads\/2025\/02\/14hhh-300x200.jpeg 300w, https:\/\/entrenotasyacordes.com\/wp-content\/uploads\/2025\/02\/14hhh-1024x682.jpeg 1024w, https:\/\/entrenotasyacordes.com\/wp-content\/uploads\/2025\/02\/14hhh-768x512.jpeg 768w\" sizes=\"auto, (max-width: 1280px) 100vw, 1280px\" \/><figcaption class=\"wp-element-caption\">Cr\u00e9ditos foto: Teresa S\u00e1nchez<\/figcaption><\/figure>\n<\/div>\n\n\n<p>Todo comienza en la primavera de 2021 en una tasquita del madrile\u00f1o barrio de Malasa\u00f1a, alrededor de una mesa de esas en las que te lo jugar\u00edas todo al \u00faltimo trago. A su alrededor toman se sientan\u00a0<strong>V\u00edctor Valero\u00a0<\/strong>(voz y guitarra),\u00a0<strong>Rodrigo Raspe\u00f1o\u00a0<\/strong>(bater\u00eda)<strong>\u00a0y Raquel S\u00e1nchez\u00a0<\/strong>(guitarra), a quienes m\u00e1s adelante se unir\u00eda\u00a0<strong>Silvia Hern\u00e1ndez<\/strong>\u00a0(bajo<strong>)<\/strong>. Al calor del bullicio se confirma el nacimiento de\u00a0<strong>Los Jaleo<\/strong>, una banda que a\u00fana el\u00a0<strong>rock and roll<\/strong>\u00a0con el\u00a0<strong>folclore\u00a0<\/strong>(tanto espa\u00f1ol como latinoamericano) y la<strong>\u00a0m\u00fasica surf<\/strong>.\u00a0<\/p>\n\n\n\n<p>Tras su exitosa participaci\u00f3n en festivales nacionales e internacionales como Miaqu\u00e9 Fest o Marvin Gate de M\u00e9xico, donde su impecable directo y su propuesta han brillado con luz propia, la banda regresa con un nuevo trabajo titulado<strong>\u00a0\u00ab<\/strong><em><strong>El Quebranto<\/strong><\/em><strong>\u00ab<\/strong>. El\u00a0<strong>24 de enero<\/strong>\u00a0de\u00a0<strong>2025<\/strong>\u00a0lanzan el primero de los cuatro singles y cap\u00edtulos a presentar:\u00a0<strong>\u201cCon la luna\u201d,\u00a0<\/strong>tema que da vida al cap\u00edtulo del misterio dentro del nuevo \u00e1lbum. En \u00e9l\u00a0<strong>Los Jaleo<\/strong>\u00a0mezclan su pasi\u00f3n por el rock and roll con un toque l\u00edrico que homenajea a\u00a0<em>Bodas de Sangre\u00a0<\/em>de\u00a0 Federico Garc\u00eda Lorca.<\/p>\n","protected":false},"excerpt":{"rendered":"","protected":false},"author":5,"featured_media":13849,"comment_status":"open","ping_status":"open","sticky":false,"template":"","format":"standard","meta":{"om_disable_all_campaigns":false,"_uf_show_specific_survey":0,"_uf_disable_surveys":false,"footnotes":""},"categories":[4],"tags":[],"class_list":["post-13848","post","type-post","status-publish","format-standard","has-post-thumbnail","hentry","category-musica"],"_links":{"self":[{"href":"https:\/\/entrenotasyacordes.com\/index.php?rest_route=\/wp\/v2\/posts\/13848","targetHints":{"allow":["GET"]}}],"collection":[{"href":"https:\/\/entrenotasyacordes.com\/index.php?rest_route=\/wp\/v2\/posts"}],"about":[{"href":"https:\/\/entrenotasyacordes.com\/index.php?rest_route=\/wp\/v2\/types\/post"}],"author":[{"embeddable":true,"href":"https:\/\/entrenotasyacordes.com\/index.php?rest_route=\/wp\/v2\/users\/5"}],"replies":[{"embeddable":true,"href":"https:\/\/entrenotasyacordes.com\/index.php?rest_route=%2Fwp%2Fv2%2Fcomments&post=13848"}],"version-history":[{"count":1,"href":"https:\/\/entrenotasyacordes.com\/index.php?rest_route=\/wp\/v2\/posts\/13848\/revisions"}],"predecessor-version":[{"id":13852,"href":"https:\/\/entrenotasyacordes.com\/index.php?rest_route=\/wp\/v2\/posts\/13848\/revisions\/13852"}],"wp:featuredmedia":[{"embeddable":true,"href":"https:\/\/entrenotasyacordes.com\/index.php?rest_route=\/wp\/v2\/media\/13849"}],"wp:attachment":[{"href":"https:\/\/entrenotasyacordes.com\/index.php?rest_route=%2Fwp%2Fv2%2Fmedia&parent=13848"}],"wp:term":[{"taxonomy":"category","embeddable":true,"href":"https:\/\/entrenotasyacordes.com\/index.php?rest_route=%2Fwp%2Fv2%2Fcategories&post=13848"},{"taxonomy":"post_tag","embeddable":true,"href":"https:\/\/entrenotasyacordes.com\/index.php?rest_route=%2Fwp%2Fv2%2Ftags&post=13848"}],"curies":[{"name":"wp","href":"https:\/\/api.w.org\/{rel}","templated":true}]}}