{"id":13853,"date":"2025-02-04T16:00:18","date_gmt":"2025-02-04T16:00:18","guid":{"rendered":"https:\/\/entrenotasyacordes.com\/?p=13853"},"modified":"2025-02-04T16:00:21","modified_gmt":"2025-02-04T16:00:21","slug":"desde-chile-yanawalka-estrena-nuevo-single-playa","status":"publish","type":"post","link":"https:\/\/entrenotasyacordes.com\/?p=13853","title":{"rendered":"Desde Chile, Yanawalka estrena nuevo single \u00abPlaya\u00bb"},"content":{"rendered":"\n<!--more-->\n\n\n<div class=\"wp-block-image\">\n<figure class=\"aligncenter size-full is-resized\"><img loading=\"lazy\" decoding=\"async\" width=\"1024\" height=\"768\" src=\"https:\/\/entrenotasyacordes.com\/wp-content\/uploads\/2025\/02\/14i.jpg\" alt=\"\" class=\"wp-image-13854\" style=\"width:765px;height:auto\" srcset=\"https:\/\/entrenotasyacordes.com\/wp-content\/uploads\/2025\/02\/14i.jpg 1024w, https:\/\/entrenotasyacordes.com\/wp-content\/uploads\/2025\/02\/14i-300x225.jpg 300w, https:\/\/entrenotasyacordes.com\/wp-content\/uploads\/2025\/02\/14i-768x576.jpg 768w\" sizes=\"auto, (max-width: 1024px) 100vw, 1024px\" \/><\/figure>\n<\/div>\n\n\n<p>Este sencillo se convierte en el acompa\u00f1amiento perfecto para disfrutar de las vacaciones o para escapar mentalmente de la rutina, evocando la paz y la serenidad que solo la naturaleza puede brindar.<\/p>\n\n\n\n<p>La banda de reggae chilena Yanawalka acaba de lanzar su nuevo single \u00abPlaya\u00bb,&nbsp;una canci\u00f3n que captura la esencia de los paisajes costeros chilenos y la tranquilidad que emana del mar.<br><br>Con su fusi\u00f3n de ritmos suaves de reggae y una letra introspectiva, el sencillo&nbsp;se convierte en un refugio para quienes buscan desconectarse del ruido cotidiano. La letra transmite un mensaje de libertad, invitando a los oyentes a imaginarse a orillas del mar, lejos del estr\u00e9s y las preocupaciones diarias.<\/p>\n\n\n\n<p>El nuevo single de Yanawalka se distingue por su capacidad para conectar emocionalmente con el p\u00fablico, transport\u00e1ndolo a una experiencia sensorial de relax y contemplaci\u00f3n. La banda, siempre fiel a sus ra\u00edces reggae, logra equilibrar la vivacidad de su propuesta con la calma de sus melod\u00edas, creando un ambiente sonoro perfecto para cualquier ocasi\u00f3n que requiera desconectar del ajetreo diario.<\/p>\n\n\n\n<p>La grabaci\u00f3n de \u00ab<a href=\"https:\/\/open.spotify.com\/intl-es\/track\/53AQ9F7mqyya3WOF5hUlgp?si=308d95697a3f4f4b\" target=\"_blank\" rel=\"noreferrer noopener\">Playa<\/a>\u00bb se realiz\u00f3&nbsp;en el prestigioso Estudio Castillo Sonoro, la mezcla estuvo a cargo de Estudio Vientre, y la masterizaci\u00f3n realizada por el reconocido Francisco Holzmann, quien aport\u00f3 su experiencia para dar el toque final a la pieza musical. El&nbsp;<a href=\"https:\/\/www.youtube.com\/watch?v=-S4P2WX0uwo\" target=\"_blank\" rel=\"noreferrer noopener\">videoclip<\/a>&nbsp;fue dirigido por Dino Lobos, quien plasm\u00f3 visualmente la esencia relajada y contemplativa de la canci\u00f3n a trav\u00e9s de una producci\u00f3n delicadamente cuidada.<\/p>\n\n\n\n<p>Nacida en 2008,&nbsp;<a href=\"https:\/\/www.instagram.com\/yanawalka\/\" target=\"_blank\" rel=\"noreferrer noopener\">Yanawalka<\/a>&nbsp;es una banda oriunda de la comuna de Melipilla. Su nombre significa \u00abregi\u00f3n negra\u00bb en idioma Quechua, lo que representa la uni\u00f3n de m\u00fasicos provenientes de diversos lugares de la regi\u00f3n con el prop\u00f3sito com\u00fan de expresar un mensaje de conciencia, justicia y amor. Sus integrantes son&nbsp;Gonzalo Hern\u00e1ndez (bater\u00eda), Isaac D\u00edaz (bajo), \u00c1lvaro Alvayay (teclados y coros), Miguel Aldana (primera guitarra y coros), Diego Ar\u00e9valo (voz y guitarra r\u00edtmica), Francisco Pascua (Flauta Traversa) y Joan Poblete (saxo y coros).<\/p>\n\n\n\n<p>La nueva canci\u00f3n ya est\u00e1 disponible en todas las plataformas digitales, para que sus seguidores puedan disfrutar de esta nueva propuesta sonora que celebra la conexi\u00f3n espiritual con la naturaleza y el mar.<\/p>\n\n\n\n<figure class=\"wp-block-embed is-type-video is-provider-youtube wp-block-embed-youtube wp-embed-aspect-16-9 wp-has-aspect-ratio\"><div class=\"wp-block-embed__wrapper\">\n<div class=\"epyt-video-wrapper\"><iframe loading=\"lazy\"  id=\"_ytid_46523\"  width=\"640\" height=\"360\"  data-origwidth=\"640\" data-origheight=\"360\" src=\"https:\/\/www.youtube.com\/embed\/-S4P2WX0uwo?enablejsapi=1&#038;autoplay=0&#038;cc_load_policy=0&#038;cc_lang_pref=&#038;iv_load_policy=1&#038;loop=0&#038;rel=1&#038;fs=1&#038;playsinline=0&#038;autohide=2&#038;theme=dark&#038;color=white&#038;controls=1&#038;\" class=\"__youtube_prefs__  epyt-is-override  no-lazyload\" data-vol=\"50\"  title=\"YouTube player\"  allow=\"fullscreen; accelerometer; autoplay; clipboard-write; encrypted-media; gyroscope; picture-in-picture; web-share\" referrerpolicy=\"strict-origin-when-cross-origin\" allowfullscreen data-no-lazy=\"1\" data-skipgform_ajax_framebjll=\"\"><\/iframe><\/div>\n<\/div><\/figure>\n\n\n<div class=\"wp-block-image\">\n<figure class=\"aligncenter size-full is-resized\"><img loading=\"lazy\" decoding=\"async\" width=\"1400\" height=\"1400\" src=\"https:\/\/entrenotasyacordes.com\/wp-content\/uploads\/2025\/02\/14ii.png\" alt=\"\" class=\"wp-image-13855\" style=\"width:765px;height:auto\" srcset=\"https:\/\/entrenotasyacordes.com\/wp-content\/uploads\/2025\/02\/14ii.png 1400w, https:\/\/entrenotasyacordes.com\/wp-content\/uploads\/2025\/02\/14ii-300x300.png 300w, https:\/\/entrenotasyacordes.com\/wp-content\/uploads\/2025\/02\/14ii-1024x1024.png 1024w, https:\/\/entrenotasyacordes.com\/wp-content\/uploads\/2025\/02\/14ii-150x150.png 150w, https:\/\/entrenotasyacordes.com\/wp-content\/uploads\/2025\/02\/14ii-768x768.png 768w, https:\/\/entrenotasyacordes.com\/wp-content\/uploads\/2025\/02\/14ii-50x50.png 50w\" sizes=\"auto, (max-width: 1400px) 100vw, 1400px\" \/><\/figure>\n<\/div>\n\n\n<p><\/p>\n","protected":false},"excerpt":{"rendered":"","protected":false},"author":5,"featured_media":13855,"comment_status":"open","ping_status":"open","sticky":false,"template":"","format":"standard","meta":{"om_disable_all_campaigns":false,"_uf_show_specific_survey":0,"_uf_disable_surveys":false,"footnotes":""},"categories":[4],"tags":[],"class_list":["post-13853","post","type-post","status-publish","format-standard","has-post-thumbnail","hentry","category-musica"],"_links":{"self":[{"href":"https:\/\/entrenotasyacordes.com\/index.php?rest_route=\/wp\/v2\/posts\/13853","targetHints":{"allow":["GET"]}}],"collection":[{"href":"https:\/\/entrenotasyacordes.com\/index.php?rest_route=\/wp\/v2\/posts"}],"about":[{"href":"https:\/\/entrenotasyacordes.com\/index.php?rest_route=\/wp\/v2\/types\/post"}],"author":[{"embeddable":true,"href":"https:\/\/entrenotasyacordes.com\/index.php?rest_route=\/wp\/v2\/users\/5"}],"replies":[{"embeddable":true,"href":"https:\/\/entrenotasyacordes.com\/index.php?rest_route=%2Fwp%2Fv2%2Fcomments&post=13853"}],"version-history":[{"count":1,"href":"https:\/\/entrenotasyacordes.com\/index.php?rest_route=\/wp\/v2\/posts\/13853\/revisions"}],"predecessor-version":[{"id":13856,"href":"https:\/\/entrenotasyacordes.com\/index.php?rest_route=\/wp\/v2\/posts\/13853\/revisions\/13856"}],"wp:featuredmedia":[{"embeddable":true,"href":"https:\/\/entrenotasyacordes.com\/index.php?rest_route=\/wp\/v2\/media\/13855"}],"wp:attachment":[{"href":"https:\/\/entrenotasyacordes.com\/index.php?rest_route=%2Fwp%2Fv2%2Fmedia&parent=13853"}],"wp:term":[{"taxonomy":"category","embeddable":true,"href":"https:\/\/entrenotasyacordes.com\/index.php?rest_route=%2Fwp%2Fv2%2Fcategories&post=13853"},{"taxonomy":"post_tag","embeddable":true,"href":"https:\/\/entrenotasyacordes.com\/index.php?rest_route=%2Fwp%2Fv2%2Ftags&post=13853"}],"curies":[{"name":"wp","href":"https:\/\/api.w.org\/{rel}","templated":true}]}}