{"id":13860,"date":"2025-02-04T16:11:25","date_gmt":"2025-02-04T16:11:25","guid":{"rendered":"https:\/\/entrenotasyacordes.com\/?p=13860"},"modified":"2025-02-04T16:11:27","modified_gmt":"2025-02-04T16:11:27","slug":"vale-acevedo-y-su-primer-niceto","status":"publish","type":"post","link":"https:\/\/entrenotasyacordes.com\/?p=13860","title":{"rendered":"VALE ACEVEDO\u00a0Y SU PRIMER NICETO"},"content":{"rendered":"\n<!--more-->\n\n\n\n<p class=\"has-text-align-left\">Despu\u00e9s de abrir dos Movistar Arena y hacer una gira nacional e internacional, Vale Acevedo presenta su tercer disco:&nbsp;<a href=\"https:\/\/gmail.us9.list-manage.com\/track\/click?u=02dadff929ca8b3724a29999d&amp;id=b5a99346ef&amp;e=3c9621460b\" target=\"_blank\" rel=\"noreferrer noopener\"><em><strong>Un d\u00eda para Valentina<\/strong><\/em><\/a><\/p>\n\n\n\n<p class=\"has-text-align-left\">Este 14 de Marzo la artista estar\u00e1 presentando su nuevo disco en&nbsp;<strong>NICETO<\/strong>, por primera vez.<\/p>\n\n\n<div class=\"wp-block-image\">\n<figure class=\"aligncenter size-full is-resized\"><img loading=\"lazy\" decoding=\"async\" width=\"2430\" height=\"2430\" src=\"https:\/\/entrenotasyacordes.com\/wp-content\/uploads\/2025\/02\/14jj.jpg\" alt=\"\" class=\"wp-image-13861\" style=\"width:599px;height:auto\" srcset=\"https:\/\/entrenotasyacordes.com\/wp-content\/uploads\/2025\/02\/14jj.jpg 2430w, https:\/\/entrenotasyacordes.com\/wp-content\/uploads\/2025\/02\/14jj-300x300.jpg 300w, https:\/\/entrenotasyacordes.com\/wp-content\/uploads\/2025\/02\/14jj-1024x1024.jpg 1024w, https:\/\/entrenotasyacordes.com\/wp-content\/uploads\/2025\/02\/14jj-150x150.jpg 150w, https:\/\/entrenotasyacordes.com\/wp-content\/uploads\/2025\/02\/14jj-768x768.jpg 768w, https:\/\/entrenotasyacordes.com\/wp-content\/uploads\/2025\/02\/14jj-1536x1536.jpg 1536w, https:\/\/entrenotasyacordes.com\/wp-content\/uploads\/2025\/02\/14jj-2048x2048.jpg 2048w, https:\/\/entrenotasyacordes.com\/wp-content\/uploads\/2025\/02\/14jj-50x50.jpg 50w\" sizes=\"auto, (max-width: 2430px) 100vw, 2430px\" \/><\/figure>\n<\/div>\n\n\n<p><strong>Es una cita:<\/strong>\u00a014\/03 &#8211; 21hs en\u00a0<strong>NICETO<\/strong>\u00a0&#8211; Cnel. Niceto Vega 5510 (C.A.B.A.)<\/p>\n\n\n\n<figure class=\"wp-block-embed is-type-video is-provider-youtube wp-block-embed-youtube wp-embed-aspect-16-9 wp-has-aspect-ratio\"><div class=\"wp-block-embed__wrapper\">\n<div class=\"epyt-video-wrapper\"><iframe loading=\"lazy\"  id=\"_ytid_85413\"  width=\"640\" height=\"360\"  data-origwidth=\"640\" data-origheight=\"360\" src=\"https:\/\/www.youtube.com\/embed\/5rxS6UTkEjw?enablejsapi=1&#038;autoplay=0&#038;cc_load_policy=0&#038;cc_lang_pref=&#038;iv_load_policy=1&#038;loop=0&#038;rel=1&#038;fs=1&#038;playsinline=0&#038;autohide=2&#038;theme=dark&#038;color=white&#038;controls=1&#038;\" class=\"__youtube_prefs__  epyt-is-override  no-lazyload\" data-vol=\"50\"  title=\"YouTube player\"  allow=\"fullscreen; accelerometer; autoplay; clipboard-write; encrypted-media; gyroscope; picture-in-picture; web-share\" referrerpolicy=\"strict-origin-when-cross-origin\" allowfullscreen data-no-lazy=\"1\" data-skipgform_ajax_framebjll=\"\"><\/iframe><\/div>\n<\/div><\/figure>\n\n\n\n<p><strong>QUIEN ES VALE ACEVEDO?<\/strong><\/p>\n\n\n\n<p>Vale Acevedo es una cantante y compositora de la escena pop\/rock argentina que con sus 3 discos editados, ha logrado destacarse en playlists oficiales de plataformas digitales, colaborado con artistas consagrados como&nbsp;<strong>Los Tipitos<\/strong>,&nbsp;<strong>Celeste Carballo<\/strong>&nbsp;y ha abierto shows para&nbsp;<strong>La Vela Puerca<\/strong>,&nbsp;<strong>Hilda Lizarazu<\/strong>,&nbsp;<strong>Clara Cava, Benja Amadeo, Cruzando el Charco<\/strong>&nbsp;en el Gran Rex y en este 2024, dos shows de&nbsp;<strong>No Te Va a Gustar<\/strong>&nbsp;en el&nbsp;<strong>Movistar Arena&nbsp;<\/strong>entre otros.<\/p>\n\n\n\n<p>Con su m\u00fasica, Vale ha recorrido distintos rincones de Argentina, tanto con sus tours propios, como present\u00e1ndose en festivales como el\u00a0<strong>Cosqu\u00edn Rock, Quilmes Rock, Festival Bandera, Festival Capital y Rock en Baradero.\u00a0<\/strong>Present\u00f3 su segundo \u00e1lbum en La Trastienda y durante el 2023 hizo su gira Argentina, #BNT Tour donde hizo contacto con sus fans en +10 de ciudades de todo el pa\u00eds. En septiembre del 2024 lanz\u00f3 su tercer disco Un d\u00eda para Valentina y lo present\u00f3 en una gira a nivel nacional e internacional de m\u00e1s de 80 lugares.<\/p>\n","protected":false},"excerpt":{"rendered":"","protected":false},"author":5,"featured_media":13861,"comment_status":"open","ping_status":"open","sticky":false,"template":"","format":"standard","meta":{"om_disable_all_campaigns":false,"_uf_show_specific_survey":0,"_uf_disable_surveys":false,"footnotes":""},"categories":[36],"tags":[],"class_list":["post-13860","post","type-post","status-publish","format-standard","has-post-thumbnail","hentry","category-conciertos"],"_links":{"self":[{"href":"https:\/\/entrenotasyacordes.com\/index.php?rest_route=\/wp\/v2\/posts\/13860","targetHints":{"allow":["GET"]}}],"collection":[{"href":"https:\/\/entrenotasyacordes.com\/index.php?rest_route=\/wp\/v2\/posts"}],"about":[{"href":"https:\/\/entrenotasyacordes.com\/index.php?rest_route=\/wp\/v2\/types\/post"}],"author":[{"embeddable":true,"href":"https:\/\/entrenotasyacordes.com\/index.php?rest_route=\/wp\/v2\/users\/5"}],"replies":[{"embeddable":true,"href":"https:\/\/entrenotasyacordes.com\/index.php?rest_route=%2Fwp%2Fv2%2Fcomments&post=13860"}],"version-history":[{"count":1,"href":"https:\/\/entrenotasyacordes.com\/index.php?rest_route=\/wp\/v2\/posts\/13860\/revisions"}],"predecessor-version":[{"id":13862,"href":"https:\/\/entrenotasyacordes.com\/index.php?rest_route=\/wp\/v2\/posts\/13860\/revisions\/13862"}],"wp:featuredmedia":[{"embeddable":true,"href":"https:\/\/entrenotasyacordes.com\/index.php?rest_route=\/wp\/v2\/media\/13861"}],"wp:attachment":[{"href":"https:\/\/entrenotasyacordes.com\/index.php?rest_route=%2Fwp%2Fv2%2Fmedia&parent=13860"}],"wp:term":[{"taxonomy":"category","embeddable":true,"href":"https:\/\/entrenotasyacordes.com\/index.php?rest_route=%2Fwp%2Fv2%2Fcategories&post=13860"},{"taxonomy":"post_tag","embeddable":true,"href":"https:\/\/entrenotasyacordes.com\/index.php?rest_route=%2Fwp%2Fv2%2Ftags&post=13860"}],"curies":[{"name":"wp","href":"https:\/\/api.w.org\/{rel}","templated":true}]}}