{"id":13863,"date":"2025-02-04T16:21:11","date_gmt":"2025-02-04T16:21:11","guid":{"rendered":"https:\/\/entrenotasyacordes.com\/?p=13863"},"modified":"2025-02-04T16:21:12","modified_gmt":"2025-02-04T16:21:12","slug":"ive-el-fenomeno-femenino-de-k-pop-estrena-su-tercer-ep-ive-empathy","status":"publish","type":"post","link":"https:\/\/entrenotasyacordes.com\/?p=13863","title":{"rendered":"IVE, el fen\u00f3meno femenino de K-POP, estrena su tercer EP IVE EMPATHY"},"content":{"rendered":"\n<!--more-->\n\n\n\n<p><strong>Sampleando a Suzanne Vega y su \u00e9xito \u00abTom&#8217;s Diner\u00bb<\/strong>, la \u00faltima gran revelaci\u00f3n del pop surcoreano estrena un esperado nuevo disco en formato cortaduraci\u00f3n, cuyo sencillo\u00a0<strong>\u00abATTITUDE\u00bb<\/strong>\u00a0deslumbra con un videoclip de alta factura, en el que la vida cotidiana se cruza con las habilidades perform\u00e1ticas de\u00a0<strong>Gaeul, Yujin, Rei, Wonyoung, Liz y Leeseo.<\/strong><\/p>\n\n\n<div class=\"wp-block-image\">\n<figure class=\"aligncenter size-full is-resized\"><img loading=\"lazy\" decoding=\"async\" width=\"2082\" height=\"1560\" src=\"https:\/\/entrenotasyacordes.com\/wp-content\/uploads\/2025\/02\/14iii.png\" alt=\"\" class=\"wp-image-13864\" style=\"width:765px;height:auto\" srcset=\"https:\/\/entrenotasyacordes.com\/wp-content\/uploads\/2025\/02\/14iii.png 2082w, https:\/\/entrenotasyacordes.com\/wp-content\/uploads\/2025\/02\/14iii-300x225.png 300w, https:\/\/entrenotasyacordes.com\/wp-content\/uploads\/2025\/02\/14iii-1024x767.png 1024w, https:\/\/entrenotasyacordes.com\/wp-content\/uploads\/2025\/02\/14iii-768x575.png 768w, https:\/\/entrenotasyacordes.com\/wp-content\/uploads\/2025\/02\/14iii-1536x1151.png 1536w, https:\/\/entrenotasyacordes.com\/wp-content\/uploads\/2025\/02\/14iii-2048x1535.png 2048w\" sizes=\"auto, (max-width: 2082px) 100vw, 2082px\" \/><\/figure>\n<\/div>\n\n\n<p>La sensaci\u00f3n del K-POP,&nbsp;<a href=\"https:\/\/bh1ik.r.a.d.sendibm1.com\/mk\/cl\/f\/sh\/6rqJfgq8dIPRQBpkvrky1OmUPhO\/2O0CuQiAOSUl\" target=\"_blank\" rel=\"noreferrer noopener\"><strong>IVE<\/strong><\/a>, presenta su tercer EP&nbsp;<a href=\"https:\/\/bh1ik.r.a.d.sendibm1.com\/mk\/cl\/f\/sh\/6rqJfgq8dIR6Se7uQBAVwzuQ30Q\/BhX5C5rkL6jx\" target=\"_blank\" rel=\"noreferrer noopener\"><em><strong>IVE EMPATHY<\/strong><\/em><em><strong>,<\/strong><\/em><\/a>&nbsp;donde combinan la identidad ya definida de la banda con el concepto de la empat\u00eda.<\/p>\n\n\n\n<p><br>Desde su debut,&nbsp;<a href=\"https:\/\/bh1ik.r.a.d.sendibm1.com\/mk\/cl\/f\/sh\/6rqJfgq8dISlV6Q3uUa3sb2LgJS\/Pc_pp2p6gTlW\" target=\"_blank\" rel=\"noreferrer noopener\"><strong>IVE<\/strong><\/a>&nbsp;se ha enfocado en crear un imaginario complejo y redondo, explorando constantemente nuevos \u00e1mbitos musicales. Con cada lanzamiento, su sonido sorprende, sus actuaciones irradian confianza y su identidad brilla cada vez m\u00e1s.<\/p>\n\n\n\n<p>Junto al\u00a0<a href=\"https:\/\/bh1ik.r.a.d.sendibm1.com\/mk\/cl\/f\/sh\/6rqJfgq8dIUQXYiDOnzboCAHJcU\/1QllAyyu8CCc\" target=\"_blank\" rel=\"noreferrer noopener\"><strong>EP<\/strong><\/a>, IVE comparte el video musical oficial del sencillo\u00a0<a href=\"https:\/\/bh1ik.r.a.d.sendibm1.com\/mk\/cl\/f\/sh\/6rqJfgq8dIW5a10Mt7P9jnICwvW\/TREzOSry91pi\" target=\"_blank\" rel=\"noreferrer noopener\"><strong>\u201cATTITUDE\u201d<\/strong><\/a>. La canci\u00f3n muestra la forma atrevida de\u00a0<a href=\"https:\/\/bh1ik.r.a.d.sendibm1.com\/mk\/cl\/f\/sh\/6rqJfgq8dIXkcTIWNQohfOQ8aEY\/d2_6q55iXOHz\" target=\"_blank\" rel=\"noreferrer noopener\"><strong>IVE<\/strong><\/a>\u00a0de expresar emociones y buscar el amor. Lleno de seguridad en ellas mismas, reafirman su confianza y encanto.\u00a0<\/p>\n\n\n\n<p>La canci\u00f3n, que samplea\u00a0<strong>\u00abTom&#8217;s Diner\u00bb de Suzanne Vega<\/strong>, presenta una melod\u00eda poderosa e inolvidable, en base a un sonido retro que resuena a trav\u00e9s de generaciones.\u00a0<strong>La renombrada letrista Seo Ji-eum y la integrante Jang Wonyoung contribuyeron con la letra, elevando la calidad de la canci\u00f3n.\u00a0<\/strong><\/p>\n\n\n\n<figure class=\"wp-block-embed is-type-video is-provider-youtube wp-block-embed-youtube wp-embed-aspect-16-9 wp-has-aspect-ratio\"><div class=\"wp-block-embed__wrapper\">\n<div class=\"epyt-video-wrapper\"><iframe loading=\"lazy\"  id=\"_ytid_59446\"  width=\"640\" height=\"360\"  data-origwidth=\"640\" data-origheight=\"360\" src=\"https:\/\/www.youtube.com\/embed\/38xYeot-ciM?enablejsapi=1&#038;autoplay=0&#038;cc_load_policy=0&#038;cc_lang_pref=&#038;iv_load_policy=1&#038;loop=0&#038;rel=1&#038;fs=1&#038;playsinline=0&#038;autohide=2&#038;theme=dark&#038;color=white&#038;controls=1&#038;\" class=\"__youtube_prefs__  epyt-is-override  no-lazyload\" data-vol=\"50\"  title=\"YouTube player\"  allow=\"fullscreen; accelerometer; autoplay; clipboard-write; encrypted-media; gyroscope; picture-in-picture; web-share\" referrerpolicy=\"strict-origin-when-cross-origin\" allowfullscreen data-no-lazy=\"1\" data-skipgform_ajax_framebjll=\"\"><\/iframe><\/div>\n<\/div><\/figure>\n\n\n<div class=\"wp-block-image\">\n<figure class=\"aligncenter size-full is-resized\"><img loading=\"lazy\" decoding=\"async\" width=\"1000\" height=\"1000\" src=\"https:\/\/entrenotasyacordes.com\/wp-content\/uploads\/2025\/02\/14iiii.png\" alt=\"\" class=\"wp-image-13865\" style=\"width:765px;height:auto\" srcset=\"https:\/\/entrenotasyacordes.com\/wp-content\/uploads\/2025\/02\/14iiii.png 1000w, https:\/\/entrenotasyacordes.com\/wp-content\/uploads\/2025\/02\/14iiii-300x300.png 300w, https:\/\/entrenotasyacordes.com\/wp-content\/uploads\/2025\/02\/14iiii-150x150.png 150w, https:\/\/entrenotasyacordes.com\/wp-content\/uploads\/2025\/02\/14iiii-768x768.png 768w, https:\/\/entrenotasyacordes.com\/wp-content\/uploads\/2025\/02\/14iiii-50x50.png 50w\" sizes=\"auto, (max-width: 1000px) 100vw, 1000px\" \/><\/figure>\n<\/div>\n\n\n<p><\/p>\n","protected":false},"excerpt":{"rendered":"","protected":false},"author":5,"featured_media":13865,"comment_status":"open","ping_status":"open","sticky":false,"template":"","format":"standard","meta":{"om_disable_all_campaigns":false,"_uf_show_specific_survey":0,"_uf_disable_surveys":false,"footnotes":""},"categories":[4],"tags":[],"class_list":["post-13863","post","type-post","status-publish","format-standard","has-post-thumbnail","hentry","category-musica"],"_links":{"self":[{"href":"https:\/\/entrenotasyacordes.com\/index.php?rest_route=\/wp\/v2\/posts\/13863","targetHints":{"allow":["GET"]}}],"collection":[{"href":"https:\/\/entrenotasyacordes.com\/index.php?rest_route=\/wp\/v2\/posts"}],"about":[{"href":"https:\/\/entrenotasyacordes.com\/index.php?rest_route=\/wp\/v2\/types\/post"}],"author":[{"embeddable":true,"href":"https:\/\/entrenotasyacordes.com\/index.php?rest_route=\/wp\/v2\/users\/5"}],"replies":[{"embeddable":true,"href":"https:\/\/entrenotasyacordes.com\/index.php?rest_route=%2Fwp%2Fv2%2Fcomments&post=13863"}],"version-history":[{"count":1,"href":"https:\/\/entrenotasyacordes.com\/index.php?rest_route=\/wp\/v2\/posts\/13863\/revisions"}],"predecessor-version":[{"id":13866,"href":"https:\/\/entrenotasyacordes.com\/index.php?rest_route=\/wp\/v2\/posts\/13863\/revisions\/13866"}],"wp:featuredmedia":[{"embeddable":true,"href":"https:\/\/entrenotasyacordes.com\/index.php?rest_route=\/wp\/v2\/media\/13865"}],"wp:attachment":[{"href":"https:\/\/entrenotasyacordes.com\/index.php?rest_route=%2Fwp%2Fv2%2Fmedia&parent=13863"}],"wp:term":[{"taxonomy":"category","embeddable":true,"href":"https:\/\/entrenotasyacordes.com\/index.php?rest_route=%2Fwp%2Fv2%2Fcategories&post=13863"},{"taxonomy":"post_tag","embeddable":true,"href":"https:\/\/entrenotasyacordes.com\/index.php?rest_route=%2Fwp%2Fv2%2Ftags&post=13863"}],"curies":[{"name":"wp","href":"https:\/\/api.w.org\/{rel}","templated":true}]}}