{"id":13867,"date":"2025-02-04T21:08:59","date_gmt":"2025-02-04T21:08:59","guid":{"rendered":"https:\/\/entrenotasyacordes.com\/?p=13867"},"modified":"2025-02-04T21:08:59","modified_gmt":"2025-02-04T21:08:59","slug":"joaquina-la-nueva-promesa-del-pop-latino-y-ganadora-de-latin-grammy-llega-a-buenos-aires","status":"publish","type":"post","link":"https:\/\/entrenotasyacordes.com\/?p=13867","title":{"rendered":"JOAQUINA: \u00a1La nueva promesa del pop latino y ganadora de Latin Grammy, llega a Buenos Aires!"},"content":{"rendered":"\n<p><\/p>\n\n\n\n<!--more-->\n\n\n\n<p class=\"has-text-align-left\"><\/p>\n\n\n<div class=\"wp-block-image\">\n<figure class=\"aligncenter size-full is-resized\"><img loading=\"lazy\" decoding=\"async\" width=\"360\" height=\"362\" src=\"https:\/\/entrenotasyacordes.com\/wp-content\/uploads\/2025\/02\/1213120_01joaquina-1.webp\" alt=\"\" class=\"wp-image-13868\" style=\"width:599px;height:auto\" srcset=\"https:\/\/entrenotasyacordes.com\/wp-content\/uploads\/2025\/02\/1213120_01joaquina-1.webp 360w, https:\/\/entrenotasyacordes.com\/wp-content\/uploads\/2025\/02\/1213120_01joaquina-1-298x300.webp 298w, https:\/\/entrenotasyacordes.com\/wp-content\/uploads\/2025\/02\/1213120_01joaquina-1-150x150.webp 150w, https:\/\/entrenotasyacordes.com\/wp-content\/uploads\/2025\/02\/1213120_01joaquina-1-50x50.webp 50w\" sizes=\"auto, (max-width: 360px) 100vw, 360px\" \/><\/figure>\n<\/div>\n\n\n<p>La talentosa cantante y compositora venezolana,\u00a0<strong>Joaquina<\/strong>, se presentar\u00e1 en Buenos Aires el pr\u00f3ximo 15 de mayo en el ic\u00f3nico escenario de\u00a0<strong>La Trastienda<\/strong>.\u00a0<\/p>\n\n\n\n<p><\/p>\n\n\n\n<p>Reconocida por su emotiva m\u00fasica y letras profundas, promete ofrecer una noche \u00fanica llena de emoci\u00f3n y energ\u00eda., Joaquina Valentina Blavia Canabal, ha conquistado el mundo de la m\u00fasica con su estilo fresco y su capacidad para conectar con su audiencia. Desde su debut en 2022 con el sencillo\u00a0<strong><em>\u201cRabia\u201d<\/em><\/strong>, ha cautivado a sus seguidores y cr\u00edticos por igual. Su primer EP,<strong>\u00a0<em>Los Mejores A\u00f1os<\/em>\u00a0(2023)<\/strong>, y el reciente lanzamiento de su\u00a0\u00e1lbum debut\u00a0<strong><em>\u201cAl Romper la Burbuja\u201d<\/em><\/strong>, son s\u00f3lo el principio de una carrera prometedora que ha sido reconocida con el prestigioso\u00a0<strong>Latin Grammy 2023<\/strong>\u00a0como\u00a0<strong>Mejor Artista Nuevo<\/strong>.<\/p>\n\n\n\n<p>Con temas como&nbsp;<strong><em>\u201cQuise Quererte\u201d<\/em>,&nbsp;<em>\u201cNo Llames lo M\u00edo Nuestro\u201d<\/em>&nbsp;y&nbsp;<em>\u201cAeropuerto\u201d<\/em>,<\/strong>&nbsp;<strong>Joaquina&nbsp;<\/strong>ha sabido mezclar g\u00e9neros y emociones, consolid\u00e1ndose como una de las voces emergentes m\u00e1s importantes del pop latino.<\/p>\n\n\n\n<p>El pr\u00f3ximo&nbsp;<strong>15 de mayo<\/strong>, ofrecer\u00e1 su primer show en la capital argentina, una oportunidad \u00fanica para disfrutar de su m\u00fasica en vivo en uno de los espacios m\u00e1s emblem\u00e1ticos de la ciudad. La cita promete ser una experiencia \u00edntima&nbsp;donde los fans podr\u00e1n escuchar sus canciones m\u00e1s populares y temas de su nuevo&nbsp;\u00e1lbum&nbsp;<strong><em>\u201cAl Romper la Burbuja\u201d<\/em><\/strong>, que se lanz\u00f3 el 31 de enero de este a\u00f1o.<\/p>\n\n\n\n<p><\/p>\n\n\n\n<figure class=\"wp-block-image size-large\"><img loading=\"lazy\" decoding=\"async\" width=\"1024\" height=\"1024\" src=\"https:\/\/entrenotasyacordes.com\/wp-content\/uploads\/2025\/02\/eb_joaquina_feed-1-1024x1024.jpg\" alt=\"\" class=\"wp-image-13870\" srcset=\"https:\/\/entrenotasyacordes.com\/wp-content\/uploads\/2025\/02\/eb_joaquina_feed-1-1024x1024.jpg 1024w, https:\/\/entrenotasyacordes.com\/wp-content\/uploads\/2025\/02\/eb_joaquina_feed-1-300x300.jpg 300w, https:\/\/entrenotasyacordes.com\/wp-content\/uploads\/2025\/02\/eb_joaquina_feed-1-150x150.jpg 150w, https:\/\/entrenotasyacordes.com\/wp-content\/uploads\/2025\/02\/eb_joaquina_feed-1-768x768.jpg 768w, https:\/\/entrenotasyacordes.com\/wp-content\/uploads\/2025\/02\/eb_joaquina_feed-1-50x50.jpg 50w, https:\/\/entrenotasyacordes.com\/wp-content\/uploads\/2025\/02\/eb_joaquina_feed-1.jpg 1080w\" sizes=\"auto, (max-width: 1024px) 100vw, 1024px\" \/><\/figure>\n\n\n\n<div style=\"height:100px\" aria-hidden=\"true\" class=\"wp-block-spacer\"><\/div>\n\n\n\n<p><\/p>\n","protected":false},"excerpt":{"rendered":"","protected":false},"author":5,"featured_media":13869,"comment_status":"open","ping_status":"open","sticky":false,"template":"","format":"standard","meta":{"om_disable_all_campaigns":false,"_uf_show_specific_survey":0,"_uf_disable_surveys":false,"footnotes":""},"categories":[36],"tags":[],"class_list":["post-13867","post","type-post","status-publish","format-standard","has-post-thumbnail","hentry","category-conciertos"],"_links":{"self":[{"href":"https:\/\/entrenotasyacordes.com\/index.php?rest_route=\/wp\/v2\/posts\/13867","targetHints":{"allow":["GET"]}}],"collection":[{"href":"https:\/\/entrenotasyacordes.com\/index.php?rest_route=\/wp\/v2\/posts"}],"about":[{"href":"https:\/\/entrenotasyacordes.com\/index.php?rest_route=\/wp\/v2\/types\/post"}],"author":[{"embeddable":true,"href":"https:\/\/entrenotasyacordes.com\/index.php?rest_route=\/wp\/v2\/users\/5"}],"replies":[{"embeddable":true,"href":"https:\/\/entrenotasyacordes.com\/index.php?rest_route=%2Fwp%2Fv2%2Fcomments&post=13867"}],"version-history":[{"count":1,"href":"https:\/\/entrenotasyacordes.com\/index.php?rest_route=\/wp\/v2\/posts\/13867\/revisions"}],"predecessor-version":[{"id":13871,"href":"https:\/\/entrenotasyacordes.com\/index.php?rest_route=\/wp\/v2\/posts\/13867\/revisions\/13871"}],"wp:featuredmedia":[{"embeddable":true,"href":"https:\/\/entrenotasyacordes.com\/index.php?rest_route=\/wp\/v2\/media\/13869"}],"wp:attachment":[{"href":"https:\/\/entrenotasyacordes.com\/index.php?rest_route=%2Fwp%2Fv2%2Fmedia&parent=13867"}],"wp:term":[{"taxonomy":"category","embeddable":true,"href":"https:\/\/entrenotasyacordes.com\/index.php?rest_route=%2Fwp%2Fv2%2Fcategories&post=13867"},{"taxonomy":"post_tag","embeddable":true,"href":"https:\/\/entrenotasyacordes.com\/index.php?rest_route=%2Fwp%2Fv2%2Ftags&post=13867"}],"curies":[{"name":"wp","href":"https:\/\/api.w.org\/{rel}","templated":true}]}}