{"id":13872,"date":"2025-02-04T21:43:34","date_gmt":"2025-02-04T21:43:34","guid":{"rendered":"https:\/\/entrenotasyacordes.com\/?p=13872"},"modified":"2025-02-04T21:43:35","modified_gmt":"2025-02-04T21:43:35","slug":"juan-fuentes-llega-por-primera-vez-al-teatro-opera-con-su-nuevo-disco-mil-noches","status":"publish","type":"post","link":"https:\/\/entrenotasyacordes.com\/?p=13872","title":{"rendered":"Juan Fuentes llega por primera vez al Teatro \u00d3pera con su nuevo disco\u00a0\u00abMil Noches\u00bb"},"content":{"rendered":"\n<p><\/p>\n\n\n\n<!--more-->\n\n\n\n<p class=\"has-text-align-left\"><\/p>\n\n\n<div class=\"wp-block-image\">\n<figure class=\"aligncenter size-full is-resized\"><img loading=\"lazy\" decoding=\"async\" width=\"960\" height=\"400\" src=\"https:\/\/entrenotasyacordes.com\/wp-content\/uploads\/2025\/02\/WhatsApp-Image-2025-02-04-at-11.13.35.jpeg\" alt=\"\" class=\"wp-image-13873\" style=\"width:599px;height:auto\" srcset=\"https:\/\/entrenotasyacordes.com\/wp-content\/uploads\/2025\/02\/WhatsApp-Image-2025-02-04-at-11.13.35.jpeg 960w, https:\/\/entrenotasyacordes.com\/wp-content\/uploads\/2025\/02\/WhatsApp-Image-2025-02-04-at-11.13.35-300x125.jpeg 300w, https:\/\/entrenotasyacordes.com\/wp-content\/uploads\/2025\/02\/WhatsApp-Image-2025-02-04-at-11.13.35-768x320.jpeg 768w\" sizes=\"auto, (max-width: 960px) 100vw, 960px\" \/><\/figure>\n<\/div>\n\n\n<p>La cita ser\u00e1 el proximo viernes 25 de abril, y las localidades ya se encuentran a la venta a trav\u00e9s de Ticketek <\/p>\n\n\n\n<p><\/p>\n\n\n\n<p>Juan Fuentes, un nombre que lleva el sello del folklore argentino a cada rinc\u00f3n donde su voz resuena, se presentar\u00e1 por primera vez en el emblem\u00e1tico Teatro \u00d3pera de Buenos Aires el pr\u00f3ximo 25 de abril. El cantante salte\u00f1o, conocido por su humildad, templanza y profunda conexi\u00f3n con la m\u00fasica de su tierra, subir\u00e1 al escenario para presentar su nuevo \u00e1lbum \u00abMil Noches\u00bb, un trabajo cargado de emoci\u00f3n, autenticidad y composiciones propias.<\/p>\n\n\n\n<p>Con apenas tres a\u00f1os de carrera como solista, Juan Fuentes se consolid\u00f3 como una de las voces m\u00e1s potentes y reconocidas del g\u00e9nero, siendo distinguido como \u201cArtista Consagraci\u00f3n de Cosqu\u00edn 2023\u201d y \u201cArtista Consagraci\u00f3n Jes\u00fas Mar\u00eda 2024\u201d. Su trayectoria y pasi\u00f3n por la m\u00fasica lo llevaron a convertir cada show en una experiencia inolvidable, y esta fecha en el \u00d3pera no ser\u00e1 la excepci\u00f3n.<\/p>\n\n\n\n<p> El disco refleja un profundo proceso creativo y est\u00e1 cargado de canciones que nos conectan con temas universales como el amor, la infancia y el agradecimiento.<\/p>\n\n\n\n<p>Uno de los grandes momentos de este lanzamiento es el single \u00abComo un tren\u00bb, una colaboraci\u00f3n con el legendario Le\u00f3n Gieco. Lanzado en noviembre pasado, esta canci\u00f3n \u2013que Gieco acerc\u00f3 especialmente a Fuentes\u2013 se convirti\u00f3 en una versi\u00f3n cargada de sentimiento y una muestra de la sensibilidad art\u00edstica que define al salte\u00f1o.<\/p>\n\n\n\n<p><\/p>\n\n\n\n<div style=\"height:36px\" aria-hidden=\"true\" class=\"wp-block-spacer\"><\/div>\n\n\n\n<figure class=\"wp-block-embed is-type-video is-provider-youtube wp-block-embed-youtube wp-embed-aspect-16-9 wp-has-aspect-ratio\"><div class=\"wp-block-embed__wrapper\">\n<div class=\"epyt-video-wrapper\"><iframe loading=\"lazy\"  id=\"_ytid_91301\"  width=\"640\" height=\"360\"  data-origwidth=\"640\" data-origheight=\"360\" src=\"https:\/\/www.youtube.com\/embed\/IzLH5-5WgGs?enablejsapi=1&#038;autoplay=0&#038;cc_load_policy=0&#038;cc_lang_pref=&#038;iv_load_policy=1&#038;loop=0&#038;rel=1&#038;fs=1&#038;playsinline=0&#038;autohide=2&#038;theme=dark&#038;color=white&#038;controls=1&#038;\" class=\"__youtube_prefs__  epyt-is-override  no-lazyload\" data-vol=\"50\"  title=\"YouTube player\"  allow=\"fullscreen; accelerometer; autoplay; clipboard-write; encrypted-media; gyroscope; picture-in-picture; web-share\" referrerpolicy=\"strict-origin-when-cross-origin\" allowfullscreen data-no-lazy=\"1\" data-skipgform_ajax_framebjll=\"\"><\/iframe><\/div>\n<\/div><\/figure>\n\n\n\n<div style=\"height:100px\" aria-hidden=\"true\" class=\"wp-block-spacer\"><\/div>\n","protected":false},"excerpt":{"rendered":"","protected":false},"author":5,"featured_media":13873,"comment_status":"open","ping_status":"open","sticky":false,"template":"","format":"standard","meta":{"om_disable_all_campaigns":false,"_uf_show_specific_survey":0,"_uf_disable_surveys":false,"footnotes":""},"categories":[36],"tags":[],"class_list":["post-13872","post","type-post","status-publish","format-standard","has-post-thumbnail","hentry","category-conciertos"],"_links":{"self":[{"href":"https:\/\/entrenotasyacordes.com\/index.php?rest_route=\/wp\/v2\/posts\/13872","targetHints":{"allow":["GET"]}}],"collection":[{"href":"https:\/\/entrenotasyacordes.com\/index.php?rest_route=\/wp\/v2\/posts"}],"about":[{"href":"https:\/\/entrenotasyacordes.com\/index.php?rest_route=\/wp\/v2\/types\/post"}],"author":[{"embeddable":true,"href":"https:\/\/entrenotasyacordes.com\/index.php?rest_route=\/wp\/v2\/users\/5"}],"replies":[{"embeddable":true,"href":"https:\/\/entrenotasyacordes.com\/index.php?rest_route=%2Fwp%2Fv2%2Fcomments&post=13872"}],"version-history":[{"count":1,"href":"https:\/\/entrenotasyacordes.com\/index.php?rest_route=\/wp\/v2\/posts\/13872\/revisions"}],"predecessor-version":[{"id":13874,"href":"https:\/\/entrenotasyacordes.com\/index.php?rest_route=\/wp\/v2\/posts\/13872\/revisions\/13874"}],"wp:featuredmedia":[{"embeddable":true,"href":"https:\/\/entrenotasyacordes.com\/index.php?rest_route=\/wp\/v2\/media\/13873"}],"wp:attachment":[{"href":"https:\/\/entrenotasyacordes.com\/index.php?rest_route=%2Fwp%2Fv2%2Fmedia&parent=13872"}],"wp:term":[{"taxonomy":"category","embeddable":true,"href":"https:\/\/entrenotasyacordes.com\/index.php?rest_route=%2Fwp%2Fv2%2Fcategories&post=13872"},{"taxonomy":"post_tag","embeddable":true,"href":"https:\/\/entrenotasyacordes.com\/index.php?rest_route=%2Fwp%2Fv2%2Ftags&post=13872"}],"curies":[{"name":"wp","href":"https:\/\/api.w.org\/{rel}","templated":true}]}}