{"id":13875,"date":"2025-02-04T22:10:18","date_gmt":"2025-02-04T22:10:18","guid":{"rendered":"https:\/\/entrenotasyacordes.com\/?p=13875"},"modified":"2025-02-04T22:10:20","modified_gmt":"2025-02-04T22:10:20","slug":"bandalos-chinos-adelanta-su-nuevo-album-vandalos-con-el-single-el-ritmo","status":"publish","type":"post","link":"https:\/\/entrenotasyacordes.com\/?p=13875","title":{"rendered":"Bandalos Chinos adelanta su nuevo \u00e1lbum \u00abV\u00e1ndalos\u00bb con el single \u00abEl ritmo\u00bb"},"content":{"rendered":"\n<p><\/p>\n\n\n\n<!--more-->\n\n\n\n<p class=\"has-text-align-left\"><\/p>\n\n\n<div class=\"wp-block-image\">\n<figure class=\"aligncenter size-full is-resized\"><img loading=\"lazy\" decoding=\"async\" width=\"532\" height=\"532\" src=\"https:\/\/entrenotasyacordes.com\/wp-content\/uploads\/2025\/02\/1738697048556-bandalos.png\" alt=\"\" class=\"wp-image-13876\" style=\"width:599px;height:auto\" srcset=\"https:\/\/entrenotasyacordes.com\/wp-content\/uploads\/2025\/02\/1738697048556-bandalos.png 532w, https:\/\/entrenotasyacordes.com\/wp-content\/uploads\/2025\/02\/1738697048556-bandalos-300x300.png 300w, https:\/\/entrenotasyacordes.com\/wp-content\/uploads\/2025\/02\/1738697048556-bandalos-150x150.png 150w, https:\/\/entrenotasyacordes.com\/wp-content\/uploads\/2025\/02\/1738697048556-bandalos-50x50.png 50w\" sizes=\"auto, (max-width: 532px) 100vw, 532px\" \/><\/figure>\n<\/div>\n\n\n<p>La banda l\u00edder del indie latinoamericano \u00a0lanza \u201cEl Ritmo\u201d que saldr\u00e1 el\u00a0<strong>1\u00ba de abril<\/strong>\u00a0en formato f\u00edsico y en todas las plataformas digitales.<\/p>\n\n\n\n<p><\/p>\n\n\n\n<div style=\"height:100px\" aria-hidden=\"true\" class=\"wp-block-spacer\"><\/div>\n\n\n\n<p>Bandalos Chinos deja atr\u00e1s el sonido risue\u00f1o y optimista de la trilog\u00eda \u201c<em>BACH<\/em>\u201d (2018), \u201c<em>Paranoia Pop<\/em>\u201d (2020) y \u201c<em>El Big Blue<\/em>\u201d (2022) en favor de una propuesta audaz en su producci\u00f3n, que desaf\u00eda con irreverencia el contexto de la escena actual.<\/p>\n\n\n\n<p>En esa senda, \u201c<em><strong>El Ritmo<\/strong><\/em>\u201d nos trae una atm\u00f3sfera de club en el que conviven lo minimalista y lo psicod\u00e9lico. A trav\u00e9s de un persistente beat de bater\u00eda, bajo y una guitarra punzante que dobla el riff m\u00e1s groovero de toda su discograf\u00eda, la canci\u00f3n se abre paso en el espesor de la noche profunda hasta desembocar en un estribillo filoso de teclados y osad\u00eda l\u00edrica: si ven\u00eds de frente, yo tambi\u00e9n voy fuerte canta un Goyo Degano encendido y magn\u00e9tico. Y esa promesa de ir fuerte culmina y llega a su cl\u00edmax en toda la parte final del tema: dos minutos enteros de un crescendo delirante en su juego de sintetizadores que se abren y se cierran, que se preguntan y se contestan hasta la psicodelia total. As\u00ed, la par\u00e1bola de \u201cEl Ritmo\u201d dibuja un arco perfecto: del beat firme y contenido al desenfreno y la liberaci\u00f3n sensorial.<\/p>\n\n\n\n<p>La canci\u00f3n llega con un videoclip filmado por el hist\u00f3rico socio audiovisual de la banda, Tom\u00e1s Terzano, que potencia narrativamente la propuesta irreverente de \u201cEl Ritmo\u201d y el nuevo disco de Bandalos Chinos: yoguis y gur\u00fas abrazados a bolsas y sacos repletos de d\u00f3lares cash. Como en las mejores sociedades art\u00edsticas, el humor y la desopilancia de Terzano se amalgaman con la madurez y precisi\u00f3n musical de la banda, creando, as\u00ed, una obra que abre el juego de la pol\u00e9mica y la provocaci\u00f3n. Apenas un comienzo de todo lo que nos dar\u00e1n este a\u00f1o.<\/p>\n\n\n\n<p><\/p>\n\n\n\n<figure class=\"wp-block-embed is-type-video is-provider-youtube wp-block-embed-youtube wp-embed-aspect-16-9 wp-has-aspect-ratio\"><div class=\"wp-block-embed__wrapper\">\n<div class=\"epyt-video-wrapper\"><iframe loading=\"lazy\"  id=\"_ytid_17057\"  width=\"640\" height=\"360\"  data-origwidth=\"640\" data-origheight=\"360\" src=\"https:\/\/www.youtube.com\/embed\/ImI1VI3a7Lg?enablejsapi=1&#038;autoplay=0&#038;cc_load_policy=0&#038;cc_lang_pref=&#038;iv_load_policy=1&#038;loop=0&#038;rel=1&#038;fs=1&#038;playsinline=0&#038;autohide=2&#038;theme=dark&#038;color=white&#038;controls=1&#038;\" class=\"__youtube_prefs__  epyt-is-override  no-lazyload\" data-vol=\"50\"  title=\"YouTube player\"  allow=\"fullscreen; accelerometer; autoplay; clipboard-write; encrypted-media; gyroscope; picture-in-picture; web-share\" referrerpolicy=\"strict-origin-when-cross-origin\" allowfullscreen data-no-lazy=\"1\" data-skipgform_ajax_framebjll=\"\"><\/iframe><\/div>\n<\/div><\/figure>\n\n\n\n<p><\/p>\n","protected":false},"excerpt":{"rendered":"","protected":false},"author":5,"featured_media":13877,"comment_status":"open","ping_status":"open","sticky":false,"template":"","format":"standard","meta":{"om_disable_all_campaigns":false,"_uf_show_specific_survey":0,"_uf_disable_surveys":false,"footnotes":""},"categories":[4],"tags":[],"class_list":["post-13875","post","type-post","status-publish","format-standard","has-post-thumbnail","hentry","category-musica"],"_links":{"self":[{"href":"https:\/\/entrenotasyacordes.com\/index.php?rest_route=\/wp\/v2\/posts\/13875","targetHints":{"allow":["GET"]}}],"collection":[{"href":"https:\/\/entrenotasyacordes.com\/index.php?rest_route=\/wp\/v2\/posts"}],"about":[{"href":"https:\/\/entrenotasyacordes.com\/index.php?rest_route=\/wp\/v2\/types\/post"}],"author":[{"embeddable":true,"href":"https:\/\/entrenotasyacordes.com\/index.php?rest_route=\/wp\/v2\/users\/5"}],"replies":[{"embeddable":true,"href":"https:\/\/entrenotasyacordes.com\/index.php?rest_route=%2Fwp%2Fv2%2Fcomments&post=13875"}],"version-history":[{"count":1,"href":"https:\/\/entrenotasyacordes.com\/index.php?rest_route=\/wp\/v2\/posts\/13875\/revisions"}],"predecessor-version":[{"id":13878,"href":"https:\/\/entrenotasyacordes.com\/index.php?rest_route=\/wp\/v2\/posts\/13875\/revisions\/13878"}],"wp:featuredmedia":[{"embeddable":true,"href":"https:\/\/entrenotasyacordes.com\/index.php?rest_route=\/wp\/v2\/media\/13877"}],"wp:attachment":[{"href":"https:\/\/entrenotasyacordes.com\/index.php?rest_route=%2Fwp%2Fv2%2Fmedia&parent=13875"}],"wp:term":[{"taxonomy":"category","embeddable":true,"href":"https:\/\/entrenotasyacordes.com\/index.php?rest_route=%2Fwp%2Fv2%2Fcategories&post=13875"},{"taxonomy":"post_tag","embeddable":true,"href":"https:\/\/entrenotasyacordes.com\/index.php?rest_route=%2Fwp%2Fv2%2Ftags&post=13875"}],"curies":[{"name":"wp","href":"https:\/\/api.w.org\/{rel}","templated":true}]}}