{"id":13888,"date":"2025-02-07T00:57:44","date_gmt":"2025-02-07T00:57:44","guid":{"rendered":"https:\/\/entrenotasyacordes.com\/?p=13888"},"modified":"2025-02-07T00:57:45","modified_gmt":"2025-02-07T00:57:45","slug":"soulfia-referente-del-nuevo-pop-chileno-presenta-acarameladay-se-prepara-para-tocar-en-el-lollapalooza-argentina-2025","status":"publish","type":"post","link":"https:\/\/entrenotasyacordes.com\/?p=13888","title":{"rendered":"SOULFIA, REFERENTE DEL NUEVO POP CHILENO, PRESENTA \u201cACARAMELADA\u201dY SE PREPARA PARA TOCAR EN EL LOLLAPALOOZA ARGENTINA 2025"},"content":{"rendered":"\n<!--more-->\n\n\n<div class=\"wp-block-image\">\n<figure class=\"aligncenter size-full is-resized\"><img loading=\"lazy\" decoding=\"async\" width=\"2560\" height=\"2560\" src=\"https:\/\/entrenotasyacordes.com\/wp-content\/uploads\/2025\/02\/14kk-scaled.jpg\" alt=\"\" class=\"wp-image-13889\" style=\"width:599px;height:auto\" srcset=\"https:\/\/entrenotasyacordes.com\/wp-content\/uploads\/2025\/02\/14kk-scaled.jpg 2560w, https:\/\/entrenotasyacordes.com\/wp-content\/uploads\/2025\/02\/14kk-300x300.jpg 300w, https:\/\/entrenotasyacordes.com\/wp-content\/uploads\/2025\/02\/14kk-1024x1024.jpg 1024w, https:\/\/entrenotasyacordes.com\/wp-content\/uploads\/2025\/02\/14kk-150x150.jpg 150w, https:\/\/entrenotasyacordes.com\/wp-content\/uploads\/2025\/02\/14kk-768x768.jpg 768w, https:\/\/entrenotasyacordes.com\/wp-content\/uploads\/2025\/02\/14kk-1536x1536.jpg 1536w, https:\/\/entrenotasyacordes.com\/wp-content\/uploads\/2025\/02\/14kk-2048x2048.jpg 2048w, https:\/\/entrenotasyacordes.com\/wp-content\/uploads\/2025\/02\/14kk-50x50.jpg 50w\" sizes=\"auto, (max-width: 2560px) 100vw, 2560px\" \/><\/figure>\n<\/div>\n\n\n<p class=\"has-text-align-left\">Tras un 2024 de exploraci\u00f3n y reinvenci\u00f3n,\u00a0<strong>Soulf\u00eda\u00a0<\/strong>comienza este a\u00f1o con una bomba: \u201cAcaramelada\u201d. El nuevo single de la cantante es un refrescante merengue-mambo inspirado en la libertad emocional, un recordatorio de que tras la amargura de un amor fallido, siempre queda el sabor de la vida.<\/p>\n\n\n\n<p class=\"has-text-align-left\"><em>\u201cAcaramelada la defino como el sol que sale despu\u00e9s de la tormenta, despu\u00e9s de haber pasado por momentos dif\u00edciles. Lo defino como, literalmente, comerse la tristeza y aprovechar, sacar el mejor jugo de las cosas negativas y tristes, y convertirlas en energ\u00eda positiva y en el disfrute\u201d<\/em>, explic\u00f3 la cantautora.<\/p>\n\n\n\n<p class=\"has-text-align-left\">La vibrante y en\u00e9rgica propuesta de&nbsp;<strong>Soulf\u00eda<\/strong>, y este relato de superaci\u00f3n tras el fin de una relaci\u00f3n amorosa se siente nost\u00e1lgica y contempor\u00e1nea en partes iguales, donde bronces explosivos elegantemente combinados con arreglos modernos dan forma a este himno a la solter\u00eda que forma parte de la banda sonora del verano.<\/p>\n\n\n<div class=\"wp-block-image\">\n<figure class=\"aligncenter size-full is-resized\"><img loading=\"lazy\" decoding=\"async\" width=\"1708\" height=\"2560\" src=\"https:\/\/entrenotasyacordes.com\/wp-content\/uploads\/2025\/02\/14kkk-scaled.jpeg\" alt=\"\" class=\"wp-image-13890\" style=\"width:599px;height:auto\" srcset=\"https:\/\/entrenotasyacordes.com\/wp-content\/uploads\/2025\/02\/14kkk-scaled.jpeg 1708w, https:\/\/entrenotasyacordes.com\/wp-content\/uploads\/2025\/02\/14kkk-200x300.jpeg 200w, https:\/\/entrenotasyacordes.com\/wp-content\/uploads\/2025\/02\/14kkk-683x1024.jpeg 683w, https:\/\/entrenotasyacordes.com\/wp-content\/uploads\/2025\/02\/14kkk-768x1151.jpeg 768w, https:\/\/entrenotasyacordes.com\/wp-content\/uploads\/2025\/02\/14kkk-1025x1536.jpeg 1025w, https:\/\/entrenotasyacordes.com\/wp-content\/uploads\/2025\/02\/14kkk-1366x2048.jpeg 1366w, https:\/\/entrenotasyacordes.com\/wp-content\/uploads\/2025\/02\/14kkk-1024x1535.jpeg 1024w\" sizes=\"auto, (max-width: 1708px) 100vw, 1708px\" \/><\/figure>\n<\/div>\n\n\n<p>Bajo la producci\u00f3n de Ra\u00fal Abarca y la dupla Vinco y Egobloy (quienes estuvieron en la producci\u00f3n del \u00e1lbum \u201cEpistolares\u201d de AKRIILA), \u201cAcaramelada\u201d continua el coqueteo de la artista con el pop latino actual, transform\u00e1ndose en una invitaci\u00f3n inevitable a bailar, dejando un aroma a playa y protector solar.<\/p>\n\n\n\n<p><em>\u201cEste nuevo estreno significa mucho para m\u00ed, porque estoy como redefiniendo y reincorporando a la\u00a0<strong>Soulf\u00eda\u00a0<\/strong>original que naci\u00f3 en este proyecto. Es el primer single del disco, lo cual es muy importante para m\u00ed. Este \u00e1lbum que estamos preparando con mucho amor, as\u00ed que este es el primer vistazo a todo este nuevo mundo m\u00e1s real y m\u00e1s desnudo que van a poder observar de Soulf\u00eda\u201d<\/em>, agreg\u00f3.<\/p>\n\n\n<div class=\"wp-block-image\">\n<figure class=\"aligncenter size-full is-resized\"><img loading=\"lazy\" decoding=\"async\" width=\"1708\" height=\"2560\" src=\"https:\/\/entrenotasyacordes.com\/wp-content\/uploads\/2025\/02\/14kkkk-scaled.jpeg\" alt=\"\" class=\"wp-image-13892\" style=\"width:599px;height:auto\" srcset=\"https:\/\/entrenotasyacordes.com\/wp-content\/uploads\/2025\/02\/14kkkk-scaled.jpeg 1708w, https:\/\/entrenotasyacordes.com\/wp-content\/uploads\/2025\/02\/14kkkk-200x300.jpeg 200w, https:\/\/entrenotasyacordes.com\/wp-content\/uploads\/2025\/02\/14kkkk-683x1024.jpeg 683w, https:\/\/entrenotasyacordes.com\/wp-content\/uploads\/2025\/02\/14kkkk-768x1151.jpeg 768w, https:\/\/entrenotasyacordes.com\/wp-content\/uploads\/2025\/02\/14kkkk-1025x1536.jpeg 1025w, https:\/\/entrenotasyacordes.com\/wp-content\/uploads\/2025\/02\/14kkkk-1366x2048.jpeg 1366w, https:\/\/entrenotasyacordes.com\/wp-content\/uploads\/2025\/02\/14kkkk-1024x1535.jpeg 1024w\" sizes=\"auto, (max-width: 1708px) 100vw, 1708px\" \/><\/figure>\n<\/div>\n\n\n<p>Con una carrera robusta, la m\u00fasica y cantautora se ha consolidado como una de las principales referentes del nuevo pop chileno, fusionando ritmos urbanos con soul y R&amp;B, tal como lo ha demostrado en sus trabajos \u00abBrujer\u00edas de Cantina\u00bb, \u00abG\u00e9nesis\u00bb y sus ic\u00f3nicos singles. Su participaci\u00f3n en el hit colaborativo \u201cEscarlata Remix\u201d, siendo la \u00fanica mujer invitada, la posicion\u00f3 en el primer puesto de artistas femeninas m\u00e1s escuchadas en Spotify en 2024.<\/p>\n\n\n\n<p><br><strong>Soulf\u00eda&nbsp;<\/strong>tambi\u00e9n ha sido reconocida en los Premios Pulsar en las categor\u00edas de \u201cMejor Artista Nueva\u201d y \u201cMejor Artista de M\u00fasica Urbana\u201d. Su impacto tambi\u00e9n cruz\u00f3 fronteras en 2022, donde fue destacada como Artista Radar y Artista EQUAL de Spotify, con su imagen proyectada en el ic\u00f3nico Times Square de Nueva York. Adem\u00e1s, con su presencia y talento ha conquistado los escenarios m\u00e1s importantes del pa\u00eds, incluyendo eventos como Lollapalooza 2022, Primavera Fauna 2022, La Junta Festival 2022, DECORA Fest 2023, CREAMFIELDS 2023, la Obertura del Festival de Vi\u00f1a del Mar 2024, entre otros.<\/p>\n\n\n\n<p>Tal como lo adelant\u00f3,&nbsp;<strong>Soulf\u00eda&nbsp;<\/strong>ya est\u00e1 trabajando en su segundo disco, el cual ser\u00e1 uno de sus proyectos m\u00e1s personales, permiti\u00e9ndonos conocerla a\u00fan m\u00e1s en profundidad. Durante este primer semestre, la cantante se presentar\u00e1 en diversos festivales municipales y tendr\u00e1 su esperado regreso al escenario de Lollapalooza Chile, adem\u00e1s de debutar en la edici\u00f3n argentina del festival, pa\u00eds que visit\u00f3 recientemente para trabajar con reconocidos artistas y productores locales.<\/p>\n\n\n\n<p><strong>Por otro lado, Soulfia regresa a Buenos Aires en marzo donde formar\u00e1 parte del Lollapalooza Argentina 2025 y prepara un show deslumbrante. Estar\u00e1 presente el s\u00e1bado 22 de marzo a las 14hs en el escenario Perry&#8217;s Stage.<\/strong><\/p>\n\n\n<div class=\"wp-block-image\">\n<figure class=\"aligncenter size-full is-resized\"><img loading=\"lazy\" decoding=\"async\" width=\"1279\" height=\"1600\" src=\"https:\/\/entrenotasyacordes.com\/wp-content\/uploads\/2025\/02\/14kkkkkk-1.jpeg\" alt=\"\" class=\"wp-image-13893\" style=\"width:599px;height:auto\" srcset=\"https:\/\/entrenotasyacordes.com\/wp-content\/uploads\/2025\/02\/14kkkkkk-1.jpeg 1279w, https:\/\/entrenotasyacordes.com\/wp-content\/uploads\/2025\/02\/14kkkkkk-1-240x300.jpeg 240w, https:\/\/entrenotasyacordes.com\/wp-content\/uploads\/2025\/02\/14kkkkkk-1-819x1024.jpeg 819w, https:\/\/entrenotasyacordes.com\/wp-content\/uploads\/2025\/02\/14kkkkkk-1-768x961.jpeg 768w, https:\/\/entrenotasyacordes.com\/wp-content\/uploads\/2025\/02\/14kkkkkk-1-1228x1536.jpeg 1228w, https:\/\/entrenotasyacordes.com\/wp-content\/uploads\/2025\/02\/14kkkkkk-1-1024x1281.jpeg 1024w\" sizes=\"auto, (max-width: 1279px) 100vw, 1279px\" \/><\/figure>\n<\/div>","protected":false},"excerpt":{"rendered":"","protected":false},"author":5,"featured_media":13889,"comment_status":"open","ping_status":"open","sticky":false,"template":"","format":"standard","meta":{"om_disable_all_campaigns":false,"_uf_show_specific_survey":0,"_uf_disable_surveys":false,"footnotes":""},"categories":[4],"tags":[],"class_list":["post-13888","post","type-post","status-publish","format-standard","has-post-thumbnail","hentry","category-musica"],"_links":{"self":[{"href":"https:\/\/entrenotasyacordes.com\/index.php?rest_route=\/wp\/v2\/posts\/13888","targetHints":{"allow":["GET"]}}],"collection":[{"href":"https:\/\/entrenotasyacordes.com\/index.php?rest_route=\/wp\/v2\/posts"}],"about":[{"href":"https:\/\/entrenotasyacordes.com\/index.php?rest_route=\/wp\/v2\/types\/post"}],"author":[{"embeddable":true,"href":"https:\/\/entrenotasyacordes.com\/index.php?rest_route=\/wp\/v2\/users\/5"}],"replies":[{"embeddable":true,"href":"https:\/\/entrenotasyacordes.com\/index.php?rest_route=%2Fwp%2Fv2%2Fcomments&post=13888"}],"version-history":[{"count":1,"href":"https:\/\/entrenotasyacordes.com\/index.php?rest_route=\/wp\/v2\/posts\/13888\/revisions"}],"predecessor-version":[{"id":13894,"href":"https:\/\/entrenotasyacordes.com\/index.php?rest_route=\/wp\/v2\/posts\/13888\/revisions\/13894"}],"wp:featuredmedia":[{"embeddable":true,"href":"https:\/\/entrenotasyacordes.com\/index.php?rest_route=\/wp\/v2\/media\/13889"}],"wp:attachment":[{"href":"https:\/\/entrenotasyacordes.com\/index.php?rest_route=%2Fwp%2Fv2%2Fmedia&parent=13888"}],"wp:term":[{"taxonomy":"category","embeddable":true,"href":"https:\/\/entrenotasyacordes.com\/index.php?rest_route=%2Fwp%2Fv2%2Fcategories&post=13888"},{"taxonomy":"post_tag","embeddable":true,"href":"https:\/\/entrenotasyacordes.com\/index.php?rest_route=%2Fwp%2Fv2%2Ftags&post=13888"}],"curies":[{"name":"wp","href":"https:\/\/api.w.org\/{rel}","templated":true}]}}