{"id":13904,"date":"2025-02-07T18:08:19","date_gmt":"2025-02-07T18:08:19","guid":{"rendered":"https:\/\/entrenotasyacordes.com\/?p=13904"},"modified":"2025-02-07T18:08:20","modified_gmt":"2025-02-07T18:08:20","slug":"turf-lanza-magia-blanca-junto-a-conociendo-rusia-y-regresa-al-gran-rex","status":"publish","type":"post","link":"https:\/\/entrenotasyacordes.com\/?p=13904","title":{"rendered":"TURF LANZA \u00abMAGIA BLANCA\u00bb JUNTO A CONOCIENDO RUSIA Y REGRESA\u00a0AL GRAN REX!"},"content":{"rendered":"\n<!--more-->\n\n\n\n<p class=\"has-text-align-left\">Se trata del segundo episodio de \u00abPolvo de Estrellas\u00bb, conducido por el mism\u00edsimo Joaqu\u00edn Levinton y anuncia su esperado regreso al Teatro Gran Rex el 15 de agosto.<\/p>\n\n\n<div class=\"wp-block-image\">\n<figure class=\"aligncenter size-full is-resized\"><img loading=\"lazy\" decoding=\"async\" width=\"2560\" height=\"2560\" src=\"https:\/\/entrenotasyacordes.com\/wp-content\/uploads\/2025\/02\/14llll-scaled.jpg\" alt=\"\" class=\"wp-image-13905\" style=\"width:599px;height:auto\" srcset=\"https:\/\/entrenotasyacordes.com\/wp-content\/uploads\/2025\/02\/14llll-scaled.jpg 2560w, https:\/\/entrenotasyacordes.com\/wp-content\/uploads\/2025\/02\/14llll-300x300.jpg 300w, https:\/\/entrenotasyacordes.com\/wp-content\/uploads\/2025\/02\/14llll-1024x1024.jpg 1024w, https:\/\/entrenotasyacordes.com\/wp-content\/uploads\/2025\/02\/14llll-150x150.jpg 150w, https:\/\/entrenotasyacordes.com\/wp-content\/uploads\/2025\/02\/14llll-768x768.jpg 768w, https:\/\/entrenotasyacordes.com\/wp-content\/uploads\/2025\/02\/14llll-1536x1536.jpg 1536w, https:\/\/entrenotasyacordes.com\/wp-content\/uploads\/2025\/02\/14llll-2048x2048.jpg 2048w, https:\/\/entrenotasyacordes.com\/wp-content\/uploads\/2025\/02\/14llll-50x50.jpg 50w\" sizes=\"auto, (max-width: 2560px) 100vw, 2560px\" \/><\/figure>\n<\/div>\n\n\n<p>Despu\u00e9s del \u00e9xito arrollador de su primer adelanto,\u00a0<strong>Turf\u00a0<\/strong>se une a\u00a0<strong>Conociendo Rusia\u00a0<\/strong>para presentar\u00a0<strong>\u00abMagia Blanca\u00bb,<\/strong>\u00a0un tema que refleja la conexi\u00f3n entre ambos artistas. Con\u00a0<strong>\u00abMagia Blanca\u00bb<\/strong>, la historia contin\u00faa. La colaboraci\u00f3n con\u00a0<strong>Conociendo Rusia<\/strong>\u00a0es el cruce ideal entre dos exponentes de la escena actual, que reafirman su presencia y fusionan su impronta art\u00edstica en una combinaci\u00f3n perfecta de estilos.<\/p>\n\n\n\n<p><strong>\u00abMagia Blanca\u00bb,<\/strong>\u00a0bajo la producci\u00f3n art\u00edstica de\u00a0<strong>Mariano Otero<\/strong>\u00a0y\u00a0<strong>Turf \u00a0<\/strong>y direcci\u00f3n audiovisual de\u00a0<strong>Gonzalo Llamas Sebesta<\/strong>, es el segundo cap\u00edtulo de esta producci\u00f3n monumental, y aunque el primer adelanto dej\u00f3 la vara muy alta, todo indica que\u00a0<strong>Turf<\/strong>\u00a0sigue en la cima. Con sus cl\u00e1sicos, nuevas versiones y colaboraciones de lujo, la banda demuestra por qu\u00e9 sigue siendo una de las m\u00e1s importantes del rock argentino.<\/p>\n\n\n\n<p><strong>\u00abPolvo de Estrellas\u00bb\u00a0<\/strong>no es solo un disco y un programa de entrevistas, sino que es una experiencia audiovisual que, con cada episodio, sorprende, entretiene y emociona.\u00a0<strong>Turf\u00a0<\/strong>sigue apostando por una propuesta fresca e innovadora, sin perder la esencia que los hizo grandes. Y con la participaci\u00f3n de artistas consagrados como los que ya se dieron a conocer Milo J y Conociendo Rusia, la banda consigue no solo rendir homenaje a su legado, sino tambi\u00e9n generar una plataforma para las nuevas generaciones.<\/p>\n\n\n\n<p>Turf logra reposicionar sus cl\u00e1sicos, pero tambi\u00e9n logra conectar de forma inesperada con j\u00f3venes y con fans de toda la vida. \u00bfEl resultado? Un regreso a lo grande que reafirma la vigencia y la fuerza de la banda en la escena musical actual.<\/p>\n\n\n<div class=\"wp-block-image\">\n<figure class=\"aligncenter size-full is-resized\"><img loading=\"lazy\" decoding=\"async\" width=\"1080\" height=\"1921\" src=\"https:\/\/entrenotasyacordes.com\/wp-content\/uploads\/2025\/02\/14lllll.jpg\" alt=\"\" class=\"wp-image-13906\" style=\"width:599px;height:auto\" srcset=\"https:\/\/entrenotasyacordes.com\/wp-content\/uploads\/2025\/02\/14lllll.jpg 1080w, https:\/\/entrenotasyacordes.com\/wp-content\/uploads\/2025\/02\/14lllll-169x300.jpg 169w, https:\/\/entrenotasyacordes.com\/wp-content\/uploads\/2025\/02\/14lllll-576x1024.jpg 576w, https:\/\/entrenotasyacordes.com\/wp-content\/uploads\/2025\/02\/14lllll-768x1366.jpg 768w, https:\/\/entrenotasyacordes.com\/wp-content\/uploads\/2025\/02\/14lllll-864x1536.jpg 864w, https:\/\/entrenotasyacordes.com\/wp-content\/uploads\/2025\/02\/14lllll-1024x1821.jpg 1024w\" sizes=\"auto, (max-width: 1080px) 100vw, 1080px\" \/><\/figure>\n<\/div>\n\n\n<p class=\"has-text-align-left\">Por otro lado, la banda contin\u00faa llevando su poderoso show en vivo a los festivales m\u00e1s importantes de Argentina como Confluencia Rock en Neuqu\u00e9n y Cosqu\u00edn Rock en C\u00f3rdoba; tambi\u00e9n formar\u00e1 parte del Lollapalooza en Chile y tendr\u00e1 su propio sideshow el 19 de marzo en Subterr\u00e1neo. Adem\u00e1s, confirmaron fecha el 14 del mismo mes en Teatro Metro de La Plata. Pero esto no es todo, cabe destacar que anuncian la primera fecha de este 2025 en Ciudad de Buenos Aires \u00a0\u00a1vuelven al Teatro Gran Rex! la cita ser\u00e1 el 15 de agosto y las entradas se pueden conseguir en\u00a0<a href=\"https:\/\/tuentrada.com\/\">TuEntrada.com<\/a><\/p>\n\n\n\n<p class=\"has-text-align-center\"><strong>PR\u00d3XIMOS SHOWS<\/strong><br>7 de febrero &#8211; Fiesta de la Confluencia, Neuqu\u00e9n<br>15 de febrero &#8211; Cosqu\u00edn Rock, C\u00f3rdoba<br>14 de marzo &#8211; Teatro Metro, La Plata<br>19 de marzo &#8211; Subterr\u00e1neo &#8211; Sideshow Lollapalooza, Santiago de Chile<br>23 de marzo &#8211; Lollapalooza, Santiago de Chile<br>5 de abril &#8211; Quilmes Rock, Buenos Aires<br>15 de agosto &#8211; Gran Rex, Buenos Aires<\/p>\n","protected":false},"excerpt":{"rendered":"","protected":false},"author":5,"featured_media":13905,"comment_status":"open","ping_status":"open","sticky":false,"template":"","format":"standard","meta":{"om_disable_all_campaigns":false,"_uf_show_specific_survey":0,"_uf_disable_surveys":false,"footnotes":""},"categories":[36],"tags":[],"class_list":["post-13904","post","type-post","status-publish","format-standard","has-post-thumbnail","hentry","category-conciertos"],"_links":{"self":[{"href":"https:\/\/entrenotasyacordes.com\/index.php?rest_route=\/wp\/v2\/posts\/13904","targetHints":{"allow":["GET"]}}],"collection":[{"href":"https:\/\/entrenotasyacordes.com\/index.php?rest_route=\/wp\/v2\/posts"}],"about":[{"href":"https:\/\/entrenotasyacordes.com\/index.php?rest_route=\/wp\/v2\/types\/post"}],"author":[{"embeddable":true,"href":"https:\/\/entrenotasyacordes.com\/index.php?rest_route=\/wp\/v2\/users\/5"}],"replies":[{"embeddable":true,"href":"https:\/\/entrenotasyacordes.com\/index.php?rest_route=%2Fwp%2Fv2%2Fcomments&post=13904"}],"version-history":[{"count":1,"href":"https:\/\/entrenotasyacordes.com\/index.php?rest_route=\/wp\/v2\/posts\/13904\/revisions"}],"predecessor-version":[{"id":13907,"href":"https:\/\/entrenotasyacordes.com\/index.php?rest_route=\/wp\/v2\/posts\/13904\/revisions\/13907"}],"wp:featuredmedia":[{"embeddable":true,"href":"https:\/\/entrenotasyacordes.com\/index.php?rest_route=\/wp\/v2\/media\/13905"}],"wp:attachment":[{"href":"https:\/\/entrenotasyacordes.com\/index.php?rest_route=%2Fwp%2Fv2%2Fmedia&parent=13904"}],"wp:term":[{"taxonomy":"category","embeddable":true,"href":"https:\/\/entrenotasyacordes.com\/index.php?rest_route=%2Fwp%2Fv2%2Fcategories&post=13904"},{"taxonomy":"post_tag","embeddable":true,"href":"https:\/\/entrenotasyacordes.com\/index.php?rest_route=%2Fwp%2Fv2%2Ftags&post=13904"}],"curies":[{"name":"wp","href":"https:\/\/api.w.org\/{rel}","templated":true}]}}