{"id":13919,"date":"2025-02-07T18:25:17","date_gmt":"2025-02-07T18:25:17","guid":{"rendered":"https:\/\/entrenotasyacordes.com\/?p=13919"},"modified":"2025-02-07T18:25:17","modified_gmt":"2025-02-07T18:25:17","slug":"silvestre-dangond-y-emilia-se-unen-por-primera-vez-para-hacer-vestido-rojo","status":"publish","type":"post","link":"https:\/\/entrenotasyacordes.com\/?p=13919","title":{"rendered":"SILVESTRE DANGOND Y EMILIA SE UNEN POR PRIMERA VEZ PARA HACER \u201cVESTIDO ROJO\u201d"},"content":{"rendered":"\n<!--more-->\n\n\n\n<p>El esperado single une el talento del \u00edcono de la m\u00fasica latina\u00a0<strong>Silvestre Dangond<\/strong>, con la frescura y el magnetismo que tanto caracteriza a\u00a0<strong>Emilia<\/strong>, la estrella pop argentina que supo consagrarse como la artista con mayor cantidad de reproducciones en Spotify y Tik Tok durante 2024.<\/p>\n\n\n<div class=\"wp-block-image\">\n<figure class=\"aligncenter size-full is-resized\"><img loading=\"lazy\" decoding=\"async\" width=\"1079\" height=\"607\" src=\"https:\/\/entrenotasyacordes.com\/wp-content\/uploads\/2025\/02\/14mmmmmm.jpeg\" alt=\"\" class=\"wp-image-13920\" style=\"width:765px;height:auto\" srcset=\"https:\/\/entrenotasyacordes.com\/wp-content\/uploads\/2025\/02\/14mmmmmm.jpeg 1079w, https:\/\/entrenotasyacordes.com\/wp-content\/uploads\/2025\/02\/14mmmmmm-300x169.jpeg 300w, https:\/\/entrenotasyacordes.com\/wp-content\/uploads\/2025\/02\/14mmmmmm-1024x576.jpeg 1024w, https:\/\/entrenotasyacordes.com\/wp-content\/uploads\/2025\/02\/14mmmmmm-768x432.jpeg 768w\" sizes=\"auto, (max-width: 1079px) 100vw, 1079px\" \/><\/figure>\n<\/div>\n\n\n<p>Producida por el multipremiado Andr\u00e9s Castro, junto a Irving Quintero \u00abFaster\u00bb, Miguel \u00abCasta\u00bb y el propio&nbsp;<a target=\"_blank\" href=\"https:\/\/instagramc.tr.pemsv30.net\/c\/eyJhIjoiaW5zdGFncmFtYyIsIm0iOiJtYWlsX2NtNnV3bG02cGMxd24wODY5c2g1ZG9obnYiLCJsIjoibGlua185ZTQwOWMyOThmZWU2MDZjYzdlNDhhODAxZTAwODI5ODY5MGVlY2JiXzVmODM2ZSIsImkiOltdLCJ1IjoiaHR0cHM6Ly93d3cuaW5zdGFncmFtLmNvbS9zaWx2ZXN0cmVkYW5nb25kLz9obD1lcyZ1dG1fc291cmNlPXBlcmZpdCZ1dG1fbWVkaXVtPWVtYWlsJnV0bV9jYW1wYWlnbj1FTUlMSUElMjAlN0MlMjBWRVNUSURPJTIwUk9KTyUyMEZUJTIwU0lMVkVTVFJFJTIwREFOR09ORCIsImMiOiIiLCJoIjoiYjMzYTg2In0\" rel=\"noreferrer noopener\">Silvestre Dangond<\/a>, \u00abVestido Rojo\u00bb es una cumbia global que celebra la riqueza de los ritmos latinoamericanos con una impronta moderna que le revitaliza los sonidos de nuestra regi\u00f3n. Esta fusi\u00f3n especial resalta&nbsp;<strong>las ra\u00edces de Silvestre en el vallenato y la versatilidad de Emilia<\/strong>, creando una mezcla irresistible que invita a bailar y sentir cada nota.<\/p>\n\n\n\n<p>El video, grabado entre Miami y Buenos Aires bajo la direcci\u00f3n de&nbsp;<em>Cinema Giants<\/em>, complementa la energ\u00eda de la canci\u00f3n en un c\u00f3nclave de pasi\u00f3n y deseo. Hay algo que no se puede negar, y es la qu\u00edmica \u00fanica entre Silvestre y Emilia que involucra a los espectadores en una narrativa visual, amplificando el poder y la fuerza emocional del tema.<\/p>\n\n\n<div class=\"wp-block-image\">\n<figure class=\"aligncenter size-full\"><img loading=\"lazy\" decoding=\"async\" width=\"2560\" height=\"2497\" src=\"https:\/\/entrenotasyacordes.com\/wp-content\/uploads\/2025\/02\/14mmmmmmm-scaled.jpg\" alt=\"\" class=\"wp-image-13921\" srcset=\"https:\/\/entrenotasyacordes.com\/wp-content\/uploads\/2025\/02\/14mmmmmmm-scaled.jpg 2560w, https:\/\/entrenotasyacordes.com\/wp-content\/uploads\/2025\/02\/14mmmmmmm-300x293.jpg 300w, https:\/\/entrenotasyacordes.com\/wp-content\/uploads\/2025\/02\/14mmmmmmm-1024x999.jpg 1024w, https:\/\/entrenotasyacordes.com\/wp-content\/uploads\/2025\/02\/14mmmmmmm-768x749.jpg 768w, https:\/\/entrenotasyacordes.com\/wp-content\/uploads\/2025\/02\/14mmmmmmm-1536x1498.jpg 1536w, https:\/\/entrenotasyacordes.com\/wp-content\/uploads\/2025\/02\/14mmmmmmm-2048x1997.jpg 2048w, https:\/\/entrenotasyacordes.com\/wp-content\/uploads\/2025\/02\/14mmmmmmm-50x50.jpg 50w\" sizes=\"auto, (max-width: 2560px) 100vw, 2560px\" \/><\/figure>\n<\/div>\n\n\n<p><strong>Silvestre Dangond<\/strong>&nbsp;expres\u00f3: \u00ab<em>Desde el primer momento en que imagin\u00e9 esta canci\u00f3n, supe que la voz y el estilo de Emilia aportar\u00edan algo especial. Su manera de interpretar le da una nueva dimensi\u00f3n a &#8216;Vestido Rojo&#8217;, y juntos logramos una canci\u00f3n que esperamos conecte profundamente con el p\u00fablico.<\/em>\u00ab<br>&nbsp; &nbsp;<\/p>\n\n\n\n<p>Silvestre Dangond es ganador de 3 Latin GRAMMY y es un referente del g\u00e9nero vallenato, g\u00e9nero tradicional colombiano, que ha catapultado a escenarios internacionales como s\u00edmbolo de su tierra. Con una carrera llena de \u00e9xitos y colaboraciones destacadas, su capacidad de reinventarse y explorar nuevos sonidos lo ha posicionado como un referente de la m\u00fasica latina.<\/p>\n","protected":false},"excerpt":{"rendered":"","protected":false},"author":5,"featured_media":13921,"comment_status":"open","ping_status":"open","sticky":false,"template":"","format":"standard","meta":{"om_disable_all_campaigns":false,"_uf_show_specific_survey":0,"_uf_disable_surveys":false,"footnotes":""},"categories":[4],"tags":[],"class_list":["post-13919","post","type-post","status-publish","format-standard","has-post-thumbnail","hentry","category-musica"],"_links":{"self":[{"href":"https:\/\/entrenotasyacordes.com\/index.php?rest_route=\/wp\/v2\/posts\/13919","targetHints":{"allow":["GET"]}}],"collection":[{"href":"https:\/\/entrenotasyacordes.com\/index.php?rest_route=\/wp\/v2\/posts"}],"about":[{"href":"https:\/\/entrenotasyacordes.com\/index.php?rest_route=\/wp\/v2\/types\/post"}],"author":[{"embeddable":true,"href":"https:\/\/entrenotasyacordes.com\/index.php?rest_route=\/wp\/v2\/users\/5"}],"replies":[{"embeddable":true,"href":"https:\/\/entrenotasyacordes.com\/index.php?rest_route=%2Fwp%2Fv2%2Fcomments&post=13919"}],"version-history":[{"count":1,"href":"https:\/\/entrenotasyacordes.com\/index.php?rest_route=\/wp\/v2\/posts\/13919\/revisions"}],"predecessor-version":[{"id":13922,"href":"https:\/\/entrenotasyacordes.com\/index.php?rest_route=\/wp\/v2\/posts\/13919\/revisions\/13922"}],"wp:featuredmedia":[{"embeddable":true,"href":"https:\/\/entrenotasyacordes.com\/index.php?rest_route=\/wp\/v2\/media\/13921"}],"wp:attachment":[{"href":"https:\/\/entrenotasyacordes.com\/index.php?rest_route=%2Fwp%2Fv2%2Fmedia&parent=13919"}],"wp:term":[{"taxonomy":"category","embeddable":true,"href":"https:\/\/entrenotasyacordes.com\/index.php?rest_route=%2Fwp%2Fv2%2Fcategories&post=13919"},{"taxonomy":"post_tag","embeddable":true,"href":"https:\/\/entrenotasyacordes.com\/index.php?rest_route=%2Fwp%2Fv2%2Ftags&post=13919"}],"curies":[{"name":"wp","href":"https:\/\/api.w.org\/{rel}","templated":true}]}}