{"id":13923,"date":"2025-02-07T18:35:22","date_gmt":"2025-02-07T18:35:22","guid":{"rendered":"https:\/\/entrenotasyacordes.com\/?p=13923"},"modified":"2025-12-08T14:55:27","modified_gmt":"2025-12-08T14:55:27","slug":"el-negro-tecla-presenta-su-primer-ep-vol-1","status":"publish","type":"post","link":"https:\/\/entrenotasyacordes.com\/?p=13923","title":{"rendered":"El Negro Tecla presenta su primer EP \u201cVOL. 1\u201d"},"content":{"rendered":"\n<!--more-->\n\n\n<div class=\"wp-block-image\">\n<figure class=\"aligncenter size-full is-resized\"><img loading=\"lazy\" decoding=\"async\" width=\"2048\" height=\"2045\" src=\"https:\/\/entrenotasyacordes.com\/wp-content\/uploads\/2025\/02\/14n.jpg\" alt=\"\" class=\"wp-image-13924\" style=\"width:765px;height:auto\" srcset=\"https:\/\/entrenotasyacordes.com\/wp-content\/uploads\/2025\/02\/14n.jpg 2048w, https:\/\/entrenotasyacordes.com\/wp-content\/uploads\/2025\/02\/14n-300x300.jpg 300w, https:\/\/entrenotasyacordes.com\/wp-content\/uploads\/2025\/02\/14n-1024x1023.jpg 1024w, https:\/\/entrenotasyacordes.com\/wp-content\/uploads\/2025\/02\/14n-150x150.jpg 150w, https:\/\/entrenotasyacordes.com\/wp-content\/uploads\/2025\/02\/14n-768x767.jpg 768w, https:\/\/entrenotasyacordes.com\/wp-content\/uploads\/2025\/02\/14n-1536x1534.jpg 1536w, https:\/\/entrenotasyacordes.com\/wp-content\/uploads\/2025\/02\/14n-50x50.jpg 50w\" sizes=\"auto, (max-width: 2048px) 100vw, 2048px\" \/><\/figure>\n<\/div>\n\n\n<p><strong>El Negro Tecla <\/strong>lanza su primer EP \u201cVOL. 1\u201d, donde explorar\u00e1 distintas facetas de la cumbia que tanto lo caracterizan. Disponible en todas las plataformas a partir del <strong>jueves 06 de febrero a las 21.00hs.<\/strong><strong><\/strong><\/p>\n\n\n\n<p>Como fen\u00f3meno de la nueva era de la cumbia, era hora de que llegara su primer EP donde consolida su impacto en la escena urbana fusionando sonidos tropicales con urbanos. Con m\u00e1s de 200 millones de streams en Spotify gracias a hits como \u201cAh\u00ed Ah\u00ed\u201d y \u201cRompe\u201d, el cantante mendocino sigue demostrando su talento y creatividad al presentar este nuevo proyecto.<\/p>\n\n\n\n<p>El <strong>EP <\/strong>incluye cinco canciones y cuenta con colaboraciones y producciones de grandes nombres del \u00e1mbito musical. Entre los temas ya lanzados se encuentran <strong>\u201cActivo 24\/7\u201d y \u201cQue Explote\u201d, <\/strong>que han sido recibidos con gran \u00e9xito por su p\u00fablico. Cada canci\u00f3n del EP fue producida por un reconocido productor distinto, aportando diversidad de sonidos que mantienen la esencia \u00fanica de El Negro Tecla. Entre sus colaboraciones se encuentra Pepper para la canci\u00f3n \u201cTibur\u00f3n\u201d y Diel Paris en el tema \u201cSoy Asi\u201d que es el focus track del EP.<\/p>\n\n\n\n<p>Fue <strong>Francisco Scigliano <\/strong>quien se encarg\u00f3 de dirigir los videoclips para cada single. Respetando la est\u00e9tica de sus \u00faltimos videos con fondos de colores y El Negro Tecla cantando sus temas juntos a sus invitados.<\/p>\n\n\n<div class=\"wp-block-image\">\n<figure class=\"aligncenter size-full\"><img loading=\"lazy\" decoding=\"async\" width=\"2048\" height=\"1152\" src=\"https:\/\/entrenotasyacordes.com\/wp-content\/uploads\/2025\/02\/14nn.jpg\" alt=\"\" class=\"wp-image-13925\" srcset=\"https:\/\/entrenotasyacordes.com\/wp-content\/uploads\/2025\/02\/14nn.jpg 2048w, https:\/\/entrenotasyacordes.com\/wp-content\/uploads\/2025\/02\/14nn-300x169.jpg 300w, https:\/\/entrenotasyacordes.com\/wp-content\/uploads\/2025\/02\/14nn-1024x576.jpg 1024w, https:\/\/entrenotasyacordes.com\/wp-content\/uploads\/2025\/02\/14nn-768x432.jpg 768w, https:\/\/entrenotasyacordes.com\/wp-content\/uploads\/2025\/02\/14nn-1536x864.jpg 1536w\" sizes=\"auto, (max-width: 2048px) 100vw, 2048px\" \/><\/figure>\n<\/div>","protected":false},"excerpt":{"rendered":"","protected":false},"author":5,"featured_media":13924,"comment_status":"closed","ping_status":"open","sticky":false,"template":"","format":"standard","meta":{"om_disable_all_campaigns":false,"_uf_show_specific_survey":0,"_uf_disable_surveys":false,"footnotes":""},"categories":[4],"tags":[],"class_list":["post-13923","post","type-post","status-publish","format-standard","has-post-thumbnail","hentry","category-musica"],"_links":{"self":[{"href":"https:\/\/entrenotasyacordes.com\/index.php?rest_route=\/wp\/v2\/posts\/13923","targetHints":{"allow":["GET"]}}],"collection":[{"href":"https:\/\/entrenotasyacordes.com\/index.php?rest_route=\/wp\/v2\/posts"}],"about":[{"href":"https:\/\/entrenotasyacordes.com\/index.php?rest_route=\/wp\/v2\/types\/post"}],"author":[{"embeddable":true,"href":"https:\/\/entrenotasyacordes.com\/index.php?rest_route=\/wp\/v2\/users\/5"}],"replies":[{"embeddable":true,"href":"https:\/\/entrenotasyacordes.com\/index.php?rest_route=%2Fwp%2Fv2%2Fcomments&post=13923"}],"version-history":[{"count":1,"href":"https:\/\/entrenotasyacordes.com\/index.php?rest_route=\/wp\/v2\/posts\/13923\/revisions"}],"predecessor-version":[{"id":13926,"href":"https:\/\/entrenotasyacordes.com\/index.php?rest_route=\/wp\/v2\/posts\/13923\/revisions\/13926"}],"wp:featuredmedia":[{"embeddable":true,"href":"https:\/\/entrenotasyacordes.com\/index.php?rest_route=\/wp\/v2\/media\/13924"}],"wp:attachment":[{"href":"https:\/\/entrenotasyacordes.com\/index.php?rest_route=%2Fwp%2Fv2%2Fmedia&parent=13923"}],"wp:term":[{"taxonomy":"category","embeddable":true,"href":"https:\/\/entrenotasyacordes.com\/index.php?rest_route=%2Fwp%2Fv2%2Fcategories&post=13923"},{"taxonomy":"post_tag","embeddable":true,"href":"https:\/\/entrenotasyacordes.com\/index.php?rest_route=%2Fwp%2Fv2%2Ftags&post=13923"}],"curies":[{"name":"wp","href":"https:\/\/api.w.org\/{rel}","templated":true}]}}