{"id":13955,"date":"2025-02-10T20:19:27","date_gmt":"2025-02-10T20:19:27","guid":{"rendered":"https:\/\/entrenotasyacordes.com\/?p=13955"},"modified":"2025-12-08T14:55:27","modified_gmt":"2025-12-08T14:55:27","slug":"lali-y-miranda-se-unen-en-un-nuevo-lanzamiento-historico-mejor-que-vos","status":"publish","type":"post","link":"https:\/\/entrenotasyacordes.com\/?p=13955","title":{"rendered":"LALI Y MIRANDA! SE UNEN EN UN NUEVO LANZAMIENTO HIST\u00d3RICO: \u00abMEJOR QUE VOS\u00bb"},"content":{"rendered":"\n<!--more-->\n\n\n\n<p><strong>LOS REYES DEL POP REGRESAN CON UNA COLABORACI\u00d3N EXPLOSIVA<\/strong><\/p>\n\n\n<div class=\"wp-block-image\">\n<figure class=\"aligncenter size-full is-resized\"><img loading=\"lazy\" decoding=\"async\" width=\"467\" height=\"466\" src=\"https:\/\/entrenotasyacordes.com\/wp-content\/uploads\/2025\/02\/15aaaaa.jpg\" alt=\"\" class=\"wp-image-13956\" style=\"width:765px;height:auto\" srcset=\"https:\/\/entrenotasyacordes.com\/wp-content\/uploads\/2025\/02\/15aaaaa.jpg 467w, https:\/\/entrenotasyacordes.com\/wp-content\/uploads\/2025\/02\/15aaaaa-300x300.jpg 300w, https:\/\/entrenotasyacordes.com\/wp-content\/uploads\/2025\/02\/15aaaaa-150x150.jpg 150w, https:\/\/entrenotasyacordes.com\/wp-content\/uploads\/2025\/02\/15aaaaa-50x50.jpg 50w\" sizes=\"auto, (max-width: 467px) 100vw, 467px\" \/><\/figure>\n<\/div>\n\n\n<p><strong>LALI<\/strong>, la referente indiscutida del pop, regresa con un nuevo single de la mano del d\u00fao hist\u00f3rico <strong>Miranda!<\/strong><br><br><strong>Mejor que vos <\/strong>es una joya musical que combina el inigualable carisma de Lali con la frescura y el talento de Miranda!, creando un single que atrapar\u00e1 desde la primera escucha.<br><br>Lali y Miranda!, quienes ya hab\u00edan cautivado la escena pop con su exitosa colaboraci\u00f3n <em>\u00abYo te dir\u00e9\u00bb<\/em>, se re\u00fanen nuevamente para dar vida a esta nueva canci\u00f3n original. Escrita y compuesta por Lali, Ale Sergi, Mauro de Tomasso y Gal\u00e1n, la producci\u00f3n estuvo a cargo de Don Barreto y el propio de Tomasso.<\/p>\n\n\n<div class=\"wp-block-image\">\n<figure class=\"aligncenter size-full is-resized\"><img loading=\"lazy\" decoding=\"async\" width=\"602\" height=\"401\" src=\"https:\/\/entrenotasyacordes.com\/wp-content\/uploads\/2025\/02\/15aaaaaa.jpg\" alt=\"\" class=\"wp-image-13957\" style=\"width:734px;height:auto\" srcset=\"https:\/\/entrenotasyacordes.com\/wp-content\/uploads\/2025\/02\/15aaaaaa.jpg 602w, https:\/\/entrenotasyacordes.com\/wp-content\/uploads\/2025\/02\/15aaaaaa-300x200.jpg 300w\" sizes=\"auto, (max-width: 602px) 100vw, 602px\" \/><\/figure>\n<\/div>\n\n\n<p>El videoclip, dirigido por Lautaro Esp\u00f3sito y la propia LALI, ofrece una propuesta visual innovadora que rompe con las narrativas convencionales, enfoc\u00e1ndose en la fuerza de la performance, el baile y el movimiento. Destaca por una est\u00e9tica meticulosamente cuidada, donde el vestuario, maquillaje y estilismo comparten protagonismo con la energ\u00eda desbordante de Lali y Miranda! sobre el escenario. La puesta en escena, inspirada en la televisi\u00f3n de los a\u00f1os 80, simula una vibrante presentaci\u00f3n en vivo con un dise\u00f1o fresco y electrizante.<br><br>Este lanzamiento redefine lo que significa un videoclip de pop, consolidando a LALI como una de las figuras m\u00e1s vers\u00e1tiles de la escena musical argentina. Luego de sorprender con dos poderosos singles rockeros, la artista demuestra su capacidad para moverse con soltura entre g\u00e9neros y mantener a su p\u00fablico con ganas de m\u00e1s.<br><br>La consagrada artista argentina cerr\u00f3 el 2024 explotando las redes sociales y convirti\u00e9ndose en tendencia con miles de comentarios por el anuncio de su tan esperada vuelta a V\u00e9lez donde se reunir\u00e1 con sus fans en dos shows hist\u00f3ricos a pura magia y pop. Anteriormente Lali rompi\u00f3 las reglas de su propio juego al lanzar dos canciones donde fusion\u00f3 el rock con el pop, para darle vida a sus letras indelebles, con \u201cFan\u00e1tico\u201d y \u201cNo me importa\u201d.<\/p>\n","protected":false},"excerpt":{"rendered":"","protected":false},"author":5,"featured_media":13956,"comment_status":"closed","ping_status":"open","sticky":false,"template":"","format":"standard","meta":{"om_disable_all_campaigns":false,"_uf_show_specific_survey":0,"_uf_disable_surveys":false,"footnotes":""},"categories":[4],"tags":[],"class_list":["post-13955","post","type-post","status-publish","format-standard","has-post-thumbnail","hentry","category-musica"],"_links":{"self":[{"href":"https:\/\/entrenotasyacordes.com\/index.php?rest_route=\/wp\/v2\/posts\/13955","targetHints":{"allow":["GET"]}}],"collection":[{"href":"https:\/\/entrenotasyacordes.com\/index.php?rest_route=\/wp\/v2\/posts"}],"about":[{"href":"https:\/\/entrenotasyacordes.com\/index.php?rest_route=\/wp\/v2\/types\/post"}],"author":[{"embeddable":true,"href":"https:\/\/entrenotasyacordes.com\/index.php?rest_route=\/wp\/v2\/users\/5"}],"replies":[{"embeddable":true,"href":"https:\/\/entrenotasyacordes.com\/index.php?rest_route=%2Fwp%2Fv2%2Fcomments&post=13955"}],"version-history":[{"count":1,"href":"https:\/\/entrenotasyacordes.com\/index.php?rest_route=\/wp\/v2\/posts\/13955\/revisions"}],"predecessor-version":[{"id":13958,"href":"https:\/\/entrenotasyacordes.com\/index.php?rest_route=\/wp\/v2\/posts\/13955\/revisions\/13958"}],"wp:featuredmedia":[{"embeddable":true,"href":"https:\/\/entrenotasyacordes.com\/index.php?rest_route=\/wp\/v2\/media\/13956"}],"wp:attachment":[{"href":"https:\/\/entrenotasyacordes.com\/index.php?rest_route=%2Fwp%2Fv2%2Fmedia&parent=13955"}],"wp:term":[{"taxonomy":"category","embeddable":true,"href":"https:\/\/entrenotasyacordes.com\/index.php?rest_route=%2Fwp%2Fv2%2Fcategories&post=13955"},{"taxonomy":"post_tag","embeddable":true,"href":"https:\/\/entrenotasyacordes.com\/index.php?rest_route=%2Fwp%2Fv2%2Ftags&post=13955"}],"curies":[{"name":"wp","href":"https:\/\/api.w.org\/{rel}","templated":true}]}}