{"id":13959,"date":"2025-02-10T20:24:23","date_gmt":"2025-02-10T20:24:23","guid":{"rendered":"https:\/\/entrenotasyacordes.com\/?p=13959"},"modified":"2025-12-08T14:55:27","modified_gmt":"2025-12-08T14:55:27","slug":"natalia-lafourcade-presenta-su-nuevo-single-amor-clandestino","status":"publish","type":"post","link":"https:\/\/entrenotasyacordes.com\/?p=13959","title":{"rendered":"NATALIA LAFOURCADE PRESENTA SU NUEVO SINGLE \u00abAMOR CLANDESTINO\u00bb"},"content":{"rendered":"\n<!--more-->\n\n\n<div class=\"wp-block-image\">\n<figure class=\"aligncenter size-full is-resized\"><img loading=\"lazy\" decoding=\"async\" width=\"1600\" height=\"1600\" src=\"https:\/\/entrenotasyacordes.com\/wp-content\/uploads\/2025\/02\/15aaaaaaa.jpg\" alt=\"\" class=\"wp-image-13960\" style=\"width:765px;height:auto\" srcset=\"https:\/\/entrenotasyacordes.com\/wp-content\/uploads\/2025\/02\/15aaaaaaa.jpg 1600w, https:\/\/entrenotasyacordes.com\/wp-content\/uploads\/2025\/02\/15aaaaaaa-300x300.jpg 300w, https:\/\/entrenotasyacordes.com\/wp-content\/uploads\/2025\/02\/15aaaaaaa-1024x1024.jpg 1024w, https:\/\/entrenotasyacordes.com\/wp-content\/uploads\/2025\/02\/15aaaaaaa-150x150.jpg 150w, https:\/\/entrenotasyacordes.com\/wp-content\/uploads\/2025\/02\/15aaaaaaa-768x768.jpg 768w, https:\/\/entrenotasyacordes.com\/wp-content\/uploads\/2025\/02\/15aaaaaaa-1536x1536.jpg 1536w, https:\/\/entrenotasyacordes.com\/wp-content\/uploads\/2025\/02\/15aaaaaaa-50x50.jpg 50w\" sizes=\"auto, (max-width: 1600px) 100vw, 1600px\" \/><\/figure>\n<\/div>\n\n\n<p>Escuch\u00e1 el nuevo single \u00abAmor Clandestino (Ac\u00fastico)\u00bb Con La Participaci\u00f3n de Los \u00cdconos del Flamenco Israel Fernandez (Voz) Y Diego Del Morao (Guitarra).<br><br><strong>Natalia Ha Anunciado Su Gira M\u00e1s Grande Por Norteam\u00e9rica Desde 2018; &#8216;<em>Cancionera Tour<\/em>&#8216; Presentar\u00e1 Arreglos \u00cdntimos De Sus Cl\u00e1sicos As\u00ed Como M\u00fasica Nueva<\/strong>.<br><br>La aclamada artista mexicana Natalia Lafourcade (@NataliaLafourcade) ha lanzado su nuevo single \u00abAmor Clandestino (Ac\u00fastico).\u00bb Es su primer lanzamiento de m\u00fasica original desde el lanzamiento de su \u00e1lbum ganador del GRAMMY &#8216;De Todas Las Flores&#8217; en 2022.<br><br>\u00abAmor Clandestino (Ac\u00fastico)\u00bb presenta a los \u00edconos del flamenco Israel Fernandez (voz) y Diego del Morao (guitarra). \u00abQuer\u00eda invitar a dos seres a quienes admiro profundamente por su verdad, su libertad y todo lo que expresan con su arte,\u201d comparte Natalia. \u00abLa intenci\u00f3n era traer un poco de luz a los \u201camores secretos\u201d y honrar la lealtad a nosotros mismos. La experiencia de colaborar con Israel Fern\u00e1ndez y Diego del Morao es una de las cosas m\u00e1s hermosas, emocionales e inspiradoras que he experimentado en mi vida\u201d.<\/p>\n\n\n\n<p>\u201cEstamos muy felices con la canci\u00f3n que hicimos con Natalia,\u201d dice Israel. \u201cVertimos nuestros corazones en el estudio y creamos este trabajo con ella con todo nuestro amor. Estar en ese estudio fue pura dicha. Dejamos nuestros corazones ah\u00ed\u201d.<br><br>\u201cEstoy enamorado de M\u00e9xico y, por supuesto, profundamente enamorado de Natalia,\u201d dice Diego. \u201cLa sensibilidad de Natalia es pura &#8211; ella personifica a M\u00e9xico. Grabar con ella ha sido un privilegio\u201d.<br><br>\u201cAmor Clandestino (Ac\u00fastico)\u201d fue grabado en una sola toma en cinta an\u00e1loga en 5020 MX | Sony Music Studios en la Ciudad de M\u00e9xico. \u00abEsta canci\u00f3n\u00a0 lleg\u00f3 a m\u00ed en un sue\u00f1o mientras viajaba por Espa\u00f1a, en Jerez de la Frontera,\u00bb Natalia recuerda. \u00abSe manifest\u00f3 de esa manera, con un mensaje muy claro de que debemos cuidar el amor\u2026El amor es la cosa m\u00e1s preciada y valiosa que tenemos como seres humanos, y me hizo pensar en el n\u00famero de personas en el mundo que han vivido el amor en secreto con la imposibilidad de amar libremente. Hasta que la gente aprenda a amar libre y abiertamente, seguiremos sufriendo mucho en este mundo\u201d.<\/p>\n\n\n\n<p>Ayer, Natalia anunci\u00f3 las fechas en Estados Unidos de su &#8216;Cancionera Tour,&#8217; su recorrido m\u00e1s grande por Norteam\u00e9rica desde el 2018. La gira iniciar\u00e1 el 24 de abril en su natal Xalapa, M\u00e9xico. Est\u00e1 planeado que tenga presentaciones en varios de los m\u00e1s hermosos auditorios a lo largo de Estados Unidos incluyendo el Chicago Theatre, Kennedy Center (DC), Paramount Theatre (Seattle) entre otros.<br><br>Natalia estar\u00e1 estrenando un nuevo espect\u00e1culo con arreglos \u00edntimos al reinterpretar sus cl\u00e1sicos \u00e9xitos e introducir nuevas canciones. \u00abHe estado so\u00f1ando por un tiempo con regresar al escenario de una manera diferente, quiz\u00e1 de manera m\u00e1s \u00edntima o m\u00e1s cercana a mi p\u00fablico,\u201d dice ella. \u201cMi deseo es compartir la intimidad que experiment\u00f3 con mis canciones en mi habitaci\u00f3n. En mi casa, en mi universo personal, o en mi propia imaginaci\u00f3n\u201d.<\/p>\n\n\n\n<p>En Diciembre, Natalia lanz\u00f3 &#8216;Live At Carnegie Hall.&#8217; El \u00e1lbum fue grabado en el legendario recinto de la ciudad de Nueva York el 27 de octubre de 2022. Incluye colaboraciones con artistas ic\u00f3nicos como David Byrne, Jorge Drexler y Omara Portuondo. El concierto fue la primera presentaci\u00f3n en vivo del \u00e1lbum &#8216;De TodasLas Flores&#8217; el cual result\u00f3 ganador de un GRAMMY y tres Latin GRAMMYs. Adem\u00e1s, con la gira De Todas Las Flores, se present\u00f3 en escenarios a lo largo de M\u00e9xico, Estados Unidos, Canad\u00e1, Latinoam\u00e9rica, Espa\u00f1a y Francia.<\/p>\n\n\n\n<p class=\"has-text-align-center\"><strong><u>NATALIA LAFOURCADE &#8211; CANCIONERA TOUR<\/u><\/strong><br>Abril 23 &#8211; Teatro del Estado &#8211; Xalapa<br>Abril 24 &#8211; Teatro del Estado &#8211; Xalapa (SOLD OUT)<br>Abril 26 &#8211; Auditorio Citi Banamex &#8211; Monterrey Abril 30 &#8211; Auditorio Josefa Ortiz &#8211; Quer\u00e9taro <br>Mayo 2 &#8211; Teatro Metropolitan &#8211; CDMX (SOLD OUT) <br>Mayo 4 &#8211; Auditorio Telmex &#8211; Guadalajara<br>Mayo 8 &#8211; Teatro Morelos &#8211; Toluca<br>Mayo 10 &#8211; Audiorama el Trompo &#8211; Tijuana Mayo <br>15 &#8211; Auditorio CCU (BUAP) &#8211; Puebla <br>Mayo 17 &#8211; Foro GNP &#8211; M\u00e9rida<br>Mayo 30 &#8211; Margot and Bill Winspear Opera House &#8211; Dallas <br>Junio 03 &#8211; McAllen Performing Arts Center &#8211; McAllen<br>Junio 05 &#8211; Austin City Limits Live at The Moody Theater &#8211; Austin <br>Junio 07 &#8211; The Hobby Center for the Performing Arts &#8211; Houston Junio 10 &#8211; Paramount Theatre &#8211; Denver<br>Junio 12 &#8211; Kauffman Center for the Performing Arts &#8211; Kansas City <br>Junio 14 &#8211; Chicago Theatre &#8211; Chicago<br>Junio 19 &#8211; NJPAC &#8211; North to Shore Festival &#8211; Newark <br>Junio 21 &#8211; The Shubert Theatre &#8211; Boston<br>Junio 26 &#8211; Montr\u00e9al International Jazz Festival &#8211; Montreal <br>Septiembre 9 &#8211; Auditorio Nacional &#8211; Mexico City<br>Septiembre 11 &#8211; Auditorio Nacional &#8211; Mexico City (SOLD OUT) Septiembre 13 &#8211; The Smith Center &#8211; Las Vegas<br>Septiembre 20 &#8211; San Jose Civic &#8211; San Jos\u00e9 <br>Septiembre 25 &#8211; Paramount Theatre &#8211; Seattle <br>Octubre 17 &#8211; The Kennedy Center &#8211; Washington DC <br>Octubre 19 &#8211; Tabernacle &#8211; Atlanta<br>Octubre 23 &#8211; Dr Phillips Center for the Performing Arts &#8211; Orlando <br>Octubre 25 &#8211; Adrienne Arsht Center for the Performing Arts &#8211; Miami<\/p>\n","protected":false},"excerpt":{"rendered":"","protected":false},"author":5,"featured_media":13960,"comment_status":"closed","ping_status":"open","sticky":false,"template":"","format":"standard","meta":{"om_disable_all_campaigns":false,"_uf_show_specific_survey":0,"_uf_disable_surveys":false,"footnotes":""},"categories":[4],"tags":[],"class_list":["post-13959","post","type-post","status-publish","format-standard","has-post-thumbnail","hentry","category-musica"],"_links":{"self":[{"href":"https:\/\/entrenotasyacordes.com\/index.php?rest_route=\/wp\/v2\/posts\/13959","targetHints":{"allow":["GET"]}}],"collection":[{"href":"https:\/\/entrenotasyacordes.com\/index.php?rest_route=\/wp\/v2\/posts"}],"about":[{"href":"https:\/\/entrenotasyacordes.com\/index.php?rest_route=\/wp\/v2\/types\/post"}],"author":[{"embeddable":true,"href":"https:\/\/entrenotasyacordes.com\/index.php?rest_route=\/wp\/v2\/users\/5"}],"replies":[{"embeddable":true,"href":"https:\/\/entrenotasyacordes.com\/index.php?rest_route=%2Fwp%2Fv2%2Fcomments&post=13959"}],"version-history":[{"count":1,"href":"https:\/\/entrenotasyacordes.com\/index.php?rest_route=\/wp\/v2\/posts\/13959\/revisions"}],"predecessor-version":[{"id":13961,"href":"https:\/\/entrenotasyacordes.com\/index.php?rest_route=\/wp\/v2\/posts\/13959\/revisions\/13961"}],"wp:featuredmedia":[{"embeddable":true,"href":"https:\/\/entrenotasyacordes.com\/index.php?rest_route=\/wp\/v2\/media\/13960"}],"wp:attachment":[{"href":"https:\/\/entrenotasyacordes.com\/index.php?rest_route=%2Fwp%2Fv2%2Fmedia&parent=13959"}],"wp:term":[{"taxonomy":"category","embeddable":true,"href":"https:\/\/entrenotasyacordes.com\/index.php?rest_route=%2Fwp%2Fv2%2Fcategories&post=13959"},{"taxonomy":"post_tag","embeddable":true,"href":"https:\/\/entrenotasyacordes.com\/index.php?rest_route=%2Fwp%2Fv2%2Ftags&post=13959"}],"curies":[{"name":"wp","href":"https:\/\/api.w.org\/{rel}","templated":true}]}}