{"id":13991,"date":"2025-02-18T18:40:15","date_gmt":"2025-02-18T18:40:15","guid":{"rendered":"https:\/\/entrenotasyacordes.com\/?p=13991"},"modified":"2025-12-08T14:55:27","modified_gmt":"2025-12-08T14:55:27","slug":"el-gran-folklorazo-llega-a-buenos-aires-el-22-de-marzo-en-tecnopolis","status":"publish","type":"post","link":"https:\/\/entrenotasyacordes.com\/?p=13991","title":{"rendered":"El Gran Folklorazo llega a Buenos Aires el 22 de marzo en Tecn\u00f3polis"},"content":{"rendered":"\n<!--more-->\n\n\n<div class=\"wp-block-image\">\n<figure class=\"aligncenter size-full is-resized\"><img loading=\"lazy\" decoding=\"async\" width=\"891\" height=\"468\" src=\"https:\/\/entrenotasyacordes.com\/wp-content\/uploads\/2025\/02\/16aa.jpg\" alt=\"\" class=\"wp-image-13992\" style=\"width:599px;height:auto\" srcset=\"https:\/\/entrenotasyacordes.com\/wp-content\/uploads\/2025\/02\/16aa.jpg 891w, https:\/\/entrenotasyacordes.com\/wp-content\/uploads\/2025\/02\/16aa-300x158.jpg 300w, https:\/\/entrenotasyacordes.com\/wp-content\/uploads\/2025\/02\/16aa-768x403.jpg 768w\" sizes=\"auto, (max-width: 891px) 100vw, 891px\" \/><\/figure>\n<\/div>\n\n\n<p class=\"has-text-align-center\"><strong>PRIMERA EDICI\u00d3N<\/strong><br><strong>S\u00c1BADO 22 MARZO- \u00a0ESTADIO TECN\u00d3POLIS<\/strong><br><strong>\ud83c\udf9f\ufe0f\u00a0Entradas a la venta:<\/strong>\u00a0<strong><a href=\"https:\/\/mkprensa.mailrelay-iv.es\/c\/398vep\/laftw07i\/zrjazb4nrv4\">TUENTRADA.COM<\/a><\/strong><\/p>\n\n\n\n<p><strong>Garzia Group<\/strong>&nbsp;y&nbsp;<strong>&nbsp;Latinmolgroup<\/strong>&nbsp;se unen para presentar la primera edici\u00f3n de El Gran Folklorazo, un evento \u00fanico que marcar\u00e1 un antes y un despu\u00e9s en el panorama del folclore argentino. La cita es el&nbsp;<strong>s\u00e1bado 22 de marzo, en el Estadio Tecn\u00f3polis<\/strong>, donde la m\u00fasica y la danza se entrelazan a puro ritmo y tradici\u00f3n.<\/p>\n\n\n\n<p>Este festival promete convertirse en un cl\u00e1sico de los veranos porte\u00f1os, reuniendo a distintas generaciones en una noche inolvidable de cultura y pasi\u00f3n. Con un inicio programado para las&nbsp;<strong>18:00 hs<\/strong>, El&nbsp;<strong>Gran Folklorazo<\/strong>&nbsp;ser\u00e1 el epicentro de la m\u00fasica folcl\u00f3rica nacional hasta la medianoche, creando un espacio para bailar, disfrutar y compartir la riqueza de nuestras ra\u00edces.<\/p>\n\n\n\n<p>En esta primera edici\u00f3n, grandes figuras del folclore se dar\u00e1n cita para brindar espect\u00e1culos llenos de talento y emoci\u00f3n. Entre los nombres confirmados se encuentran:<\/p>\n\n\n\n<ul class=\"wp-block-list\">\n<li>\u00a0<strong>Chaque\u00f1o Palavecino,<\/strong>\u00a0el reconocido cantor popular que presenta su nuevo \u00e1lbum \u201cQui\u00e9n me quita lo cantado\u201d, un homenaje a la geograf\u00eda musical argentina.<\/li>\n\n\n\n<li>\u00a0<strong>Los Nocheros,\u00a0<\/strong>la emblem\u00e1tica agrupaci\u00f3n salte\u00f1a que, con su inconfundible estilo rom\u00e1ntico y armon\u00edas \u00fanicas, sigue conquistando corazones en todo el pa\u00eds.<\/li>\n\n\n\n<li>\u00a0<strong>Los Alonsitos,<\/strong>\u00a0\u00edconos del chamam\u00e9 con 39 a\u00f1os de trayectoria, conocidos por su energ\u00eda y su emblem\u00e1tico \u00abSapukay\u00bb.<\/li>\n\n\n\n<li>\u00a0<strong>Los Caldenes,<\/strong>\u00a0la banda m\u00e1s importante de La Pampa, celebra 35 a\u00f1os de carrera llevando su m\u00fasica a todo el pa\u00eds.<\/li>\n<\/ul>\n\n\n\n<p>Adem\u00e1s, se sumar\u00e1n otras destacadas figuras de la m\u00fasica popular, completando un line-up que promete emocionar y celebrar la riqueza de nuestro folclore.<\/p>\n\n\n\n<p>Los tickets ya est\u00e1n a la venta a trav\u00e9s de&nbsp;<strong><a href=\"https:\/\/tuentrada.com\/\">Tuentrada.com<\/a><\/strong>&nbsp;con precios que var\u00edan seg\u00fan el sector. \u00a1No te quedes sin tu lugar en esta fiesta \u00fanica!<\/p>\n\n\n<div class=\"wp-block-image\">\n<figure class=\"aligncenter size-full is-resized\"><img loading=\"lazy\" decoding=\"async\" width=\"1081\" height=\"1080\" src=\"https:\/\/entrenotasyacordes.com\/wp-content\/uploads\/2025\/02\/16aaa.png\" alt=\"\" class=\"wp-image-13993\" style=\"width:599px;height:auto\" srcset=\"https:\/\/entrenotasyacordes.com\/wp-content\/uploads\/2025\/02\/16aaa.png 1081w, https:\/\/entrenotasyacordes.com\/wp-content\/uploads\/2025\/02\/16aaa-300x300.png 300w, https:\/\/entrenotasyacordes.com\/wp-content\/uploads\/2025\/02\/16aaa-1024x1023.png 1024w, https:\/\/entrenotasyacordes.com\/wp-content\/uploads\/2025\/02\/16aaa-150x150.png 150w, https:\/\/entrenotasyacordes.com\/wp-content\/uploads\/2025\/02\/16aaa-768x767.png 768w, https:\/\/entrenotasyacordes.com\/wp-content\/uploads\/2025\/02\/16aaa-50x50.png 50w\" sizes=\"auto, (max-width: 1081px) 100vw, 1081px\" \/><\/figure>\n<\/div>\n\n\n<p class=\"has-text-align-left\"><strong>El Gran Folklorazo<\/strong>&nbsp;llega para dejar huella como el evento que une generaciones en torno al folclore, marcando el comienzo de una tradici\u00f3n que celebra el amor y la m\u00fasica en un solo lugar. \u00a1No te lo pierdas!<\/p>\n\n\n\n<p class=\"has-text-align-left\"><\/p>\n","protected":false},"excerpt":{"rendered":"","protected":false},"author":5,"featured_media":13992,"comment_status":"closed","ping_status":"open","sticky":false,"template":"","format":"standard","meta":{"om_disable_all_campaigns":false,"_uf_show_specific_survey":0,"_uf_disable_surveys":false,"footnotes":""},"categories":[36],"tags":[],"class_list":["post-13991","post","type-post","status-publish","format-standard","has-post-thumbnail","hentry","category-conciertos"],"_links":{"self":[{"href":"https:\/\/entrenotasyacordes.com\/index.php?rest_route=\/wp\/v2\/posts\/13991","targetHints":{"allow":["GET"]}}],"collection":[{"href":"https:\/\/entrenotasyacordes.com\/index.php?rest_route=\/wp\/v2\/posts"}],"about":[{"href":"https:\/\/entrenotasyacordes.com\/index.php?rest_route=\/wp\/v2\/types\/post"}],"author":[{"embeddable":true,"href":"https:\/\/entrenotasyacordes.com\/index.php?rest_route=\/wp\/v2\/users\/5"}],"replies":[{"embeddable":true,"href":"https:\/\/entrenotasyacordes.com\/index.php?rest_route=%2Fwp%2Fv2%2Fcomments&post=13991"}],"version-history":[{"count":1,"href":"https:\/\/entrenotasyacordes.com\/index.php?rest_route=\/wp\/v2\/posts\/13991\/revisions"}],"predecessor-version":[{"id":13994,"href":"https:\/\/entrenotasyacordes.com\/index.php?rest_route=\/wp\/v2\/posts\/13991\/revisions\/13994"}],"wp:featuredmedia":[{"embeddable":true,"href":"https:\/\/entrenotasyacordes.com\/index.php?rest_route=\/wp\/v2\/media\/13992"}],"wp:attachment":[{"href":"https:\/\/entrenotasyacordes.com\/index.php?rest_route=%2Fwp%2Fv2%2Fmedia&parent=13991"}],"wp:term":[{"taxonomy":"category","embeddable":true,"href":"https:\/\/entrenotasyacordes.com\/index.php?rest_route=%2Fwp%2Fv2%2Fcategories&post=13991"},{"taxonomy":"post_tag","embeddable":true,"href":"https:\/\/entrenotasyacordes.com\/index.php?rest_route=%2Fwp%2Fv2%2Ftags&post=13991"}],"curies":[{"name":"wp","href":"https:\/\/api.w.org\/{rel}","templated":true}]}}