{"id":13999,"date":"2025-02-18T18:51:12","date_gmt":"2025-02-18T18:51:12","guid":{"rendered":"https:\/\/entrenotasyacordes.com\/?p=13999"},"modified":"2025-12-08T14:55:27","modified_gmt":"2025-12-08T14:55:27","slug":"soledad-festeja-sus-30-anos-de-trayectoria-5-de-abril-teatro-gran-rex","status":"publish","type":"post","link":"https:\/\/entrenotasyacordes.com\/?p=13999","title":{"rendered":"\u00a1Soledad festeja sus 30 a\u00f1os de trayectoria! | 5 de abril &#8211; Teatro Gran Rex"},"content":{"rendered":"\n<!--more-->\n\n\n\n<p class=\"has-text-align-left\">Luego de un 2024 colmado de importantes hitos \u2014lanz\u00f3 Que Sea Con Suerte, que re\u00fane y reversiona sus m\u00e1s grandes \u00e9xitos, y Ra\u00edz, Nunca Me Fui, su \u00e1lbum en colaboraci\u00f3n con Lila Downs y Ni\u00f1a Pastori que gan\u00f3 el Latin Grammy a \u201cMejor \u00c1lbum Folcl\u00f3rico\u201d\u2014, Soledad inicia el recorrido del festejo hacia sus 30 a\u00f1os de carrera con un show \u00fanico en el Teatro Gran Rex.<\/p>\n\n\n\n<p class=\"has-text-align-center\"><strong>5 DE ABRIL | TEATRO GRAN REX<\/strong><\/p>\n\n\n\n<p><strong>\u00a1La espera termin\u00f3!<\/strong>\u00a0Soledad, la artista que ha marcado un antes y un despu\u00e9s en la historia de la m\u00fasica argentina, se prepara para ofrecer un espect\u00e1culo sin precedentes en el que celebrar\u00e1 sus canciones junto con el amor de sus fans y la inquebrantable pasi\u00f3n con la que lleva el folklore argentino a cada rinc\u00f3n del mundo.<\/p>\n\n\n\n<p>Con producci\u00f3n de\u00a0<strong>DF Entertainment<\/strong>, el encuentro se dar\u00e1 el\u00a0<strong>5 de abril en el Teatro Gran Rex<\/strong>, lugar emblem\u00e1tico en su carrera donde dio sus primeros shows en la Ciudad de Buenos Aires luego de conquistar el Festival de Cosqu\u00edn en 1996, alcanzando el r\u00e9cord hist\u00f3rico de 30 funciones. Las\u00a0<strong>entradas\u00a0<\/strong>para esta cita estar\u00e1n disponibles a trav\u00e9s de\u00a0<a href=\"https:\/\/instagramc.tr.pemsv30.net\/c\/eyJhIjoiaW5zdGFncmFtYyIsIm0iOiJtYWlsX2NtNzNsZjJ1aGxjd2MwOTU0eWF2d2liOTAiLCJsIjoibGlua19hY2I4MzhlMTIzNGQzYzNmYmE3NTlhZDM4YWVkZmZlYTJmNDAzOTMxXzVjNTk1OSIsImkiOltdLCJ1IjoiaHR0cHM6Ly93d3cudHVlbnRyYWRhLmNvbS8_dXRtX3NvdXJjZT1wZXJmaXQmdXRtX21lZGl1bT1lbWFpbCZ1dG1fY2FtcGFpZ249U09MRURBRCUyMCU3QyUyMEFOVU5DSU8iLCJjIjoiIiwiaCI6IjA3ZmZjNyJ9\" target=\"_blank\" rel=\"noreferrer noopener\">Tu Entrada<\/a>\u00a0desde el 14 de febrero para clientes Santander American Express, o en la venta general con cualquier m\u00e9todo de pago el lunes 17 de febrero, en ambos casos a partir de las 10 a.m.<\/p>\n\n\n\n<p>La banda festej\u00f3\u00a0sus 35 a\u00f1os de carrera en noviembre de 2023 ante un Luna Park repleto\u00a0y con Billy Gibbons (ZZ top) como invitado especial, este show\u00a0qued\u00f3 plasmado en el\u00a0\u00e1lbum \u00bb Siete hombres\u00a0 &#8211; Una noche\u00bb el cual vio la luz en 2024.<\/p>\n\n\n\n<p>Con casi tres d\u00e9cadas de trayectoria, Soledad ha conquistado no solo el coraz\u00f3n de su pa\u00eds, sino tambi\u00e9n el de miles de fans internacionales que han vibrado con su m\u00fasica \u00fanica.&nbsp;<strong>Su potente voz, su talento como compositora y su capacidad para innovar dentro del g\u00e9nero<\/strong>&nbsp;la han consolidado como una de las artistas m\u00e1s influyentes y queridas de la escena musical. En cada una de sus presentaciones, Soledad no solo canta: transmite emociones profundas, conecta con su p\u00fablico y deja una huella imborrable.<\/p>\n\n\n\n<p>Soledad presentar\u00e1 su nuevo \u00e1lbum \u201c<strong>Que Sea Con Suerte<\/strong>\u201d, su \u00faltimo proyecto discogr\u00e1fico en el que reinterpreta sus hits m\u00e1s ic\u00f3nicos y rinde homenaje a las canciones que atravesaron a generaciones y consolidaron a Soledad como una estrella de la m\u00fasica popular argentina.<br>Las frases \u201cQue sea con suerte\u201d y \u201cSimplemente Soledad\u201d tienen un significado muy especial ya que fueron las utilizadas por el hist\u00f3rico conductor de Cosqu\u00edn, Julio Mah\u00e1rbiz, justo antes de su legendaria presentaci\u00f3n en el escenario cordob\u00e9s que la lanz\u00f3 al estrellato con solo 16 a\u00f1os.<\/p>\n","protected":false},"excerpt":{"rendered":"","protected":false},"author":5,"featured_media":14000,"comment_status":"closed","ping_status":"open","sticky":false,"template":"","format":"standard","meta":{"om_disable_all_campaigns":false,"_uf_show_specific_survey":0,"_uf_disable_surveys":false,"footnotes":""},"categories":[36],"tags":[],"class_list":["post-13999","post","type-post","status-publish","format-standard","has-post-thumbnail","hentry","category-conciertos"],"_links":{"self":[{"href":"https:\/\/entrenotasyacordes.com\/index.php?rest_route=\/wp\/v2\/posts\/13999","targetHints":{"allow":["GET"]}}],"collection":[{"href":"https:\/\/entrenotasyacordes.com\/index.php?rest_route=\/wp\/v2\/posts"}],"about":[{"href":"https:\/\/entrenotasyacordes.com\/index.php?rest_route=\/wp\/v2\/types\/post"}],"author":[{"embeddable":true,"href":"https:\/\/entrenotasyacordes.com\/index.php?rest_route=\/wp\/v2\/users\/5"}],"replies":[{"embeddable":true,"href":"https:\/\/entrenotasyacordes.com\/index.php?rest_route=%2Fwp%2Fv2%2Fcomments&post=13999"}],"version-history":[{"count":1,"href":"https:\/\/entrenotasyacordes.com\/index.php?rest_route=\/wp\/v2\/posts\/13999\/revisions"}],"predecessor-version":[{"id":14001,"href":"https:\/\/entrenotasyacordes.com\/index.php?rest_route=\/wp\/v2\/posts\/13999\/revisions\/14001"}],"wp:featuredmedia":[{"embeddable":true,"href":"https:\/\/entrenotasyacordes.com\/index.php?rest_route=\/wp\/v2\/media\/14000"}],"wp:attachment":[{"href":"https:\/\/entrenotasyacordes.com\/index.php?rest_route=%2Fwp%2Fv2%2Fmedia&parent=13999"}],"wp:term":[{"taxonomy":"category","embeddable":true,"href":"https:\/\/entrenotasyacordes.com\/index.php?rest_route=%2Fwp%2Fv2%2Fcategories&post=13999"},{"taxonomy":"post_tag","embeddable":true,"href":"https:\/\/entrenotasyacordes.com\/index.php?rest_route=%2Fwp%2Fv2%2Ftags&post=13999"}],"curies":[{"name":"wp","href":"https:\/\/api.w.org\/{rel}","templated":true}]}}