{"id":14002,"date":"2025-02-18T19:18:30","date_gmt":"2025-02-18T19:18:30","guid":{"rendered":"https:\/\/entrenotasyacordes.com\/?p=14002"},"modified":"2025-12-08T14:55:27","modified_gmt":"2025-12-08T14:55:27","slug":"festival-buena-vibra-la-edicion-mas-esperada-del-festival-llega-con-un-regreso-historico-y","status":"publish","type":"post","link":"https:\/\/entrenotasyacordes.com\/?p=14002","title":{"rendered":"FESTIVAL BUENA VIBRA!- La edici\u00f3n m\u00e1s esperada del festival llega con un regreso hist\u00f3rico y\u00a0"},"content":{"rendered":"\n<!--more-->\n\n\n<div class=\"wp-block-image\">\n<figure class=\"aligncenter size-full is-resized\"><img loading=\"lazy\" decoding=\"async\" width=\"2560\" height=\"2560\" src=\"https:\/\/entrenotasyacordes.com\/wp-content\/uploads\/2025\/01\/8a-scaled.jpg\" alt=\"\" class=\"wp-image-13352\" style=\"width:599px;height:auto\" srcset=\"https:\/\/entrenotasyacordes.com\/wp-content\/uploads\/2025\/01\/8a-scaled.jpg 2560w, https:\/\/entrenotasyacordes.com\/wp-content\/uploads\/2025\/01\/8a-300x300.jpg 300w, https:\/\/entrenotasyacordes.com\/wp-content\/uploads\/2025\/01\/8a-1024x1024.jpg 1024w, https:\/\/entrenotasyacordes.com\/wp-content\/uploads\/2025\/01\/8a-150x150.jpg 150w, https:\/\/entrenotasyacordes.com\/wp-content\/uploads\/2025\/01\/8a-768x768.jpg 768w, https:\/\/entrenotasyacordes.com\/wp-content\/uploads\/2025\/01\/8a-1536x1536.jpg 1536w, https:\/\/entrenotasyacordes.com\/wp-content\/uploads\/2025\/01\/8a-2048x2048.jpg 2048w, https:\/\/entrenotasyacordes.com\/wp-content\/uploads\/2025\/01\/8a-50x50.jpg 50w\" sizes=\"auto, (max-width: 2560px) 100vw, 2560px\" \/><\/figure>\n<\/div>\n\n\n<p class=\"has-text-align-left\">El Festival Buena Vibra tiene el orgullo de presentar por \u00fanica vez ILLYA KURYAKI &amp; THE VALDERRAMAS.<\/p>\n\n\n\n<p>La hist\u00f3rica banda liderada por Dante Spinetta y Emmanuel Horvilleur vuelve a los escenarios por una noche luego de 7 a\u00f1os para brindar un show como sus fans ven\u00edan esperando. Dar\u00e1n un \u00fanico show dentro del marco del festival que ya se convirti\u00f3 en un cl\u00e1sico del verano en Buenos Aires. La cita ser\u00e1 el 22 de febrero en Ciudad Universitaria de la UBA.<\/p>\n\n\n\n<p class=\"has-text-align-left\">Con un line-up que combina artistas consagrados y talentos emergentes, escenarios impactantes y una atm\u00f3sfera \u00fanica, el Buena Vibra es m\u00e1s que un festival: es una comunidad que sigue creciendo, evolucionando y manteniendo viva esa esencia indie que la caracteriza. Este a\u00f1o viene cargado de momentos inolvidables y la buena energ\u00eda de siempre.<\/p>\n\n\n<div class=\"wp-block-image\">\n<figure class=\"aligncenter size-full is-resized\"><img loading=\"lazy\" decoding=\"async\" width=\"982\" height=\"638\" src=\"https:\/\/entrenotasyacordes.com\/wp-content\/uploads\/2025\/01\/8aa.png\" alt=\"\" class=\"wp-image-13353\" style=\"width:599px;height:auto\" srcset=\"https:\/\/entrenotasyacordes.com\/wp-content\/uploads\/2025\/01\/8aa.png 982w, https:\/\/entrenotasyacordes.com\/wp-content\/uploads\/2025\/01\/8aa-300x195.png 300w, https:\/\/entrenotasyacordes.com\/wp-content\/uploads\/2025\/01\/8aa-768x499.png 768w\" sizes=\"auto, (max-width: 982px) 100vw, 982px\" \/><\/figure>\n<\/div>\n\n\n<p>Adem\u00e1s, en el contexto de los incendios que est\u00e1n ocurriendo en el sur del pa\u00eds, Fundaci\u00f3n S\u00ed estar\u00e1 recaudando fondos para ayudar a las familias afectadas. Durante el festival, entre show y show,\u00a0<strong>se proyectar\u00e1n c\u00f3digos QR en pantalla<\/strong>\u00a0para que el p\u00fablico pueda colaborar directamente. Tambi\u00e9n, quienes deseen donar desde ahora pueden hacerlo a trav\u00e9s de la web\u00a0<a href=\"https:\/\/mariapeluffo.tr.pemsv11.net\/c\/eyJhIjoibWFyaWFwZWx1ZmZvIiwibSI6Im1haWxfY203M20zbTR2azU3ZDA4MDhmZ2Y1bDAzaiIsImwiOiJsaW5rXzI4ZjliMmVmYjZhYTEwNWU2Njg1ZDNmN2E4MzlmYjJjNzI4M2M3YjRfZDk5MTc0IiwiaSI6W10sInUiOiJodHRwczovL2Z1bmRhY2lvbnNpLm9yZy5hci8_dXRtX3NvdXJjZT1wZXJmaXQmdXRtX21lZGl1bT1lbWFpbCZ1dG1fY2FtcGFpZ249RkVTVElWQUwlMjBCVUVOQSUyMFZJQlJBIiwiYyI6IiIsImgiOiJmMzZmZDEifQ\">fundacionsi.org.ar.<\/a>\u00a0Todo lo recaudado ser\u00e1 destinado a colaborar con las necesidades relevadas en las zonas afectadas.<\/p>\n","protected":false},"excerpt":{"rendered":"","protected":false},"author":5,"featured_media":13352,"comment_status":"closed","ping_status":"open","sticky":false,"template":"","format":"standard","meta":{"om_disable_all_campaigns":false,"_uf_show_specific_survey":0,"_uf_disable_surveys":false,"footnotes":""},"categories":[36],"tags":[],"class_list":["post-14002","post","type-post","status-publish","format-standard","has-post-thumbnail","hentry","category-conciertos"],"_links":{"self":[{"href":"https:\/\/entrenotasyacordes.com\/index.php?rest_route=\/wp\/v2\/posts\/14002","targetHints":{"allow":["GET"]}}],"collection":[{"href":"https:\/\/entrenotasyacordes.com\/index.php?rest_route=\/wp\/v2\/posts"}],"about":[{"href":"https:\/\/entrenotasyacordes.com\/index.php?rest_route=\/wp\/v2\/types\/post"}],"author":[{"embeddable":true,"href":"https:\/\/entrenotasyacordes.com\/index.php?rest_route=\/wp\/v2\/users\/5"}],"replies":[{"embeddable":true,"href":"https:\/\/entrenotasyacordes.com\/index.php?rest_route=%2Fwp%2Fv2%2Fcomments&post=14002"}],"version-history":[{"count":1,"href":"https:\/\/entrenotasyacordes.com\/index.php?rest_route=\/wp\/v2\/posts\/14002\/revisions"}],"predecessor-version":[{"id":14003,"href":"https:\/\/entrenotasyacordes.com\/index.php?rest_route=\/wp\/v2\/posts\/14002\/revisions\/14003"}],"wp:featuredmedia":[{"embeddable":true,"href":"https:\/\/entrenotasyacordes.com\/index.php?rest_route=\/wp\/v2\/media\/13352"}],"wp:attachment":[{"href":"https:\/\/entrenotasyacordes.com\/index.php?rest_route=%2Fwp%2Fv2%2Fmedia&parent=14002"}],"wp:term":[{"taxonomy":"category","embeddable":true,"href":"https:\/\/entrenotasyacordes.com\/index.php?rest_route=%2Fwp%2Fv2%2Fcategories&post=14002"},{"taxonomy":"post_tag","embeddable":true,"href":"https:\/\/entrenotasyacordes.com\/index.php?rest_route=%2Fwp%2Fv2%2Ftags&post=14002"}],"curies":[{"name":"wp","href":"https:\/\/api.w.org\/{rel}","templated":true}]}}