{"id":14004,"date":"2025-02-18T19:24:54","date_gmt":"2025-02-18T19:24:54","guid":{"rendered":"https:\/\/entrenotasyacordes.com\/?p=14004"},"modified":"2025-12-08T14:55:27","modified_gmt":"2025-12-08T14:55:27","slug":"jerry-rivera-llega-a-argentina","status":"publish","type":"post","link":"https:\/\/entrenotasyacordes.com\/?p=14004","title":{"rendered":"\u00a0\u00a1JERRY RIVERA\u00a0LLEGA A ARGENTINA!"},"content":{"rendered":"\n<!--more-->\n\n\n\n<p class=\"has-text-align-center\"><strong>23 DE MARZO &#8211; TEATRO GRAN REX DE BUENOS AIRES!<\/strong><br>\u201cMI TRAYECTORIA\u201d TOUR<\/p>\n\n\n\n<figure class=\"wp-block-image size-large\"><img loading=\"lazy\" decoding=\"async\" width=\"1024\" height=\"730\" src=\"https:\/\/entrenotasyacordes.com\/wp-content\/uploads\/2025\/02\/16bb-1024x730.jpg\" alt=\"\" class=\"wp-image-14005\" srcset=\"https:\/\/entrenotasyacordes.com\/wp-content\/uploads\/2025\/02\/16bb-1024x730.jpg 1024w, https:\/\/entrenotasyacordes.com\/wp-content\/uploads\/2025\/02\/16bb-300x214.jpg 300w, https:\/\/entrenotasyacordes.com\/wp-content\/uploads\/2025\/02\/16bb-768x547.jpg 768w, https:\/\/entrenotasyacordes.com\/wp-content\/uploads\/2025\/02\/16bb-1536x1095.jpg 1536w, https:\/\/entrenotasyacordes.com\/wp-content\/uploads\/2025\/02\/16bb-2048x1460.jpg 2048w\" sizes=\"auto, (max-width: 1024px) 100vw, 1024px\" \/><\/figure>\n\n\n\n<p><strong>Jerry Rivera<\/strong>&nbsp;llega a Buenos Aires y se presentar\u00e1 en el Teatro Gran Rex el pr\u00f3ximo 23 de marzo con un concierto ideal para los fan\u00e1ticos del g\u00e9nero y que ser\u00e1 adem\u00e1s un repaso a m\u00e1s de tres d\u00e9cadas de carrera.<\/p>\n\n\n\n<p>Rivera, conocido como<strong>\u00a0\u00abEl ni\u00f1o bonito de la salsa\u00bb,<\/strong>\u00a0inici\u00f3 su carrera cuando era apenas un adolescente y triunf\u00f3 en la primera mitad de la d\u00e9cada de 1990, con discos como Abriendo puertas y Cuenta conmigo que impulsaron su crecimiento en Am\u00e9rica Latina.<\/p>\n\n\n\n<p>Tiene un repertorio de salsa rom\u00e1ntica que incluye cl\u00e1sicos como \u00abDime\u00bb, \u00abQu\u00e9 hay de malo\u00bb, \u00abCuenta conmigo\u00bb, \u00abCara de ni\u00f1o\u00bb y la mencionada \u00abAmores como el nuestro\u00bb.<\/p>\n\n\n\n<p>Las entradas para su recital, que lleva el nombre de Mi trayectoria est\u00e1n a la venta en las boleter\u00edas del teatro en Av Corrientes 857. CABA Boleter\u00eda: lunes a s\u00e1bado de 12:00 a 18:00hs. Feriados Cerrado. Y de forma virtual en: <a href=\"https:\/\/www.tuentrada.com\">https:\/\/www.tuentrada.com<\/a><\/p>\n","protected":false},"excerpt":{"rendered":"","protected":false},"author":5,"featured_media":14006,"comment_status":"closed","ping_status":"open","sticky":false,"template":"","format":"standard","meta":{"om_disable_all_campaigns":false,"_uf_show_specific_survey":0,"_uf_disable_surveys":false,"footnotes":""},"categories":[36],"tags":[],"class_list":["post-14004","post","type-post","status-publish","format-standard","has-post-thumbnail","hentry","category-conciertos"],"_links":{"self":[{"href":"https:\/\/entrenotasyacordes.com\/index.php?rest_route=\/wp\/v2\/posts\/14004","targetHints":{"allow":["GET"]}}],"collection":[{"href":"https:\/\/entrenotasyacordes.com\/index.php?rest_route=\/wp\/v2\/posts"}],"about":[{"href":"https:\/\/entrenotasyacordes.com\/index.php?rest_route=\/wp\/v2\/types\/post"}],"author":[{"embeddable":true,"href":"https:\/\/entrenotasyacordes.com\/index.php?rest_route=\/wp\/v2\/users\/5"}],"replies":[{"embeddable":true,"href":"https:\/\/entrenotasyacordes.com\/index.php?rest_route=%2Fwp%2Fv2%2Fcomments&post=14004"}],"version-history":[{"count":1,"href":"https:\/\/entrenotasyacordes.com\/index.php?rest_route=\/wp\/v2\/posts\/14004\/revisions"}],"predecessor-version":[{"id":14007,"href":"https:\/\/entrenotasyacordes.com\/index.php?rest_route=\/wp\/v2\/posts\/14004\/revisions\/14007"}],"wp:featuredmedia":[{"embeddable":true,"href":"https:\/\/entrenotasyacordes.com\/index.php?rest_route=\/wp\/v2\/media\/14006"}],"wp:attachment":[{"href":"https:\/\/entrenotasyacordes.com\/index.php?rest_route=%2Fwp%2Fv2%2Fmedia&parent=14004"}],"wp:term":[{"taxonomy":"category","embeddable":true,"href":"https:\/\/entrenotasyacordes.com\/index.php?rest_route=%2Fwp%2Fv2%2Fcategories&post=14004"},{"taxonomy":"post_tag","embeddable":true,"href":"https:\/\/entrenotasyacordes.com\/index.php?rest_route=%2Fwp%2Fv2%2Ftags&post=14004"}],"curies":[{"name":"wp","href":"https:\/\/api.w.org\/{rel}","templated":true}]}}