{"id":14013,"date":"2025-02-18T19:42:15","date_gmt":"2025-02-18T19:42:15","guid":{"rendered":"https:\/\/entrenotasyacordes.com\/?p=14013"},"modified":"2025-12-08T14:55:27","modified_gmt":"2025-12-08T14:55:27","slug":"%c2%a8cupido%c2%a8-el-nuevo-single-de-marki","status":"publish","type":"post","link":"https:\/\/entrenotasyacordes.com\/?p=14013","title":{"rendered":"\u00a8CUPIDO\u00a8 el nuevo single de Marki"},"content":{"rendered":"\n<!--more-->\n\n\n\n<figure class=\"wp-block-image size-full\"><img loading=\"lazy\" decoding=\"async\" width=\"2000\" height=\"2000\" src=\"https:\/\/entrenotasyacordes.com\/wp-content\/uploads\/2025\/02\/16c.jpeg\" alt=\"\" class=\"wp-image-14014\" srcset=\"https:\/\/entrenotasyacordes.com\/wp-content\/uploads\/2025\/02\/16c.jpeg 2000w, https:\/\/entrenotasyacordes.com\/wp-content\/uploads\/2025\/02\/16c-300x300.jpeg 300w, https:\/\/entrenotasyacordes.com\/wp-content\/uploads\/2025\/02\/16c-1024x1024.jpeg 1024w, https:\/\/entrenotasyacordes.com\/wp-content\/uploads\/2025\/02\/16c-150x150.jpeg 150w, https:\/\/entrenotasyacordes.com\/wp-content\/uploads\/2025\/02\/16c-768x768.jpeg 768w, https:\/\/entrenotasyacordes.com\/wp-content\/uploads\/2025\/02\/16c-1536x1536.jpeg 1536w, https:\/\/entrenotasyacordes.com\/wp-content\/uploads\/2025\/02\/16c-50x50.jpeg 50w\" sizes=\"auto, (max-width: 2000px) 100vw, 2000px\" \/><\/figure>\n\n\n\n<p><strong>CUPIDO\u00a0<\/strong>es\u00a0<strong>el nuevo single de Mark<\/strong>i, un afrobeat moderno mezclado con reggaeton r\u00e1pido. Es una canci\u00f3n de desamor para este 14 de febrero, d\u00eda de los enamorados. Este track es el segundo adelanto del nuevo \u00e1lbum de Marki que ver\u00e1 la luz a mediados de este 2025. Producido por Analog, este tema transmite rebeld\u00eda y frescura para gozarse una noche de pariseo para olvidar penas.<\/p>\n\n\n\n<p><strong>Acerca de Marki<\/strong><br>Nacido en Buenos Aires (1996), en el barrio de Once y criado en Floresta, se lanza a la escena musical a mediados de 2020, el m\u00fasico se catapult\u00f3 al reconocimiento durante la pandemia con \u00e9xitos virales como \u00abMusikita del Cielo\u00bb con Axel Fiks, \u00abArriba de M\u00ed\u00bb y \u201cParque Avellaneda\u201d. Estos primeros sencillos, que acumularon varias reproducciones, evidenciaron una capacidad innata para conectar con el p\u00fablico. Paralelamente, su rol como vocalista de la banda Terapia , conocida por tracks como \u00abTe Sigo Perdiendo\u00bb y \u00abWasap\u00bb, solidific\u00f3 su reputaci\u00f3n como un artista vers\u00e1til y comprometido. En 2022, Marki se present\u00f3 en festivales como Quilmes Rock, Harlem y Cosqu\u00edn, y en la sala de Niceto Club Lado A en 2023. En 2024 Marki lanza su primer \u00e1lbum de estudio \u2018Yass\u2019\u00a0 una expresi\u00f3n cruda y aut\u00e9ntica del alma del cantante que se atreve a transitar por los rincones m\u00e1s profundos de sus emociones y plasmarlas en su m\u00fasica, con un sonido que desaf\u00eda las convenciones donde destacan canciones como \u2018Hat Trick\u2019 y \u2018Nefertiti\u2019.<\/p>\n\n\n\n<p>Para este 2025 Marki tiene planeado un nuevo \u00e1lbum de estudio y algunas colaboraciones con artistas como Sof\u00eda Mora y Milkshake entre otros<\/p>\n\n\n<div class=\"wp-block-image\">\n<figure class=\"aligncenter size-full\"><img loading=\"lazy\" decoding=\"async\" width=\"1707\" height=\"2560\" src=\"https:\/\/entrenotasyacordes.com\/wp-content\/uploads\/2025\/02\/16cc-scaled.jpg\" alt=\"\" class=\"wp-image-14015\" srcset=\"https:\/\/entrenotasyacordes.com\/wp-content\/uploads\/2025\/02\/16cc-scaled.jpg 1707w, https:\/\/entrenotasyacordes.com\/wp-content\/uploads\/2025\/02\/16cc-200x300.jpg 200w, https:\/\/entrenotasyacordes.com\/wp-content\/uploads\/2025\/02\/16cc-683x1024.jpg 683w, https:\/\/entrenotasyacordes.com\/wp-content\/uploads\/2025\/02\/16cc-768x1152.jpg 768w, https:\/\/entrenotasyacordes.com\/wp-content\/uploads\/2025\/02\/16cc-1024x1536.jpg 1024w, https:\/\/entrenotasyacordes.com\/wp-content\/uploads\/2025\/02\/16cc-1365x2048.jpg 1365w\" sizes=\"auto, (max-width: 1707px) 100vw, 1707px\" \/><\/figure>\n<\/div>\n\n\n<p><\/p>\n","protected":false},"excerpt":{"rendered":"","protected":false},"author":5,"featured_media":14014,"comment_status":"closed","ping_status":"open","sticky":false,"template":"","format":"standard","meta":{"om_disable_all_campaigns":false,"_uf_show_specific_survey":0,"_uf_disable_surveys":false,"footnotes":""},"categories":[4],"tags":[],"class_list":["post-14013","post","type-post","status-publish","format-standard","has-post-thumbnail","hentry","category-musica"],"_links":{"self":[{"href":"https:\/\/entrenotasyacordes.com\/index.php?rest_route=\/wp\/v2\/posts\/14013","targetHints":{"allow":["GET"]}}],"collection":[{"href":"https:\/\/entrenotasyacordes.com\/index.php?rest_route=\/wp\/v2\/posts"}],"about":[{"href":"https:\/\/entrenotasyacordes.com\/index.php?rest_route=\/wp\/v2\/types\/post"}],"author":[{"embeddable":true,"href":"https:\/\/entrenotasyacordes.com\/index.php?rest_route=\/wp\/v2\/users\/5"}],"replies":[{"embeddable":true,"href":"https:\/\/entrenotasyacordes.com\/index.php?rest_route=%2Fwp%2Fv2%2Fcomments&post=14013"}],"version-history":[{"count":1,"href":"https:\/\/entrenotasyacordes.com\/index.php?rest_route=\/wp\/v2\/posts\/14013\/revisions"}],"predecessor-version":[{"id":14016,"href":"https:\/\/entrenotasyacordes.com\/index.php?rest_route=\/wp\/v2\/posts\/14013\/revisions\/14016"}],"wp:featuredmedia":[{"embeddable":true,"href":"https:\/\/entrenotasyacordes.com\/index.php?rest_route=\/wp\/v2\/media\/14014"}],"wp:attachment":[{"href":"https:\/\/entrenotasyacordes.com\/index.php?rest_route=%2Fwp%2Fv2%2Fmedia&parent=14013"}],"wp:term":[{"taxonomy":"category","embeddable":true,"href":"https:\/\/entrenotasyacordes.com\/index.php?rest_route=%2Fwp%2Fv2%2Fcategories&post=14013"},{"taxonomy":"post_tag","embeddable":true,"href":"https:\/\/entrenotasyacordes.com\/index.php?rest_route=%2Fwp%2Fv2%2Ftags&post=14013"}],"curies":[{"name":"wp","href":"https:\/\/api.w.org\/{rel}","templated":true}]}}