{"id":14017,"date":"2025-02-18T19:49:27","date_gmt":"2025-02-18T19:49:27","guid":{"rendered":"https:\/\/entrenotasyacordes.com\/?p=14017"},"modified":"2025-02-18T19:49:29","modified_gmt":"2025-02-18T19:49:29","slug":"axel-anuncia-su-show-en-el-gran-rex-10-de-abril","status":"publish","type":"post","link":"https:\/\/entrenotasyacordes.com\/?p=14017","title":{"rendered":"AXEL Anuncia su show en el GRAN REX | 10 de Abril"},"content":{"rendered":"\n<!--more-->\n\n\n\n<p class=\"has-text-align-center\"><strong><em>Tras sus presentaciones en el Teatro \u00d3pera en noviembre pasado y mientras contin\u00faa su gira por todo el pa\u00eds, el cantante confirma una nueva fecha en CABA, el 10 de abril. Con un espect\u00e1culo totalmente renovado y lo mejor de su repertorio, celebra 25 a\u00f1os de trayectoria musical.<\/em><\/strong><\/p>\n\n\n\n<p class=\"has-text-align-center\"><strong><em>JUEVES 10 DE ABRIL \u2013 TEATRO GRAN REX<br><\/em><\/strong><em>Preventa Santander American Express a partir del lunes 17\/2 a las 12 hs, por 48 hs o hasta agotar stock. Venta general a partir del mi\u00e9rcoles 19\/2 o una vez agotada la preventa.<br>Entradas disponibles \u00fanicamente en<\/em><strong><em>\u00a0<\/em><\/strong><em><a href=\"https:\/\/tuentrada.com\/\">TuEntrada.com<\/a><\/em><\/p>\n\n\n\n<figure class=\"wp-block-image size-large\"><img loading=\"lazy\" decoding=\"async\" width=\"819\" height=\"1024\" src=\"https:\/\/entrenotasyacordes.com\/wp-content\/uploads\/2025\/02\/16ccc-819x1024.jpg\" alt=\"\" class=\"wp-image-14018\" srcset=\"https:\/\/entrenotasyacordes.com\/wp-content\/uploads\/2025\/02\/16ccc-819x1024.jpg 819w, https:\/\/entrenotasyacordes.com\/wp-content\/uploads\/2025\/02\/16ccc-240x300.jpg 240w, https:\/\/entrenotasyacordes.com\/wp-content\/uploads\/2025\/02\/16ccc-768x960.jpg 768w, https:\/\/entrenotasyacordes.com\/wp-content\/uploads\/2025\/02\/16ccc-1229x1536.jpg 1229w, https:\/\/entrenotasyacordes.com\/wp-content\/uploads\/2025\/02\/16ccc-1024x1280.jpg 1024w, https:\/\/entrenotasyacordes.com\/wp-content\/uploads\/2025\/02\/16ccc.jpg 1280w\" sizes=\"auto, (max-width: 819px) 100vw, 819px\" \/><\/figure>\n\n\n\n<p>Tras dos conciertos en el Teatro \u00d3pera el pasado mes de noviembre y mientras contin\u00faa con su gira nacional,&nbsp;<strong>Axel&nbsp;<\/strong>confirma una nueva fecha en Buenos Aires con producci\u00f3n de F\u00e9nix Entertainment. Ser\u00e1 el&nbsp;<strong>jueves 10 de abril en el Teatro Gran Rex.&nbsp;<\/strong>La Preventa Santander American Express estar\u00e1 disponible a partir del lunes 17\/2 a las 12 hs, por 48 hs o hasta agotar stock. La venta general comenzar\u00e1 el mi\u00e9rcoles 19\/2 o una vez agotada la preventa.&nbsp; Entradas \u00fanicamente en&nbsp;<a href=\"https:\/\/tuentrada.com\/\">TuEntrada.com<\/a>.<strong>&nbsp;<\/strong><\/p>\n\n\n\n<p>Este concierto forma parte de su \u201c25 Tour\u201d, con el que celebra&nbsp;<strong>25 a\u00f1os de trayectoria musical&nbsp;<\/strong>y presenta de manera oficial su reciente \u00e1lbum \u201cVuelve\u201d. La gira comenz\u00f3 el a\u00f1o pasado con shows en Buenos Aires, C\u00f3rdoba y Rosario y contin\u00faa con una segunda etapa a partir de este mes para recorrer todo el pa\u00eds a lo largo del a\u00f1o. Ya est\u00e1n a la venta los shows de Mar del Plata, Chaco, Corrientes, La Plata, Formosa, Misiones, Santa Fe, Jujuy, Salta, Mendoza, San Juan entre otras, incluyendo Chile a principios de abril.&nbsp;<\/p>\n\n\n\n<p>En estas presentaciones,<strong>&nbsp;Axel<\/strong>&nbsp;sorprende con un concierto totalmente nuevo, donde el impacto sonoro y visual sumergen al p\u00fablico en un viaje \u00fanico. Con producci\u00f3n musical de Maxi Esp\u00edndola (MYA), el repertorio es una selecci\u00f3n de las mejores canciones de sus 9 discos, por eso est\u00e1 plagado de cl\u00e1sicos esta vez en versiones totalmente renovadas. La puesta en escena, a cargo del equipo de Asalto (Mar\u00eda Becerra), supo plasmar la esencia del artista sobre el escenario, con una escenograf\u00eda que resalta la naturaleza y revive las estaciones del a\u00f1o en concordancia con el recorrido musical del concierto. Este equipo creativo estuvo a cargo tambi\u00e9n de la direcci\u00f3n de los videos de \u201cEl motivo\u201d y \u201cVuelve\u201d, singles del reciente disco.<\/p>\n\n\n\n<p>&nbsp;\u201cAmo\u201d, \u201cMiradas\u201d, \u201cTodo mi mundo\u201d, \u201cTe voy a amar\u201d, \u201cTu amor por Siempre\u201d, \u201cCelebra la vida\u201d y hasta las canciones m\u00e1s recientes de su nuevo material est\u00e1n presentes en un concierto que es un verdadero viaje emocional y la oportunidad para reencontrarse con el p\u00fablico de cada lugar y festejar juntos el camino transitado.<\/p>\n\n\n\n<p class=\"has-text-align-center\"><strong>\u00a0\u201c25 TOUR\u201d\u00a0<\/strong>|\u00a0<strong>PR\u00d3XIMOS SHOWS<\/strong><br><strong><s>Villa Dolores, C\u00f3rdoba \u2013\u00a0<\/s><\/strong><s>8\/2 Villa Dolores Fest<\/s><strong><br>Comodoro Rivadavia, Chubut \u2013\u00a0<\/strong>23\/2 Fiesta Aniversario de Comodoro Rivadavia<br><strong>Mar del Plata<\/strong>\u00a0\u2013 1\/3 Teatro Radio City<strong><br>Chaco\u00a0<\/strong>\u2013 7\/3 Hotel Gala &amp; Convenciones<br><strong>Corrientes\u00a0<\/strong>\u2013 8\/3 Club Regatas<br><strong>La Plata<\/strong>\u00a0\u2013 28\/3 Teatro Coliseo Podest\u00e1<br><strong>Chile<\/strong>\u00a0\u2013 4\/4 Gran Arena Monticello<br><strong>C.A.B.A<\/strong>\u00a0\u2013 10\/4 Teatro Gran Rex<br><strong>Jun\u00edn<\/strong>\u00a0&#8211; 11\/4 Cine-Teatro San Carlos<br><strong>Formosa<\/strong>\u00a0&#8211; 25\/4 Club San Mart\u00edn<br><strong>Misiones\u00a0<\/strong>&#8211; 26\/4 Polideportivo Santa Mar\u00eda<br><strong>Santa Fe\u00a0<\/strong>\u2013 9\/5 Centro Cultural Santa Fe<br><strong>Tucum\u00e1n<\/strong>\u00a0\u2013 14\/5 Teatro Mercedes Sosa<br><strong>Jujuy<\/strong>\u00a0\u2013 16\/5 Estadio Ol\u00edmpico Palpala<br><strong>Salta\u00a0<\/strong>\u2013 17\/5 Teatro Provincial Carlos Saravia<br><strong>Bah\u00eda Blanca\u00a0<\/strong>\u2013 25\/5 Teatro Don Bosco<br><strong>Neuqu\u00e9n<\/strong>\u00a0\u2013 24\/5 Mood Live<br><strong>Mendoza<\/strong>\u00a0\u2013 30\/5 Arena Maip\u00fa Teatro<br><strong>San Juan<\/strong>\u00a0\u2013 31\/5 Teatro Sarmiento<\/p>\n","protected":false},"excerpt":{"rendered":"","protected":false},"author":5,"featured_media":14018,"comment_status":"open","ping_status":"open","sticky":false,"template":"","format":"standard","meta":{"om_disable_all_campaigns":false,"_uf_show_specific_survey":0,"_uf_disable_surveys":false,"footnotes":""},"categories":[36],"tags":[],"class_list":["post-14017","post","type-post","status-publish","format-standard","has-post-thumbnail","hentry","category-conciertos"],"_links":{"self":[{"href":"https:\/\/entrenotasyacordes.com\/index.php?rest_route=\/wp\/v2\/posts\/14017","targetHints":{"allow":["GET"]}}],"collection":[{"href":"https:\/\/entrenotasyacordes.com\/index.php?rest_route=\/wp\/v2\/posts"}],"about":[{"href":"https:\/\/entrenotasyacordes.com\/index.php?rest_route=\/wp\/v2\/types\/post"}],"author":[{"embeddable":true,"href":"https:\/\/entrenotasyacordes.com\/index.php?rest_route=\/wp\/v2\/users\/5"}],"replies":[{"embeddable":true,"href":"https:\/\/entrenotasyacordes.com\/index.php?rest_route=%2Fwp%2Fv2%2Fcomments&post=14017"}],"version-history":[{"count":1,"href":"https:\/\/entrenotasyacordes.com\/index.php?rest_route=\/wp\/v2\/posts\/14017\/revisions"}],"predecessor-version":[{"id":14019,"href":"https:\/\/entrenotasyacordes.com\/index.php?rest_route=\/wp\/v2\/posts\/14017\/revisions\/14019"}],"wp:featuredmedia":[{"embeddable":true,"href":"https:\/\/entrenotasyacordes.com\/index.php?rest_route=\/wp\/v2\/media\/14018"}],"wp:attachment":[{"href":"https:\/\/entrenotasyacordes.com\/index.php?rest_route=%2Fwp%2Fv2%2Fmedia&parent=14017"}],"wp:term":[{"taxonomy":"category","embeddable":true,"href":"https:\/\/entrenotasyacordes.com\/index.php?rest_route=%2Fwp%2Fv2%2Fcategories&post=14017"},{"taxonomy":"post_tag","embeddable":true,"href":"https:\/\/entrenotasyacordes.com\/index.php?rest_route=%2Fwp%2Fv2%2Ftags&post=14017"}],"curies":[{"name":"wp","href":"https:\/\/api.w.org\/{rel}","templated":true}]}}